{"id":16967,"date":"2016-06-20T23:40:12","date_gmt":"2016-06-21T04:40:12","guid":{"rendered":"https:\/\/radiozapatista.org\/?p=16967"},"modified":"2016-06-20T23:41:07","modified_gmt":"2016-06-21T04:41:07","slug":"asi-estamos-consternados-rabiosos-un-dia-despues-de-nochixtlan-la-movilizacion-magisterial-sigue","status":"publish","type":"post","link":"https:\/\/radiozapatista.org\/?p=16967","title":{"rendered":"[:es]\u201cAs\u00ed estamos, consternados, rabiosos\u201d. Un d\u00eda despu\u00e9s de Nochixtl\u00e1n, la movilizaci\u00f3n magisterial sigue[:]"},"content":{"rendered":"<p>[:es]<\/p>\n<p style=\"text-align: center;\"><img loading=\"lazy\" decoding=\"async\" class=\"alignnone\" src=\"http:\/\/i0.wp.com\/www.pozol.org\/wp-content\/uploads\/2016\/06\/des-1.jpg?fit=660%2C330\" alt=\"\" width=\"494\" height=\"330\" \/><\/p>\n<p>Tuxtla Guti\u00e9rrez, Chiapas. 20 de junio. Como parte de las actividades de protesta del movimiento magisterial contra la imposici\u00f3n de la \u201creforma educativa\u201d, y luego de los eventos registrados el d\u00eda de ayer en Oaxaca donde oficialmente se reportan 6 muertos, decenas de heridos y desaparecidos; docentes de la Coordinadora Nacional de Trabajadores de la Educaci\u00f3n (CNTE), bloquearon tres puntos de la capital chiapaneca: la central de abastos en la entrada oriente, Pemex en el lado poniente y el crucero de la Normal Rural Mactumactz\u00e1 con el libramiento norte.<\/p>\n<p><!--more--><\/p>\n<p style=\"text-align: center;\"><img loading=\"lazy\" decoding=\"async\" class=\"alignnone\" src=\"http:\/\/i2.wp.com\/www.pozol.org\/wp-content\/uploads\/2016\/06\/d-2.jpg?resize=300%2C200\" alt=\"\" width=\"300\" height=\"200\" \/><\/p>\n<p style=\"text-align: center;\"><img loading=\"lazy\" decoding=\"async\" class=\"alignnone\" src=\"http:\/\/i2.wp.com\/www.pozol.org\/wp-content\/uploads\/2016\/06\/d-2.jpg?resize=300%2C200\" alt=\"\" width=\"300\" height=\"200\" \/><\/p>\n<p style=\"text-align: center;\"><img loading=\"lazy\" decoding=\"async\" class=\"alignnone\" src=\"http:\/\/i1.wp.com\/www.pozol.org\/wp-content\/uploads\/2016\/06\/2-3.jpg?resize=300%2C200\" alt=\"\" width=\"300\" height=\"200\" \/><\/p>\n<p style=\"text-align: center;\"><img loading=\"lazy\" decoding=\"async\" class=\"alignnone\" src=\"http:\/\/i2.wp.com\/www.pozol.org\/wp-content\/uploads\/2016\/06\/12.jpg?resize=200%2C300\" alt=\"\" width=\"200\" height=\"300\" \/><\/p>\n<p>A pesar de la violencia estatal puesta de manifiesto en las represiones de ayer en Oaxaca y el descr\u00e9dito del gobierno ante la sociedad despu\u00e9s de sucesivas expresiones de violencia en contra de diversos sectores sociales; los elementos polic\u00edacos de forma burlona amagaron con accionar contra la manifestaci\u00f3n pac\u00edfica de docentes que se dieron cita en a la altura de la central de abastos de Tuxtla, como forma clara de provocaci\u00f3n hacia l@s maestr@s.<\/p>\n<p style=\"text-align: center;\"><img loading=\"lazy\" decoding=\"async\" class=\"alignnone\" src=\"http:\/\/i2.wp.com\/www.pozol.org\/wp-content\/uploads\/2016\/06\/1-4.jpg?resize=300%2C200\" alt=\"\" width=\"300\" height=\"200\" \/><\/p>\n<p style=\"text-align: center;\"><img loading=\"lazy\" decoding=\"async\" class=\"alignnone\" src=\"http:\/\/i1.wp.com\/www.pozol.org\/wp-content\/uploads\/2016\/06\/DSC_0024.jpg?resize=300%2C200\" alt=\"\" width=\"300\" height=\"200\" \/><\/p>\n<p style=\"text-align: center;\"><img loading=\"lazy\" decoding=\"async\" class=\"alignnone\" src=\"http:\/\/i2.wp.com\/www.pozol.org\/wp-content\/uploads\/2016\/06\/00-1.jpg?resize=300%2C200\" alt=\"\" width=\"300\" height=\"200\" \/><\/p>\n<p>Miradas de rabia y dolor por sus compa\u00f1eros oaxaque\u00f1os, gritos de apoyo \u201cOaxaca aguanta que Chiapas se levanta\u201d, record\u00e1ndoles que \u201cno est\u00e1n solos\u201d, mezclados con aplausos y palabras de agradecimiento a la gente que les daba palabras de aliento a su paso por la carretera bloqueada; agua y refrescos de cola acomodados sobre la carretera; rostros ocultos por pa\u00f1uelos para protegerse de una probable represi\u00f3n polic\u00edaca con gases lacrim\u00f3genos. Pero bajo esos colores y sonidos, un silencio: el recuerdo del d\u00eda anterior. Fue un largo d\u00eda bajo el sol, desde las 9 de la ma\u00f1ana hasta las seis de la tarde, resistiendo el calor y atentos por la presencia polic\u00edaca que representa en los hechos el \u00fanico m\u00e9todo de gobierno de una clase pol\u00edtica que no parece tener argumentos o intenciones para dar salida a este conflicto m\u00e1s que con la fuerza bruta, la indiferencia y la estrategia de simulaci\u00f3n medi\u00e1tica.<\/p>\n<p style=\"text-align: center;\"><img loading=\"lazy\" decoding=\"async\" class=\"alignnone\" src=\"http:\/\/i0.wp.com\/www.pozol.org\/wp-content\/uploads\/2016\/06\/5-1.jpg?resize=300%2C200\" alt=\"\" width=\"300\" height=\"200\" \/><\/p>\n<p style=\"text-align: center;\"><img loading=\"lazy\" decoding=\"async\" class=\"alignnone\" src=\"http:\/\/i2.wp.com\/www.pozol.org\/wp-content\/uploads\/2016\/06\/7.jpg?resize=300%2C200\" alt=\"\" width=\"300\" height=\"200\" \/><\/p>\n<p style=\"text-align: center;\"><img loading=\"lazy\" decoding=\"async\" class=\"alignnone\" src=\"http:\/\/i0.wp.com\/www.pozol.org\/wp-content\/uploads\/2016\/06\/6-2.jpg?resize=300%2C200\" alt=\"\" width=\"300\" height=\"200\" \/><\/p>\n<p style=\"text-align: center;\"><img loading=\"lazy\" decoding=\"async\" class=\"alignnone\" src=\"http:\/\/i2.wp.com\/www.pozol.org\/wp-content\/uploads\/2016\/06\/3-2.jpg?resize=300%2C200\" alt=\"\" width=\"300\" height=\"200\" \/><\/p>\n<p>No hay rostros, s\u00f3lo miradas que parecen hablar con las palabras del poeta \u201cclaro que con el tiempo la plomiza consternaci\u00f3n se nos ir\u00e1 pasando,<br \/>\nla rabia<br \/>\nquedar\u00e1\u2026\u201d<\/p>\n<p style=\"text-align: center;\"><img loading=\"lazy\" decoding=\"async\" class=\"alignnone\" src=\"http:\/\/i2.wp.com\/www.pozol.org\/wp-content\/uploads\/2016\/06\/11.jpg?resize=300%2C200\" alt=\"\" width=\"300\" height=\"200\" \/><\/p>\n<p>[:]<\/p>\n","protected":false},"excerpt":{"rendered":"<p>[:es] Tuxtla Guti\u00e9rrez, Chiapas. 20 de junio. Como parte de las actividades de protesta del movimiento magisterial contra la imposici\u00f3n de la \u201creforma educativa\u201d, y luego de los eventos registrados el d\u00eda de ayer en Oaxaca donde oficialmente se reportan 6 muertos, decenas de heridos y desaparecidos; docentes de la Coordinadora Nacional de Trabajadores de [&hellip;]<\/p>\n","protected":false},"author":1,"featured_media":0,"comment_status":"open","ping_status":"closed","sticky":false,"template":"","format":"standard","meta":{"footnotes":""},"categories":[6,183,196],"tags":[917,879,57,1007],"class_list":["post-16967","post","type-post","status-publish","format-standard","hentry","category-chiapas","category-blog","category-radio-pozol","tag-chiapas","tag-cnte","tag-educacion","tag-magisterio"],"_links":{"self":[{"href":"https:\/\/radiozapatista.org\/index.php?rest_route=\/wp\/v2\/posts\/16967","targetHints":{"allow":["GET"]}}],"collection":[{"href":"https:\/\/radiozapatista.org\/index.php?rest_route=\/wp\/v2\/posts"}],"about":[{"href":"https:\/\/radiozapatista.org\/index.php?rest_route=\/wp\/v2\/types\/post"}],"author":[{"embeddable":true,"href":"https:\/\/radiozapatista.org\/index.php?rest_route=\/wp\/v2\/users\/1"}],"replies":[{"embeddable":true,"href":"https:\/\/radiozapatista.org\/index.php?rest_route=%2Fwp%2Fv2%2Fcomments&post=16967"}],"version-history":[{"count":0,"href":"https:\/\/radiozapatista.org\/index.php?rest_route=\/wp\/v2\/posts\/16967\/revisions"}],"wp:attachment":[{"href":"https:\/\/radiozapatista.org\/index.php?rest_route=%2Fwp%2Fv2%2Fmedia&parent=16967"}],"wp:term":[{"taxonomy":"category","embeddable":true,"href":"https:\/\/radiozapatista.org\/index.php?rest_route=%2Fwp%2Fv2%2Fcategories&post=16967"},{"taxonomy":"post_tag","embeddable":true,"href":"https:\/\/radiozapatista.org\/index.php?rest_route=%2Fwp%2Fv2%2Ftags&post=16967"}],"curies":[{"name":"wp","href":"https:\/\/api.w.org\/{rel}","templated":true}]}}