{"id":16714,"date":"2016-05-17T12:03:59","date_gmt":"2016-05-17T17:03:59","guid":{"rendered":"https:\/\/radiozapatista.org\/?p=16714"},"modified":"2016-05-17T12:05:39","modified_gmt":"2016-05-17T17:05:39","slug":"16714","status":"publish","type":"post","link":"https:\/\/radiozapatista.org\/?p=16714","title":{"rendered":"Organizaciones denuncian represi\u00f3n a la autonom\u00eda"},"content":{"rendered":"<p>A Los y las adherentes del Ejido San Sebasti\u00e1n Bachaj\u00f3n<br \/>\nA los y las adherentes de San Isidro los Laureles<br \/>\nA las Juntas de Buen Gobierno y el EZLN<br \/>\nA la Sexta Nacional e Internacional<br \/>\nAl Congreso Nacional Ind\u00edgena<br \/>\nA los medios libres, alternativos o como se llamen<br \/>\nA quien tenga un coraz\u00f3n que late abajo y a la izquierda.<\/p>\n<p><em>Chiapas, 14.05.216<\/em><\/p>\n<p>Desde nuestras trincheras de lucha, nosotrxs que conformamos El Espacio de Lucha Contra el Olvido y la Represi\u00f3n (ELCOR) y El Grupo de Trabajo No Estamos Todxs, denunciamos p\u00fablicamente al Estado Mexicano corrupto y asesino, por la ola de represi\u00f3n con la que atenta contra la autonom\u00eda y la vida de los pueblos organizados en resistencia.<\/p>\n<p>El mal gobierno, marioneta pol\u00edtica del proyecto neoliberal, enajenado en sus tres niveles, no cesa en su intento de destruir todas aquellas semillas de rebeld\u00eda que florecen a lo largo y ancho del territorio mexicano, hostigando, atacando, destruyendo, asesinando, encarcelando y despojando a los pueblos organizados y en resistencia del Congreso Nacional Ind\u00edgena, quienes luchan por defender el territorio, la madre tierra y a la vida misma. Los \u00faltimos d\u00edas hemos sido testigos nuevamente de la vor\u00e1gine de violencia con la que el mal gobierno se ensa\u00f1a impunemente contra los y las compa\u00f1erxs del Ejido de San Sebasti\u00e1n Bachaj\u00f3n, contra la Comunidad de San Isidro los Laureles y contra la comunidad e Cruzt\u00f3n municipio de Venustiano Carranza.<\/p>\n<p>El pasado 8 de mayo, el paramilitar Carlos Jim\u00e9nez G\u00f3mes, junto con sus dos hijos polic\u00edas estatales, atacaron e hirieron de gravedad al compa\u00f1ero Esteban Jim\u00e9nez G\u00f3mez y a su familia del Ejido de San Sebasti\u00e1n Bachaj\u00f3n,\u00a0\u00a0adherentes a la Sexta Declaraci\u00f3n de la Selva Lacandona,\u00a0\u00a0los compa\u00f1erxs\u00a0\u00a0se encuentran defendiendo su tierra y territorio de los proyectos de muerte del mal gobierno, como es el\u00a0Centro Integralmente Planificado Palenque, proyecto que pretende despojar a las comunidades de sus tierras para\u00a0\u00a0hacer un desarrollo tur\u00edstico.<\/p>\n<p>En las tierras recuperadas desde el 20 de diciembre del 2015 por nuestrxs compa\u00f1erxs de la comunidad de San Isidro los Laureles, municipio de Venustiano Carranza, integrantes del Congreso Nacional Ind\u00edgena y del espacio de lucha de Semilla Digna, ya crece la milpa y la vida, ya se est\u00e1n por cosechar los frutos de la autonom\u00eda y la organizaci\u00f3n rompiendo con la esclavitud que deja la ca\u00f1a. Exigimos justicia para nuestrxs compa\u00f1erxs que fueron desalojadxs violentamente de sus tierras el 12 de mayo por un grupo de guardias blancas liderados por Francisco Ruiz, Rodrigo Ruiz y Octovin Albores.<\/p>\n<p>En la comunidad de Cruzt\u00f3n, Municipio de Venustiano Carranza, integrantes del espacio de lucha de Semilla Digna y el Congreso Nacional Ind\u00edgena, fue retenido y torturado un compa\u00f1ero de la organizaci\u00f3n por el grupo Nuevo Guadalupe Victoria de la comunidad vecina de Guadalupe Victoria, esta nueva ola de agresiones contra Cruzt\u00f3n dio inicio el 21 de marzo pasado cuando dicho grupo les cerr\u00f3 el paso a su pante\u00f3n, lugar sagrado para lxs compa\u00f1erxs. Desde el a\u00f1o 2007 lxs compa\u00f1erxs de Cruzton se organizaron para defender su tierra y con ello emprender la lucha por el cuidado de la madre tierra.<\/p>\n<p>Nos pronunciamos tambi\u00e9n por Tila, Acteal y las comunidades que conforman Semilla Digna, adherentes a la sexta declaraci\u00f3n de la Selva Lacandona e integrantes del CNI y les expresamos nuestra solidaridad con sus luchas y sus procesos organizativos.<\/p>\n<p><!--more--><\/p>\n<p>El digno caminar de los pueblos organizados desde abajo, que resisten en todo el territorio mexicano, son una amenaza para el proyecto de muerte y despojo que el mal gobierno intenta imponer a trav\u00e9s de sus perros t\u00edteres paramilitares, polic\u00edas, militares, guardias blancas con los que trata de terminar con los procesos organizativos de las comunidades. Condenamos todas las acciones realizadas por el gobierno represor y asesino contra la soberan\u00eda de todos los pueblos y comunidades que resisten y se organizan en M\u00e9xico y en el mundo. Sabemos que \u201c<em>cuando los de abajo se mueven los de arriba se caen\u201d<\/em>. Abrazamos a las comunidades del Congreso Nacional Ind\u00edgena y a los pueblos organizados en todo el mundo. Compa\u00f1erxs, no est\u00e1n solxs, caminamos con ustedes, si nos tocan a unx nos tocan a todxs.<\/p>\n<p style=\"text-align: center;\"><strong>Alto al hostigamiento en contra de los pueblos organizados del CNI<\/strong><\/p>\n<p style=\"text-align: center;\">Grupo de trabajo No Estamos Todxs<br \/>\nEspacio de Lucha Contra el Olvido y la Represi\u00f3n ELCOR<br \/>\nDe la Red contra la Represi\u00f3n y por la Solidaridad<\/p>\n<p><\/p>","protected":false},"excerpt":{"rendered":"<p>A Los y las adherentes del Ejido San Sebasti\u00e1n Bachaj\u00f3n A los y las adherentes de San Isidro los Laureles A las Juntas de Buen Gobierno y el EZLN A la Sexta Nacional e Internacional Al Congreso Nacional Ind\u00edgena A los medios libres, alternativos o como se llamen A quien tenga un coraz\u00f3n que late [&hellip;]<\/p>\n","protected":false},"author":1,"featured_media":0,"comment_status":"open","ping_status":"closed","sticky":false,"template":"","format":"standard","meta":{"footnotes":""},"categories":[6,1024,956,183],"tags":[100,61,917,63,127,84,636,567,531,87,968,654],"class_list":["post-16714","post","type-post","status-publish","format-standard","hentry","category-chiapas","category-cni-temas","category-sexta","category-blog","tag-acteal","tag-bachajon","tag-chiapas","tag-cni","tag-cruzton","tag-desalojo","tag-la-sexta","tag-megaproyectos","tag-policia","tag-represion","tag-san-isidro-los-laureles","tag-semilla-digna"],"_links":{"self":[{"href":"https:\/\/radiozapatista.org\/index.php?rest_route=\/wp\/v2\/posts\/16714","targetHints":{"allow":["GET"]}}],"collection":[{"href":"https:\/\/radiozapatista.org\/index.php?rest_route=\/wp\/v2\/posts"}],"about":[{"href":"https:\/\/radiozapatista.org\/index.php?rest_route=\/wp\/v2\/types\/post"}],"author":[{"embeddable":true,"href":"https:\/\/radiozapatista.org\/index.php?rest_route=\/wp\/v2\/users\/1"}],"replies":[{"embeddable":true,"href":"https:\/\/radiozapatista.org\/index.php?rest_route=%2Fwp%2Fv2%2Fcomments&post=16714"}],"version-history":[{"count":0,"href":"https:\/\/radiozapatista.org\/index.php?rest_route=\/wp\/v2\/posts\/16714\/revisions"}],"wp:attachment":[{"href":"https:\/\/radiozapatista.org\/index.php?rest_route=%2Fwp%2Fv2%2Fmedia&parent=16714"}],"wp:term":[{"taxonomy":"category","embeddable":true,"href":"https:\/\/radiozapatista.org\/index.php?rest_route=%2Fwp%2Fv2%2Fcategories&post=16714"},{"taxonomy":"post_tag","embeddable":true,"href":"https:\/\/radiozapatista.org\/index.php?rest_route=%2Fwp%2Fv2%2Ftags&post=16714"}],"curies":[{"name":"wp","href":"https:\/\/api.w.org\/{rel}","templated":true}]}}