{"id":16671,"date":"2016-05-13T14:17:40","date_gmt":"2016-05-13T19:17:40","guid":{"rendered":"https:\/\/radiozapatista.org\/?p=16671"},"modified":"2016-05-13T14:21:58","modified_gmt":"2016-05-13T19:21:58","slug":"16671","status":"publish","type":"post","link":"https:\/\/radiozapatista.org\/?p=16671","title":{"rendered":"[:es]Presos injustamente relatan detenci\u00f3n arbitraria y tortura[:]"},"content":{"rendered":"<p>[:es]Margarita G\u00f3mez L\u00f3pez y David Hern\u00e1ndez G\u00f3mez relatan la historia de su detenci\u00f3n arbitraria y tortura, pidiendo su libertad porque est\u00e1n injustamente en la c\u00e1rcel.<\/p>\n<p>&#8220;El 28 de abril de 2016 en la apelaci\u00f3n me ratificaron la sentencia a 8 a\u00f1os de c\u00e1rcel, ahorita estoy en el CERSS 05 en San Crist\u00f3bal de las Casas. Quiero decir que me sentenciaron por un delito que no debo y que no tengo por qu\u00e9 pagar esto.&#8221;<\/p>\n<p>Abajo, el texto completo.<\/p>\n<p>Fuente: <a href=\"http:\/\/chiapasdenuncia.blogspot.mx\/2016\/05\/maragarita-y-david-piden-su-libertad.html\" target=\"_blank\">http:\/\/chiapasdenuncia.blogspot.mx\/2016\/05\/maragarita-y-david-piden-su-libertad.html<\/a><\/p>\n<p><!--more--><\/p>\n<hr \/>\n<p>A 12 de mayo de 2016<\/p>\n<p>A la opini\u00f3n p\u00fablica<br \/>\nA los medios de comunicaci\u00f3n<br \/>\nA los Centros de Derechos Humanos Independientes<\/p>\n<p>Estaba en mi casa el 23 de abril, como a las 8 de la noche, cuando estaba con mis hijos y mi esposa, llegan los polic\u00edas avisando que yo fuera a ver un difunto que lo hab\u00edan levantado, que fuera a reconocer sino es mi familia, entonces fui con los polic\u00edas y al llegar al lugar vi que era mi hermano Juan P\u00e9rez G\u00f3mez, estaba muerto.<\/p>\n<p>Entonces al siguiente d\u00eda el 24 de abril, me culparon las autoridades de la muerte de mi hermano, a puro golpe, y de all\u00ed me llevaron a la segunda planta de la oficina del Ministerio P\u00fablico de Teopisca, y all\u00ed me siguieron golpeando. Lo que quer\u00edan los polic\u00edas es que me culpara a puro golpe. Como no quer\u00eda aceptar entonces me dice el polic\u00eda, vamos a ir por tu esposa y ya vamos a pasar los cuatro con ella, o sea que la iban a violar entre los 4 polic\u00edas.<\/p>\n<p>Despu\u00e9s de los golpes y para que no le hicieran da\u00f1o a mi esposa Margarita G\u00f3mez L\u00f3pez, acept\u00e9 un delito que nunca comet\u00ed, as\u00ed fue que nos llevaron a la c\u00e1rcel, yo David Hern\u00e1ndez G\u00f3mez y Margarita G\u00f3mez L\u00f3pez.<\/p>\n<p>El 28 de abril de 2016 en la apelaci\u00f3n me ratificaron la sentencia a 8 a\u00f1os de c\u00e1rcel, ahorita estoy en el CERSS 05 en San Crist\u00f3bal de las Casas. Quiero decir que me sentenciaron por un delito que no debo y que no tengo por qu\u00e9 pagar esto.<\/p>\n<p>Pido que me den mi libertad porque estoy injustamente en la c\u00e1rcel y porque mis hijos quedaron sufriendo por culpa de las autoridades y no se vale que ellos paguen las consecuencias. Porque mis hijos quedaron en la calle, viviendo y durmiendo debajo de los carros y camiones.<\/p>\n<p>Atentamente,<\/p>\n<p>David Hern\u00e1ndez G\u00f3mez<br \/>\nMargarita G\u00f3mez L\u00f3pez[:]<\/p>\n","protected":false},"excerpt":{"rendered":"<p>[:es]Margarita G\u00f3mez L\u00f3pez y David Hern\u00e1ndez G\u00f3mez relatan la historia de su detenci\u00f3n arbitraria y tortura, pidiendo su libertad porque est\u00e1n injustamente en la c\u00e1rcel. &#8220;El 28 de abril de 2016 en la apelaci\u00f3n me ratificaron la sentencia a 8 a\u00f1os de c\u00e1rcel, ahorita estoy en el CERSS 05 en San Crist\u00f3bal de las Casas. [&hellip;]<\/p>\n","protected":false},"author":1,"featured_media":0,"comment_status":"open","ping_status":"closed","sticky":false,"template":"","format":"standard","meta":{"footnotes":""},"categories":[6,55,183],"tags":[531,948,187],"class_list":["post-16671","post","type-post","status-publish","format-standard","hentry","category-chiapas","category-frayba","category-blog","tag-policia","tag-presos","tag-tortura"],"_links":{"self":[{"href":"https:\/\/radiozapatista.org\/index.php?rest_route=\/wp\/v2\/posts\/16671","targetHints":{"allow":["GET"]}}],"collection":[{"href":"https:\/\/radiozapatista.org\/index.php?rest_route=\/wp\/v2\/posts"}],"about":[{"href":"https:\/\/radiozapatista.org\/index.php?rest_route=\/wp\/v2\/types\/post"}],"author":[{"embeddable":true,"href":"https:\/\/radiozapatista.org\/index.php?rest_route=\/wp\/v2\/users\/1"}],"replies":[{"embeddable":true,"href":"https:\/\/radiozapatista.org\/index.php?rest_route=%2Fwp%2Fv2%2Fcomments&post=16671"}],"version-history":[{"count":0,"href":"https:\/\/radiozapatista.org\/index.php?rest_route=\/wp\/v2\/posts\/16671\/revisions"}],"wp:attachment":[{"href":"https:\/\/radiozapatista.org\/index.php?rest_route=%2Fwp%2Fv2%2Fmedia&parent=16671"}],"wp:term":[{"taxonomy":"category","embeddable":true,"href":"https:\/\/radiozapatista.org\/index.php?rest_route=%2Fwp%2Fv2%2Fcategories&post=16671"},{"taxonomy":"post_tag","embeddable":true,"href":"https:\/\/radiozapatista.org\/index.php?rest_route=%2Fwp%2Fv2%2Ftags&post=16671"}],"curies":[{"name":"wp","href":"https:\/\/api.w.org\/{rel}","templated":true}]}}