{"id":16495,"date":"2016-04-17T12:30:13","date_gmt":"2016-04-17T17:30:13","guid":{"rendered":"https:\/\/radiozapatista.org\/?p=16495"},"modified":"2016-04-25T18:11:22","modified_gmt":"2016-04-25T23:11:22","slug":"jornada-de-lucha-del-comite-de-padres-de-los-43-normalistas-desaparecidos-de-ayotzinapa","status":"publish","type":"post","link":"https:\/\/radiozapatista.org\/?p=16495","title":{"rendered":"Jornada de lucha del Comit\u00e9 de padres de los 43 normalistas desaparecidos de Ayotzinapa"},"content":{"rendered":"<p><\/p>\n<p align=\"center\"><span lang=\"es-ES\"><b>JORNADA DE LUCHA DEL COMIT\u00c9 DE PADRES DE LOS 43 NORMALISTAS DESAPARECIDOS DE AYOTZINAPA (15,16 y 17 de abril 2016) <\/b><\/span><\/p>\n<p align=\"justify\"><span lang=\"es-ES\">En el marco de la jornada nacional de lucha por la verdad y la justicia y como respuesta a la embestida medi\u00e1tica y a el acoso del gobierno federal en contra del grupo de expertos de la Comision Interamericana de Derechos Humanos y los familiares de los desaparecidos de Ayotzinapa,, se organiz\u00f3 una Protesta frente a la secretaria de Gobernaci\u00f3n.<\/span><\/p>\n<p align=\"justify\"><span lang=\"es-ES\">Los padres de los 43 normalistas de Ayotzinapa desaparecidos el 26 de septiembre de 2014 en Iguala, Guerrero, burlaron el cerco que la PFP hab\u00eda establecido al rededor de dicha dependencia y se encadenaron a las rejas que la circundan. <\/span><\/p>\n<p align=\"justify\"><span lang=\"es-ES\">Posteriormente se realizo una rueda de prensa y se inici\u00f3 un plant\u00f3n de 43 horas cuyo prop\u00f3sito es exigir que se mantenga abierta la investigaci\u00f3n y el que gobierno mexicano acepte la supervisi\u00f3n y escrutinio internacional de la Comisi\u00f3n Interamericana de Derechos Humanos, instancia que determin\u00f3 integrar un mecanismo especial de seguimiento a este caso.<\/span><\/p>\n<p align=\"justify\"><span lang=\"es-ES\">Para el comit\u00e9 de familiares de los desaparecidos de Ayotzinapa cada vez est\u00e1 m\u00e1s claro que el gobierno federal pretende ocultar la verdad sobre estos hechos y cerrar el caso manteniendo en la impunidad a los responsables materiales e intelectuales de este crimen de Estado, pese a la existencia de nuevos elementos y pruebas que refutan la supuesta verdad hist\u00f3rica del gobierno.<\/span><\/p>\n<p><!--more--><\/p>\n<p lang=\"es-ES\" align=\"justify\"><a name=\"_GoBack\"><\/a><\/p>\n<p align=\"justify\"><span lang=\"es-ES\">Los familiares de los desaparecidos de Ayotzinapa no claudicaremos en la lucha hasta conseguir la presentaci\u00f3n con vida de nuestros hijos y el castigo de todos los culpables por este crimen de Estado, por ello convocamos a todas las organizaciones y colectivos involucrados en esta justa lucha a participar en la jornada de acci\u00f3n global del pr\u00f3ximo 26 de abril.<\/span><\/p>\n<p align=\"center\"><span lang=\"es-ES\"><b>Porque vivos se los llevaron vivos los queremos<\/b><\/span><\/p>\n<p align=\"center\"><span lang=\"es-ES\"><b>COMITE DE PADRES DE FAMILIA DE LOS 43<\/b><\/span><\/p>\n<p align=\"center\"><span lang=\"es-ES\"><b>Por la liberaci\u00f3n de la juventud y la clase explotada , venceremos <\/b><\/span><\/p>\n<p align=\"center\"><span lang=\"es-ES\"><b>COMITE ESTUDIANTIL DE LA NORMAL RURAL DE AYOTZINAPA <\/b><\/span><\/p>\n<p><\/p>","protected":false},"excerpt":{"rendered":"<p>JORNADA DE LUCHA DEL COMIT\u00c9 DE PADRES DE LOS 43 NORMALISTAS DESAPARECIDOS DE AYOTZINAPA (15,16 y 17 de abril 2016) En el marco de la jornada nacional de lucha por la verdad y la justicia y como respuesta a la embestida medi\u00e1tica y a el acoso del gobierno federal en contra del grupo de expertos [&hellip;]<\/p>\n","protected":false},"author":1,"featured_media":0,"comment_status":"open","ping_status":"closed","sticky":false,"template":"","format":"standard","meta":{"footnotes":""},"categories":[954,183],"tags":[929,244,682],"class_list":["post-16495","post","type-post","status-publish","format-standard","hentry","category-mexico","category-blog","tag-ayotzinapa","tag-desaparecidos","tag-desaparicion-forzada"],"_links":{"self":[{"href":"https:\/\/radiozapatista.org\/index.php?rest_route=\/wp\/v2\/posts\/16495","targetHints":{"allow":["GET"]}}],"collection":[{"href":"https:\/\/radiozapatista.org\/index.php?rest_route=\/wp\/v2\/posts"}],"about":[{"href":"https:\/\/radiozapatista.org\/index.php?rest_route=\/wp\/v2\/types\/post"}],"author":[{"embeddable":true,"href":"https:\/\/radiozapatista.org\/index.php?rest_route=\/wp\/v2\/users\/1"}],"replies":[{"embeddable":true,"href":"https:\/\/radiozapatista.org\/index.php?rest_route=%2Fwp%2Fv2%2Fcomments&post=16495"}],"version-history":[{"count":0,"href":"https:\/\/radiozapatista.org\/index.php?rest_route=\/wp\/v2\/posts\/16495\/revisions"}],"wp:attachment":[{"href":"https:\/\/radiozapatista.org\/index.php?rest_route=%2Fwp%2Fv2%2Fmedia&parent=16495"}],"wp:term":[{"taxonomy":"category","embeddable":true,"href":"https:\/\/radiozapatista.org\/index.php?rest_route=%2Fwp%2Fv2%2Fcategories&post=16495"},{"taxonomy":"post_tag","embeddable":true,"href":"https:\/\/radiozapatista.org\/index.php?rest_route=%2Fwp%2Fv2%2Ftags&post=16495"}],"curies":[{"name":"wp","href":"https:\/\/api.w.org\/{rel}","templated":true}]}}