{"id":16452,"date":"2016-04-06T10:34:01","date_gmt":"2016-04-06T15:34:01","guid":{"rendered":"https:\/\/radiozapatista.org\/?p=16452"},"modified":"2016-04-06T10:35:34","modified_gmt":"2016-04-06T15:35:34","slug":"16452","status":"publish","type":"post","link":"https:\/\/radiozapatista.org\/?p=16452","title":{"rendered":"A cuatro a\u00f1os y cinco meses del desplazamiento forzado de familias de Banavil"},"content":{"rendered":"<p><\/p>\n<p style=\"text-align: center;\"><a href=\"https:\/\/radiozapatista.org\/wp-content\/uploads\/2016\/04\/ni\u00f1osdesplazados.jpg\"><img loading=\"lazy\" decoding=\"async\" class=\"aligncenter size-full wp-image-16453\" src=\"https:\/\/radiozapatista.org\/wp-content\/uploads\/2016\/04\/ni\u00f1osdesplazados.jpg\" alt=\"ni\u00f1osdesplazados\" width=\"300\" height=\"200\" \/><\/a><\/p>\n<p>San Crist\u00f3bal de Las Casas, Chiapas, M\u00e9xico, 04 de abril de 2016<\/p>\n<p>A las Juntas de Buen Gobierno del E.Z.L.N<br \/>\nAl Congreso Nacional Ind\u00edgena<br \/>\nA la Sexta Declaraci\u00f3n de la Selva Lacandona<br \/>\nA los Centros de Derechos Humanos honestos e independientes<br \/>\nA la Red Contra la Represi\u00f3n<br \/>\nAl Movimiento por la Paz con Justicia y Dignidad<br \/>\nA los colectivos internacionales<br \/>\nA la Sociedad Civil Nacional e Internacional<br \/>\nA los Medios Libres<br \/>\nAl Pueblo Creyente en Chiapas<br \/>\nA las compa\u00f1eras y compa\u00f1eros de los pueblo originarios de Chiapas, M\u00e9xico y del Mundo<\/p>\n<p>A 4 a\u00f1os y cinco meses,<\/p>\n<p>El 04 de diciembre de 2011, fuimos agredidos por armas de fuego por los priistas del mismo paraje Banavil, y desplazados 13 personas, la mayor\u00eda ni\u00f1as, ni\u00f1os y mujeres y nuestro padre Alonso L\u00f3pez Luna fue desaparecido de manera forzada por la gente del paraje Banavil, integrantes del Partido Revolucionario Institucional (PRI).<\/p>\n<p>A m\u00e1s de 4 a\u00f1os y cinco meses de ocurrido esta grave violaci\u00f3n a los derechos humanos, nuestra familia de Alonso L\u00f3pez Luna, continuamos en su b\u00fasqueda de la verdad y justicia. Pero tambi\u00e9n recordamos la obligaci\u00f3n del estado mexicano que investigue necesariamente por el paradero de Alonso hasta encontrarlo. Tambi\u00e9n hay miles de casos de los desaparecidos en M\u00e9xico y sus familiares siguen en pie de lucha alzando la voz como nuestras hermanas y hermanos, padres de los familiares de Ayotzinapa Guerrero.<\/p>\n<p><!--more-->Con la ayuda de las organizaciones sociales, colectivos internacionales y la sociedad civil, podemos encontrar la justicia verdadera, como desde hace mas de 4 a\u00f1os exigiendo justicia, juicio y castigo a los responsables de la desaparici\u00f3n forzada y el desplazamiento forzado.<\/p>\n<p>Queremos invitarles a la presentaci\u00f3n de v\u00eddeo y exposici\u00f3n de fotos sobre los desplazados de Banavil y el video de los desplazados de Primero de Agosto. El 8 de abril a las 18:00 horas en la Colonia Alamos, Delegaci\u00f3n Benito Ju\u00e1rez Cuidad de M\u00e9xico, en las instalaciones de Caf\u00e9 Zapata y el 11 de abril a la misma hora en Radio Zapote en la ENAH, perif\u00e9rico Sur y Zapote s\/n. Colonia Isidro Fabela, delegaci\u00f3n Tlalp\u00e1n, Ciudad de M\u00e9xico.<\/p>\n<p>Aprovechamos para solidarizarnos a las actividades convocadas por el Comit\u00e9 de Defensa de las Libertades Ind\u00edgenas CDLI Xinich\u2019 y la Misi\u00f3n Sant\u00edsima Trinidad (La Arena), en su peregrinaci\u00f3n del 03 al 10 de abril.<\/p>\n<p>Por todo esto exigimos:<\/p>\n<p>Verdad sobre la desaparici\u00f3n de nuestro padre Alonso L\u00f3pez Luna, y castigo a los responsables.<br \/>\nQue se ejecuten las \u00f3rdenes de aprehensi\u00f3n en contra de los responsables de la desaparici\u00f3n forzada de Alonso.<br \/>\nRetorno inmediato y definitivo de nuestras familias que est\u00e1n desplazadas<br \/>\nCancelaci\u00f3n de las dos \u00f3rdenes de aprehensi\u00f3n contra Antonio y Pedro L\u00f3pez Gir\u00f3n<br \/>\nReparaci\u00f3n de los da\u00f1os al saqueo en nuestras casas en Banavil.<\/p>\n<p>Tambi\u00e9n exigimos;<\/p>\n<p>Presentaci\u00f3n con vida de los 43 compa\u00f1eros estudiantes de la Normal Rural de Ayotzinapa Guerrero.<\/p>\n<p>VERDAD Y JUSTICIA PARA ALONSO LOPEZ LUNA<br \/>\nALONSO LOPEZ LUNA HASTA ENCONTRARLO<br \/>\nYA BASTA DE LAS DESAPARICIONES FORZADAS EN M\u00c9XICO Y DEL MUNDO<br \/>\nBASTA DEL DESPLAZAMIENTO FORZADO EN CHIAPAS<\/p>\n<p>Nuevamente agradecemos a las organizaciones internacionales su acompa\u00f1amiento en especial a los colectivos en el pa\u00eds Vasco por las actividades que han realizado en sus lugares del origen y otros colectivos, en solidaridad con nuestras familias, seguimos invitando a los colectivos nacionales e internacionales que sigan solidarizando con nuestras familias desplazadas de Banavil.<\/p>\n<p style=\"text-align: center;\">Fraternalmente<\/p>\n<p style=\"text-align: center;\">Las familias desplazadas de Banavil municipio de Tenejapa, Chiapas, M\u00e9xico.<\/p>\n<p style=\"text-align: center;\">Miguel L\u00f3pez Gir\u00f3n Lorenzo L\u00f3pez Gir\u00f3n<\/p>\n<p>Fotos: 20 ventanas al desplazamiento forzado. Exposici\u00f3n fotogr\u00e1fica<br \/>\nhttp:\/\/www.rostrosdeldespojo.org\/20-ventanas-al-desplazamiento-forzado-en-chiapas\/<\/p>","protected":false},"excerpt":{"rendered":"<p>San Crist\u00f3bal de Las Casas, Chiapas, M\u00e9xico, 04 de abril de 2016 A las Juntas de Buen Gobierno del E.Z.L.N Al Congreso Nacional Ind\u00edgena A la Sexta Declaraci\u00f3n de la Selva Lacandona A los Centros de Derechos Humanos honestos e independientes A la Red Contra la Represi\u00f3n Al Movimiento por la Paz con Justicia y [&hellip;]<\/p>\n","protected":false},"author":1,"featured_media":0,"comment_status":"open","ping_status":"closed","sticky":false,"template":"","format":"standard","meta":{"footnotes":""},"categories":[6,183],"tags":[491,572,782],"class_list":["post-16452","post","type-post","status-publish","format-standard","hentry","category-chiapas","category-blog","tag-banavil","tag-desplazados","tag-desplazamiento-forzado"],"_links":{"self":[{"href":"https:\/\/radiozapatista.org\/index.php?rest_route=\/wp\/v2\/posts\/16452","targetHints":{"allow":["GET"]}}],"collection":[{"href":"https:\/\/radiozapatista.org\/index.php?rest_route=\/wp\/v2\/posts"}],"about":[{"href":"https:\/\/radiozapatista.org\/index.php?rest_route=\/wp\/v2\/types\/post"}],"author":[{"embeddable":true,"href":"https:\/\/radiozapatista.org\/index.php?rest_route=\/wp\/v2\/users\/1"}],"replies":[{"embeddable":true,"href":"https:\/\/radiozapatista.org\/index.php?rest_route=%2Fwp%2Fv2%2Fcomments&post=16452"}],"version-history":[{"count":0,"href":"https:\/\/radiozapatista.org\/index.php?rest_route=\/wp\/v2\/posts\/16452\/revisions"}],"wp:attachment":[{"href":"https:\/\/radiozapatista.org\/index.php?rest_route=%2Fwp%2Fv2%2Fmedia&parent=16452"}],"wp:term":[{"taxonomy":"category","embeddable":true,"href":"https:\/\/radiozapatista.org\/index.php?rest_route=%2Fwp%2Fv2%2Fcategories&post=16452"},{"taxonomy":"post_tag","embeddable":true,"href":"https:\/\/radiozapatista.org\/index.php?rest_route=%2Fwp%2Fv2%2Ftags&post=16452"}],"curies":[{"name":"wp","href":"https:\/\/api.w.org\/{rel}","templated":true}]}}