{"id":16443,"date":"2016-04-06T10:02:53","date_gmt":"2016-04-06T15:02:53","guid":{"rendered":"https:\/\/radiozapatista.org\/?p=16443"},"modified":"2016-04-06T10:02:53","modified_gmt":"2016-04-06T15:02:53","slug":"notifrayba-caravana-por-la-paz-la-vida-y-la-justicia","status":"publish","type":"post","link":"https:\/\/radiozapatista.org\/?p=16443","title":{"rendered":"NotiFrayba: Caravana por La Paz, La Vida y la Justicia"},"content":{"rendered":"<p><\/p>\n<p style=\"text-align: center;\"><a href=\"https:\/\/1.bp.blogspot.com\/-xbkcxye-T9M\/VwPOYEpF0eI\/AAAAAAAAIVg\/oAuDPXb0v1oWyxIkc7QJ1nF6KldkUnuTA\/s1600\/caravana.jpg\"><img loading=\"lazy\" decoding=\"async\" src=\"https:\/\/1.bp.blogspot.com\/-xbkcxye-T9M\/VwPOYEpF0eI\/AAAAAAAAIVg\/oAuDPXb0v1oWyxIkc7QJ1nF6KldkUnuTA\/s320\/caravana.jpg\" alt=\"\" width=\"206\" height=\"320\" border=\"0\" \/><\/a><\/p>\n<p>Escucha\/descarga aqu\u00ed:<br \/>\n[podcast]https:\/\/radiozapatista.org\/Audios\/Notifrayba-2016-04-04.mp3[\/podcast]<\/p>\n<p>La Caravana por la Paz, la Vida y la Justicia propone recopilar las experiencias y testimonios de las violaciones a derechos humanos cometidas como consecuencia de las estrategias de seguridad en la lucha contra las drogas. Parti\u00f3 de Honduras el pasado 28 de marzo y llegar\u00e1 a Nueva York a la apertura de la Sesi\u00f3n Especial de la Asamblea General de la ONU sobre Drogas el 19 de abril. En la caravana confluyen familiares de v\u00edctimas y organizaciones sociales. Berta C\u00e1ceres defensora lenca, coordinadora de Consejo C\u00edvico de Organizaciones Populares e Ind\u00edgenas de Honduras asesinada en su casa, el 03 de marzo de 2016, impulsaba La Caravana.<\/p>\n<p><!--more--><\/p>\n<p>En su paso por M\u00e9xico, la Caravana por la Paz , la Vida y la Justicia entrar\u00e1 por la frontera con Guatemala, en Chiapas. \u201cEn esta etapa de la Caravana, se escuchar\u00e1n las palabras y luchas en la regi\u00f3n de la frontera sur de M\u00e9xico, invadida por una creciente militarizaci\u00f3n que agrava a\u00f1o con a\u00f1o la situaci\u00f3n de derechos humanos contra los pueblos en defensa y cuidado de la tierra y territorio, as\u00ed como para las personas migrantes de Centroam\u00e9rica y Chiapas.\u201d<\/p>\n<p>La Caravana por La Paz, La Vida y la Justicia entrar\u00e1 por la frontera sur de M\u00e9xico, el d\u00eda 6 de abril, donde se realizar\u00e1 una ceremonia p\u00fablica en La Mesilla, Huehuetenango, Guatemala\u2013 Ciudad Cuauht\u00e9moc, Chiapas,desde las dos de la tarde.<\/p>\n<p>La Caravana por La Paz, La Vida y la Justicia se encontrar\u00e1 con movimientos y organizaciones en un conversatorio p\u00fablico en materia de migraci\u00f3n y defensa de la tierra y territorio, en la Plaza de la Paz, de la ciudad de San Crist\u00f3bal de Las Casas, Chiapas, el d\u00eda 7 de abril.<\/p>\n<h4>Concierto por la Paz, la Vida, y la Justicia<\/h4>\n<p style=\"text-align: center;\"><a href=\"https:\/\/4.bp.blogspot.com\/-Ws2EmK3VmP0\/VwPSb7c27xI\/AAAAAAAAIVs\/nvtwjo1_ggcRB2K2jZFKH2zRyqouVP5JQ\/s1600\/caravanaDF.jpg\"><img loading=\"lazy\" decoding=\"async\" src=\"https:\/\/4.bp.blogspot.com\/-Ws2EmK3VmP0\/VwPSb7c27xI\/AAAAAAAAIVs\/nvtwjo1_ggcRB2K2jZFKH2zRyqouVP5JQ\/s320\/caravanaDF.jpg\" alt=\"\" width=\"209\" height=\"320\" border=\"0\" \/><\/a><\/p>\n<p>El domingo 10 de abril el z\u00f3calo del Distrito Federal ser\u00e1 sede del Concierto por la Paz, la Vida y la Justicia para recibir a la caravana del mismo nombre, con el objetivo de que expresemos colectivamente la necesidad de terminar con la absurda guerra contra las drogas y as\u00ed poder caminar hacia la paz mediante la justicia tan anhelada en M\u00e9xico, Guatemala, Honduras, El Salvador as\u00ed como en el resto de nuestra Am\u00e9rica y el mundo.<\/p>\n<p>Asiste, convoca, participa<br \/>\n#AltoalaGuerraContraLasDrogas<br \/>\n#PorLaPazLaVidayLaJusticia<\/p>\n<p><strong>M\u00e1s informaci\u00f3n:<\/strong> <a href=\"http:\/\/pazvidajusticia.org\/\" target=\"_blank\">pazvidajusticia.org\/<\/a><br \/>\n<\/p>","protected":false},"excerpt":{"rendered":"<p>Escucha\/descarga aqu\u00ed: [podcast]https:\/\/radiozapatista.org\/Audios\/Notifrayba-2016-04-04.mp3[\/podcast] La Caravana por la Paz, la Vida y la Justicia propone recopilar las experiencias y testimonios de las violaciones a derechos humanos cometidas como consecuencia de las estrategias de seguridad en la lucha contra las drogas. Parti\u00f3 de Honduras el pasado 28 de marzo y llegar\u00e1 a Nueva York a la apertura [&hellip;]<\/p>\n","protected":false},"author":1,"featured_media":0,"comment_status":"open","ping_status":"closed","sticky":false,"template":"","format":"standard","meta":{"footnotes":""},"categories":[1,6,958,954,959,953],"tags":[58,30,483],"class_list":["post-16443","post","type-post","status-publish","format-standard","hentry","category-audio","category-chiapas","category-megaproyectos","category-mexico","category-migracion","category-mundo","tag-derechos-humanos","tag-migracion","tag-tierra-y-territorio"],"_links":{"self":[{"href":"https:\/\/radiozapatista.org\/index.php?rest_route=\/wp\/v2\/posts\/16443","targetHints":{"allow":["GET"]}}],"collection":[{"href":"https:\/\/radiozapatista.org\/index.php?rest_route=\/wp\/v2\/posts"}],"about":[{"href":"https:\/\/radiozapatista.org\/index.php?rest_route=\/wp\/v2\/types\/post"}],"author":[{"embeddable":true,"href":"https:\/\/radiozapatista.org\/index.php?rest_route=\/wp\/v2\/users\/1"}],"replies":[{"embeddable":true,"href":"https:\/\/radiozapatista.org\/index.php?rest_route=%2Fwp%2Fv2%2Fcomments&post=16443"}],"version-history":[{"count":0,"href":"https:\/\/radiozapatista.org\/index.php?rest_route=\/wp\/v2\/posts\/16443\/revisions"}],"wp:attachment":[{"href":"https:\/\/radiozapatista.org\/index.php?rest_route=%2Fwp%2Fv2%2Fmedia&parent=16443"}],"wp:term":[{"taxonomy":"category","embeddable":true,"href":"https:\/\/radiozapatista.org\/index.php?rest_route=%2Fwp%2Fv2%2Fcategories&post=16443"},{"taxonomy":"post_tag","embeddable":true,"href":"https:\/\/radiozapatista.org\/index.php?rest_route=%2Fwp%2Fv2%2Ftags&post=16443"}],"curies":[{"name":"wp","href":"https:\/\/api.w.org\/{rel}","templated":true}]}}