{"id":16206,"date":"2016-02-25T09:35:55","date_gmt":"2016-02-25T15:35:55","guid":{"rendered":"https:\/\/radiozapatista.org\/?p=16206"},"modified":"2016-02-25T09:37:01","modified_gmt":"2016-02-25T15:37:01","slug":"16206","status":"publish","type":"post","link":"https:\/\/radiozapatista.org\/?p=16206","title":{"rendered":"Antonia, ni\u00f1a tzeltal, a un a\u00f1o de su muerte en desplazamiento forzado"},"content":{"rendered":"<p><\/p>\n<p style=\"text-align: center;\"><a href=\"https:\/\/radiozapatista.org\/wp-content\/uploads\/2016\/02\/antonia12.jpg\"><img loading=\"lazy\" decoding=\"async\" class=\"aligncenter size-medium wp-image-16207\" src=\"https:\/\/radiozapatista.org\/wp-content\/uploads\/2016\/02\/antonia12-350x263.jpg\" alt=\"antonia12\" width=\"350\" height=\"263\" srcset=\"https:\/\/radiozapatista.org\/wp-content\/uploads\/2016\/02\/antonia12-350x263.jpg 350w, https:\/\/radiozapatista.org\/wp-content\/uploads\/2016\/02\/antonia12.jpg 640w\" sizes=\"auto, (max-width: 350px) 100vw, 350px\" \/><\/a><br \/>\n<font size=\"2\">Foto: A un a\u00f1o de la muerte de Antonia (Miguel L\u00f3pez Gir\u00f3n)<\/font><\/p>\n<p><iframe loading=\"lazy\" src=\"https:\/\/w.soundcloud.com\/player\/?url=https%3A\/\/api.soundcloud.com\/tracks\/248588128&amp;auto_play=false&amp;hide_related=false&amp;show_comments=true&amp;show_user=true&amp;show_reposts=false&amp;visual=true\" width=\"100%\" height=\"100\" frameborder=\"no\" scrolling=\"no\"><\/iframe><\/p>\n<p>Antonia L\u00f3pez M\u00e9ndez, ni\u00f1a tzeltal, muri\u00f3 en desplazamiento forzado sin atenci\u00f3n m\u00e9dica adecuada el 21 de febrero de 2015. A un a\u00f1o de su muerte, su familia retorn\u00f3 de manera temporal a su comunidad de Banavil, Tenejapa, Chiapas, para recordar su memoria seg\u00fan la costumbre como pueblos originarios.<\/p>\n<p><!--more--><\/p>\n<p>Organizaciones sociales, de observaci\u00f3n de derechos humanos y medios libres acompa\u00f1aron a las familias desplazadas forzadas en el regreso a su tierra. La cuarta ocasi\u00f3n, desde hace cuatro a\u00f1os, sin poder retornar de manera definitiva. Una caravana conformada por cerca de 90 personas ingres\u00f3 la ma\u00f1ana del 21 de febrero al lugar donde fue agredida con armas de fuego, por integrantes del Partido Revolucionario Institucional, el 4 de diciembre de 2011, la familia de Alonso L\u00f3pez Luna quien desde esa fecha se encuentra desaparecido.<\/p>\n<p>Ante la tumba de la ni\u00f1a Antonia, su familia record\u00f3 el sufrimiento de vivir en desplazamiento forzado. Su madre Mar\u00eda M\u00e9ndez, relat\u00f3: \u201cAntonia sali\u00f3 desplazada y se enferm\u00f3 en San Crist\u00f3bal de Las Casas, no tenemos donde vivir, ni tierras, por eso se enferm\u00f3 y no pudo recibir atenci\u00f3n m\u00e9dica adecuada. Ella tambi\u00e9n camin\u00f3 exigiendo nuestro retorno, por eso la vamos a recordar\u201d.<\/p>\n<p>Mediante un comunicado publicado previamente expresaron que el gobierno no se ha preocupado por las dem\u00e1s ni\u00f1as y ni\u00f1os que est\u00e1n desplazados de Banavil. Actualmente son 9 infantes de la familia L\u00f3pez Gir\u00f3n viviendo en desplazamiento forzado, negados sus derechos a una vida digna, en condiciones de vulnerabilidad y con su familia, sin acceso a la justicia y derechos colectivos a la tierra y el territorio.<\/p>\n<p>Las desplazadas y desplazados de Banavil mantienen sus demandas: b\u00fasqueda de Alonso L\u00f3pez Luna hasta encontrarlo; que se ejecuten las 10 \u00f3rdenes de aprehensi\u00f3n en contra de los responsables de la desaparici\u00f3n forzada y el desplazamiento forzado; generar condiciones para el retorno inmediato y definitivo con seguridad y no repetici\u00f3n de los hechos ocurridos.<\/p>\n<p>Exigen tambi\u00e9n: basta de desplazamientos forzados en M\u00e9xico y en Chiapas; no m\u00e1s muertes de ni\u00f1as y ni\u00f1os v\u00edctimas de desplazamiento forzado como Antonia y la ni\u00f1a Mar\u00eda Fernanda M\u00e9ndez del poblado Primero de Agosto del municipio de las Margaritas quien falleci\u00f3 el 7 de febrero de 2016.<\/p>\n<p>Fuente: <a title=\"http:\/\/chiapasdenuncia.blogspot.mx\/2016\/02\/notifrayba-antonia-y-nina-tzeltal-un.html\" href=\"https:\/\/exit.sc?url=http%3A%2F%2Fchiapasdenuncia.blogspot.mx%2F2016%2F02%2Fnotifrayba-antonia-y-nina-tzeltal-un.html\" target=\"_blank\" rel=\"nofollow\">chiapasdenuncia.blogspot.mx\/2016\/02\/not\u2026tal-un.html<\/a><\/p>","protected":false},"excerpt":{"rendered":"<p>Foto: A un a\u00f1o de la muerte de Antonia (Miguel L\u00f3pez Gir\u00f3n) Antonia L\u00f3pez M\u00e9ndez, ni\u00f1a tzeltal, muri\u00f3 en desplazamiento forzado sin atenci\u00f3n m\u00e9dica adecuada el 21 de febrero de 2015. A un a\u00f1o de su muerte, su familia retorn\u00f3 de manera temporal a su comunidad de Banavil, Tenejapa, Chiapas, para recordar su memoria seg\u00fan [&hellip;]<\/p>\n","protected":false},"author":1,"featured_media":0,"comment_status":"open","ping_status":"closed","sticky":false,"template":"","format":"standard","meta":{"footnotes":""},"categories":[1,6,960],"tags":[491,572,782,768],"class_list":["post-16206","post","type-post","status-publish","format-standard","hentry","category-audio","category-chiapas","category-ninxs","tag-banavil","tag-desplazados","tag-desplazamiento-forzado","tag-infancia"],"_links":{"self":[{"href":"https:\/\/radiozapatista.org\/index.php?rest_route=\/wp\/v2\/posts\/16206","targetHints":{"allow":["GET"]}}],"collection":[{"href":"https:\/\/radiozapatista.org\/index.php?rest_route=\/wp\/v2\/posts"}],"about":[{"href":"https:\/\/radiozapatista.org\/index.php?rest_route=\/wp\/v2\/types\/post"}],"author":[{"embeddable":true,"href":"https:\/\/radiozapatista.org\/index.php?rest_route=\/wp\/v2\/users\/1"}],"replies":[{"embeddable":true,"href":"https:\/\/radiozapatista.org\/index.php?rest_route=%2Fwp%2Fv2%2Fcomments&post=16206"}],"version-history":[{"count":0,"href":"https:\/\/radiozapatista.org\/index.php?rest_route=\/wp\/v2\/posts\/16206\/revisions"}],"wp:attachment":[{"href":"https:\/\/radiozapatista.org\/index.php?rest_route=%2Fwp%2Fv2%2Fmedia&parent=16206"}],"wp:term":[{"taxonomy":"category","embeddable":true,"href":"https:\/\/radiozapatista.org\/index.php?rest_route=%2Fwp%2Fv2%2Fcategories&post=16206"},{"taxonomy":"post_tag","embeddable":true,"href":"https:\/\/radiozapatista.org\/index.php?rest_route=%2Fwp%2Fv2%2Ftags&post=16206"}],"curies":[{"name":"wp","href":"https:\/\/api.w.org\/{rel}","templated":true}]}}