{"id":16093,"date":"2016-01-29T14:52:24","date_gmt":"2016-01-29T20:52:24","guid":{"rendered":"https:\/\/radiozapatista.org\/?p=16093"},"modified":"2016-01-29T14:52:24","modified_gmt":"2016-01-29T20:52:24","slug":"ya-somos-lo-que-somos-muestra-sonora-enero-2016","status":"publish","type":"post","link":"https:\/\/radiozapatista.org\/?p=16093","title":{"rendered":"Ya somos lo que somos.-Muestra sonora Enero 2016."},"content":{"rendered":"<p><a href=\"https:\/\/radiozapatista.org\/wp-content\/uploads\/2016\/01\/DSCN16571.jpg\"><img loading=\"lazy\" decoding=\"async\" class=\"size-full wp-image-16095 aligncenter\" src=\"https:\/\/radiozapatista.org\/wp-content\/uploads\/2016\/01\/DSCN16571.jpg\" alt=\"DSCN1657\" width=\"640\" height=\"480\" srcset=\"https:\/\/radiozapatista.org\/wp-content\/uploads\/2016\/01\/DSCN16571.jpg 640w, https:\/\/radiozapatista.org\/wp-content\/uploads\/2016\/01\/DSCN16571-350x263.jpg 350w\" sizes=\"auto, (max-width: 640px) 100vw, 640px\" \/><\/a><\/p>\n<p>En este inicio de a\u00f1o, el mensaje de la compa\u00f1era Mar\u00eda de los \u00c1ngeles Hern\u00e1ndez (presa pol\u00edtica desde hace 7 a\u00f1os); los sonidos y las palabras del documental Mi Lak Tye\u00f1 Kotya\u00f1 Lak \u00d1a&#8217;Lum y de habitantes de Tila; el coraje y la lucha del Colectivo &#8220;El Rostro de Julio&#8221; y de los padres de los normalistas de Ayotzinapa; as\u00ed como la reflexi\u00f3n y la alegr\u00eda de Ceme\u00ed Verd\u00eda, y la compartici\u00f3n del Ej\u00e9rcito Zapatista de Liberaci\u00f3n Nacional\u00a0 en su 22 aniversario, integran la muestra sonora de nuestras voces en defensa de la vida, nuestro territorio y la dignidad. Ya somos lo que somos, y falta lo que falta y viene lo que viene.<\/p>\n<p>[podcast]https:\/\/radiozapatista.org\/Audios\/parce\/piedras0116.mp3[\/podcast] <strong>Ya somos lo que somos<\/strong> (4:56 min.)<\/p>","protected":false},"excerpt":{"rendered":"<p>En este inicio de a\u00f1o, el mensaje de la compa\u00f1era Mar\u00eda de los \u00c1ngeles Hern\u00e1ndez (presa pol\u00edtica desde hace 7 a\u00f1os); los sonidos y las palabras del documental Mi Lak Tye\u00f1 Kotya\u00f1 Lak \u00d1a&#8217;Lum y de habitantes de Tila; el coraje y la lucha del Colectivo &#8220;El Rostro de Julio&#8221; y de los padres de [&hellip;]<\/p>\n","protected":false},"author":13,"featured_media":0,"comment_status":"open","ping_status":"closed","sticky":false,"template":"","format":"standard","meta":{"footnotes":""},"categories":[954,190],"tags":[],"class_list":["post-16093","post","type-post","status-publish","format-standard","hentry","category-mexico","category-radiozapatista"],"_links":{"self":[{"href":"https:\/\/radiozapatista.org\/index.php?rest_route=\/wp\/v2\/posts\/16093","targetHints":{"allow":["GET"]}}],"collection":[{"href":"https:\/\/radiozapatista.org\/index.php?rest_route=\/wp\/v2\/posts"}],"about":[{"href":"https:\/\/radiozapatista.org\/index.php?rest_route=\/wp\/v2\/types\/post"}],"author":[{"embeddable":true,"href":"https:\/\/radiozapatista.org\/index.php?rest_route=\/wp\/v2\/users\/13"}],"replies":[{"embeddable":true,"href":"https:\/\/radiozapatista.org\/index.php?rest_route=%2Fwp%2Fv2%2Fcomments&post=16093"}],"version-history":[{"count":0,"href":"https:\/\/radiozapatista.org\/index.php?rest_route=\/wp\/v2\/posts\/16093\/revisions"}],"wp:attachment":[{"href":"https:\/\/radiozapatista.org\/index.php?rest_route=%2Fwp%2Fv2%2Fmedia&parent=16093"}],"wp:term":[{"taxonomy":"category","embeddable":true,"href":"https:\/\/radiozapatista.org\/index.php?rest_route=%2Fwp%2Fv2%2Fcategories&post=16093"},{"taxonomy":"post_tag","embeddable":true,"href":"https:\/\/radiozapatista.org\/index.php?rest_route=%2Fwp%2Fv2%2Ftags&post=16093"}],"curies":[{"name":"wp","href":"https:\/\/api.w.org\/{rel}","templated":true}]}}