{"id":16035,"date":"2016-01-28T10:57:45","date_gmt":"2016-01-28T16:57:45","guid":{"rendered":"https:\/\/radiozapatista.org\/?p=16035"},"modified":"2016-01-28T10:57:45","modified_gmt":"2016-01-28T16:57:45","slug":"en-ostula-continua-el-fortalecimiento-comunitario-entrevista-a-cemei-verdia","status":"publish","type":"post","link":"https:\/\/radiozapatista.org\/?p=16035","title":{"rendered":"En Ostula contin\u00faa el fortalecimiento comunitario. Entrevista a Ceme\u00ed Verd\u00eda"},"content":{"rendered":"<p><\/p>\n<p><iframe loading=\"lazy\" width=\"560\" height=\"315\" src=\"https:\/\/www.youtube.com\/embed\/clIFU-WKtqI\" frameborder=\"0\" allowfullscreen><\/iframe><\/p>\n<p><a title=\"Ver todo lo publicado por Por Heriberto Paredes\" href=\"http:\/\/subversiones.org\/archivos\/author\/beto\" rel=\"author\">Por Heriberto Paredes &#8211; Agencia SubVersiones<\/a><\/p>\n<p>La comunidad nahua de Santa Mar\u00eda Ostula vive actualmente un ambiente de seguridad que no se hab\u00eda visto en a\u00f1os. Posiblemente sea uno de los territorios \u2013junto con Cher\u00e1n, en la meseta p\u2019urh\u00e9pecha\u2013 m\u00e1s tranquilos del pa\u00eds. Su estabilidad no es el fruto del buen desempe\u00f1o de las autoridades estatales o de las fuerzas policiacas federales o militares, es \u00fanicamente el resultado del esfuerzo y la lucha de muchas personas, mujeres y hombres, que han arriesgado todo, para que la vida sea digna y no una migaja. La carretera 200, camino que comunica esta comunidad con otras vecinas y con otros municipios, ha sido testigo fiel de que fueron los Caballeros Templarios, el ej\u00e9rcito, la marina y varios cuerpos policiacos, los responsables de muertes y desapariciones, no de seguridad alguna.<\/p>\n<p><!--more--><\/p>\n<p>En esta franja costera, perteneciente al municipio de Aquila, los caminos lucen ahora radiantes, las playas en calma y quienes visitan por descanso o deporte (surf) se encuentran en un ambiente de relajaci\u00f3n que dif\u00edcilmente se puede conseguir en otros lados. Definitivamente, un periodo diferente se consolida entre la poblaci\u00f3n nahua de Ostula, que sin bajar la guardia, se aboca a la construcci\u00f3n de proyectos y respuestas a las demandas fundamentales para asegurar la vida.<\/p>\n<p><img loading=\"lazy\" decoding=\"async\" class=\"size-large wp-image-120995\" src=\"http:\/\/i1.wp.com\/subversiones.org\/wp-content\/uploads\/2016\/01\/6C2A8965.jpg?resize=1024%2C682\" alt=\"Fotograf\u00eda: Heriberto Paredes\" width=\"740\" height=\"493\" \/><\/p>\n<p>El pasado 24 de diciembre, el comandante de la polic\u00eda comunitaria y coordinador regional de las fuerzas rurales (autodefensas), Ceme\u00ed Verd\u00eda, consigui\u00f3 su libertad y sali\u00f3 del penal moreliense de Mil Cumbres. Finalmente, el juez no encontr\u00f3 elementos para consignarlo por homicidio y <a href=\"http:\/\/subversiones.org\/archivos\/120653\" target=\"_blank\">orden\u00f3 su libertad<\/a>, a pesar de que Verd\u00eda haya pasado casi 6 meses de encarcelamiento. Hace pocos d\u00edas tuvimos la oportunidad de charlar con \u00e9l para tocar algunos asuntos respecto a su reincorporaci\u00f3n a las tareas de seguridad y al c\u00f3mo ve\u00eda la comunidad en este su nuevo regreso.<\/p>\n<p>\u00abLa comunidad sigue tranquila, aqu\u00ed se est\u00e1n desarrollando proyectos productivos para impulsar el campo, continuar\u00e1 el reparto agrario en Xayacalan y tambi\u00e9n estamos viendo c\u00f3mo atraer las visitas nacioanles e internacionales para que conozcan nuestras playas y se de cuenta la gente de que todo est\u00e1 bien; para que se den cuenta de que nuestra polic\u00eda comunitaria ha logrado mantener la tranquilidad, y que esto ha permitido el desarrollo de nuestro pueblo\u00bb, expres\u00f3 Ceme\u00ed con total seguridad. Durante la entrevista, comenta el proceso que ha pasado desde su salida de la c\u00e1rcel y su perspectiva acerca de las necesidades en materia de seguridad que se mantienen urgentes en el resto de Michoac\u00e1n y en todo el pa\u00eds.<\/p>\n<p><img loading=\"lazy\" decoding=\"async\" class=\"size-large wp-image-120996\" src=\"http:\/\/i1.wp.com\/subversiones.org\/wp-content\/uploads\/2016\/01\/6C2A8951.jpg?resize=1024%2C682\" alt=\"Fotograf\u00eda: Heriberto Paredes\" width=\"740\" height=\"493\" \/><br \/>\n<\/p>","protected":false},"excerpt":{"rendered":"<p>Por Heriberto Paredes &#8211; Agencia SubVersiones La comunidad nahua de Santa Mar\u00eda Ostula vive actualmente un ambiente de seguridad que no se hab\u00eda visto en a\u00f1os. Posiblemente sea uno de los territorios \u2013junto con Cher\u00e1n, en la meseta p\u2019urh\u00e9pecha\u2013 m\u00e1s tranquilos del pa\u00eds. Su estabilidad no es el fruto del buen desempe\u00f1o de las autoridades [&hellip;]<\/p>\n","protected":false},"author":1,"featured_media":0,"comment_status":"open","ping_status":"closed","sticky":false,"template":"","format":"standard","meta":{"footnotes":""},"categories":[957,826,954,222],"tags":[79,114,78],"class_list":["post-16035","post","type-post","status-publish","format-standard","hentry","category-autonomia","category-medios-libres-2","category-mexico","category-video","tag-autonomia","tag-ostula","tag-policia-comunitaria"],"_links":{"self":[{"href":"https:\/\/radiozapatista.org\/index.php?rest_route=\/wp\/v2\/posts\/16035","targetHints":{"allow":["GET"]}}],"collection":[{"href":"https:\/\/radiozapatista.org\/index.php?rest_route=\/wp\/v2\/posts"}],"about":[{"href":"https:\/\/radiozapatista.org\/index.php?rest_route=\/wp\/v2\/types\/post"}],"author":[{"embeddable":true,"href":"https:\/\/radiozapatista.org\/index.php?rest_route=\/wp\/v2\/users\/1"}],"replies":[{"embeddable":true,"href":"https:\/\/radiozapatista.org\/index.php?rest_route=%2Fwp%2Fv2%2Fcomments&post=16035"}],"version-history":[{"count":0,"href":"https:\/\/radiozapatista.org\/index.php?rest_route=\/wp\/v2\/posts\/16035\/revisions"}],"wp:attachment":[{"href":"https:\/\/radiozapatista.org\/index.php?rest_route=%2Fwp%2Fv2%2Fmedia&parent=16035"}],"wp:term":[{"taxonomy":"category","embeddable":true,"href":"https:\/\/radiozapatista.org\/index.php?rest_route=%2Fwp%2Fv2%2Fcategories&post=16035"},{"taxonomy":"post_tag","embeddable":true,"href":"https:\/\/radiozapatista.org\/index.php?rest_route=%2Fwp%2Fv2%2Ftags&post=16035"}],"curies":[{"name":"wp","href":"https:\/\/api.w.org\/{rel}","templated":true}]}}