{"id":15982,"date":"2016-01-22T10:50:36","date_gmt":"2016-01-22T16:50:36","guid":{"rendered":"https:\/\/radiozapatista.org\/?p=15982"},"modified":"2016-01-22T11:09:57","modified_gmt":"2016-01-22T17:09:57","slug":"presentacion-del-documental-mi-lak-tyen-kotyan-lak-nalum-juntos-defendemos-nuestra-madre-tierra","status":"publish","type":"post","link":"https:\/\/radiozapatista.org\/?p=15982","title":{"rendered":"Presentaci\u00f3n del Documental \u201cMi Lak Tye\u00f1 Kotya\u00f1 Lak \u00d1a\u2019Lum. Juntos defendemos nuestra madre tierra\u201d"},"content":{"rendered":"<p>[wonderplugin_slider id=&#8221;14&#8243;]<br \/>\n.<br \/>\nEl 21 de enero se present\u00f3, en el Cideci\/UniTierra Chiapas, el documental \u201cMi Lak Tye\u00f1 Kotya\u00f1 Lak \u00d1a\u2019Lum. Juntos defendemos nuestra madre tierra\u201d, producido conjuntamente por el Ejido Tila y Terra Nostra Films, que narra la larga lucha en defensa de la tierra y el territorio del pueblo ch&#8217;ol de Tila, en el norte de Chiapas. En la presentaci\u00f3n dieron su palabra autoridades del Ejido Tila, as\u00ed como comunidades pertenecientes a la organizaci\u00f3n Semilla Digna, adherentes a la Sexta Declaraci\u00f3n de la Selva Lacandona y pertenecientes al Congreso Nacional Ind\u00edgena.<\/p>\n<p>(Lee la nota de <a href=\"http:\/\/www.pozol.org\/?p=11821\" target=\"_blank\">Radio Pozol<\/a>.)<\/p>\n<p>Enseguida, los audios de la presentaci\u00f3n y, m\u00e1s abajo, el documental completo.<\/p>\n<p>Introducci\u00f3n:<\/p>\n<p style=\"padding-left: 30px;\">Espa\u00f1ol: [podcast]https:\/\/radiozapatista.org\/Audios\/Tila210116_1a.MP3[\/podcast]<\/p>\n<p style=\"padding-left: 30px;\">Tsotsil: [podcast]https:\/\/radiozapatista.org\/Audios\/Tila210116_1b.MP3[\/podcast]<\/p>\n<p>Palabras de la Rancher\u00eda Alcanfores, Semilla Digna:<\/p>\n<p style=\"padding-left: 30px;\">Espa\u00f1ol (Do\u00f1a Elena): [podcast]https:\/\/radiozapatista.org\/Audios\/Tila210116_2a.MP3[\/podcast]<\/p>\n<p style=\"padding-left: 30px;\">Tsotsil: [podcast]https:\/\/radiozapatista.org\/Audios\/Tila210116_2b.MP3[\/podcast]<\/p>\n<p>San Isidro Los Laureles, Semilla Digna:<\/p>\n<p style=\"padding-left: 30px;\">Espa\u00f1ol (Marcos): [podcast]https:\/\/radiozapatista.org\/Audios\/Tila210116_3a.MP3[\/podcast]<\/p>\n<p style=\"padding-left: 30px;\">Tsotsil: [podcast]https:\/\/radiozapatista.org\/Audios\/Tila210116_3b.MP3[\/podcast]<\/p>\n<p>Autoridades del Ejido Tila 1:<\/p>\n<p style=\"padding-left: 30px;\">Chol:[podcast]https:\/\/radiozapatista.org\/Audios\/Tila210116_4a.MP3[\/podcast]<\/p>\n<p style=\"padding-left: 30px;\">Espa\u00f1ol:[podcast]https:\/\/radiozapatista.org\/Audios\/Tila210116_4b.MP3[\/podcast]<\/p>\n<p style=\"padding-left: 30px;\">Tsotsil:[podcast]https:\/\/radiozapatista.org\/Audios\/Tila210116_4c.MP3[\/podcast]<\/p>\n<p>Autoridades del Ejido Tila 2:<\/p>\n<p style=\"padding-left: 30px;\">Chol:[podcast]https:\/\/radiozapatista.org\/Audios\/Tila210116_5a.MP3[\/podcast]<\/p>\n<p style=\"padding-left: 30px;\">Espa\u00f1ol:[podcast]https:\/\/radiozapatista.org\/Audios\/Tila210116_5b.MP3[\/podcast]<\/p>\n<p style=\"padding-left: 30px;\">Tsotsil:[podcast]https:\/\/radiozapatista.org\/Audios\/Tila210116_5c.MP3[\/podcast]<\/p>\n<p>Autoridades del Ejido Tila 3:<\/p>\n<p style=\"padding-left: 30px;\">Chol y Espa\u00f1ol:[podcast]https:\/\/radiozapatista.org\/Audios\/Tila210116_6a.MP3[\/podcast]<\/p>\n<p style=\"padding-left: 30px;\">Tsotsil:[podcast]https:\/\/radiozapatista.org\/Audios\/Tila210116_6b.MP3[\/podcast]<\/p>\n<p>Preguntas, comentarios y respuestas:[podcast]https:\/\/radiozapatista.org\/Audios\/Tila210116_7.MP3[\/podcast]<\/p>\n<p>&nbsp;<\/p>\n<p>Documental \u201cMi Lak Tye\u00f1 Kotya\u00f1 Lak \u00d1a\u2019Lum. Juntos defendemos nuestra madre tierra\u201d:<br \/>\n<iframe loading=\"lazy\" width=\"560\" height=\"315\" src=\"https:\/\/www.youtube.com\/embed\/1iQz7S4-P_E\" frameborder=\"0\" allowfullscreen><\/iframe><\/p>\n<p>&nbsp;<\/p>\n<p>Para entender la recuperacion de tierras de la comunidad San Isidro Los Laureles, Carranza, Chiapas:<br \/>\n<iframe loading=\"lazy\" width=\"560\" height=\"315\" src=\"https:\/\/www.youtube.com\/embed\/YtUFOqmVfSo\" frameborder=\"0\" allowfullscreen><\/iframe><\/p>\n","protected":false},"excerpt":{"rendered":"<p>[wonderplugin_slider id=&#8221;14&#8243;] . El 21 de enero se present\u00f3, en el Cideci\/UniTierra Chiapas, el documental \u201cMi Lak Tye\u00f1 Kotya\u00f1 Lak \u00d1a\u2019Lum. Juntos defendemos nuestra madre tierra\u201d, producido conjuntamente por el Ejido Tila y Terra Nostra Films, que narra la larga lucha en defensa de la tierra y el territorio del pueblo ch&#8217;ol de Tila, en [&hellip;]<\/p>\n","protected":false},"author":1,"featured_media":0,"comment_status":"open","ping_status":"closed","sticky":false,"template":"","format":"standard","meta":{"footnotes":""},"categories":[1,957,6,949,956,190,222],"tags":[654,483,95],"class_list":["post-15982","post","type-post","status-publish","format-standard","hentry","category-audio","category-autonomia","category-chiapas","category-fotorreportaje","category-sexta","category-radiozapatista","category-video","tag-semilla-digna","tag-tierra-y-territorio","tag-tila"],"_links":{"self":[{"href":"https:\/\/radiozapatista.org\/index.php?rest_route=\/wp\/v2\/posts\/15982","targetHints":{"allow":["GET"]}}],"collection":[{"href":"https:\/\/radiozapatista.org\/index.php?rest_route=\/wp\/v2\/posts"}],"about":[{"href":"https:\/\/radiozapatista.org\/index.php?rest_route=\/wp\/v2\/types\/post"}],"author":[{"embeddable":true,"href":"https:\/\/radiozapatista.org\/index.php?rest_route=\/wp\/v2\/users\/1"}],"replies":[{"embeddable":true,"href":"https:\/\/radiozapatista.org\/index.php?rest_route=%2Fwp%2Fv2%2Fcomments&post=15982"}],"version-history":[{"count":0,"href":"https:\/\/radiozapatista.org\/index.php?rest_route=\/wp\/v2\/posts\/15982\/revisions"}],"wp:attachment":[{"href":"https:\/\/radiozapatista.org\/index.php?rest_route=%2Fwp%2Fv2%2Fmedia&parent=15982"}],"wp:term":[{"taxonomy":"category","embeddable":true,"href":"https:\/\/radiozapatista.org\/index.php?rest_route=%2Fwp%2Fv2%2Fcategories&post=15982"},{"taxonomy":"post_tag","embeddable":true,"href":"https:\/\/radiozapatista.org\/index.php?rest_route=%2Fwp%2Fv2%2Ftags&post=15982"}],"curies":[{"name":"wp","href":"https:\/\/api.w.org\/{rel}","templated":true}]}}