{"id":15776,"date":"2015-12-24T16:45:54","date_gmt":"2015-12-24T22:45:54","guid":{"rendered":"https:\/\/radiozapatista.org\/?p=15776"},"modified":"2015-12-24T16:45:54","modified_gmt":"2015-12-24T22:45:54","slug":"carta-de-luis-fernando-sotelo-hacia-la-campana-hasta-que-todxs-seamos-libres","status":"publish","type":"post","link":"https:\/\/radiozapatista.org\/?p=15776","title":{"rendered":"[:es]Carta de Lu\u00eds Fernando Sotelo hacia la campa\u00f1a \u201cHasta que todxs seamos libres\u201d[:]"},"content":{"rendered":"<p>[:es]Hola a todxs lxs compas organizados en este encuentro, y en otros m\u00e1s, que rompen la imposici\u00f3n de la \u201crealidad\u201d\u2026 les saludo con gusto de saber que me leen y que por all\u00e1 en esos lados tan lejanos se organiza la rebeld\u00eda.<\/p>\n<p>A poco m\u00e1s de un a\u00f1o de encarcelamiento podr\u00eda pronunciarme solo por la \u201cjusticia\u201d a la que me someten por presuntamente ser \u201cdelincuente\u201d. Sin embargo la lecci\u00f3n pretendida por el aparato judicial y sus personificaciones (jueces, ministerios p\u00fablicos, polic\u00edas, carceleros) es mucho m\u00e1s amplia. Hay que vivir en una c\u00e1rcel del D.F para tener a la mano una realidad tan similar y tan podrida como lo es tambi\u00e9n, hoy en d\u00eda, la relativa libertad en la sociedad de ese afuera. Como preso me han segregado de la dem\u00e1s poblaci\u00f3n y relativamente sobrevivo y muero por aburrimiento. Afuera, tambi\u00e9n relativamente, de la violencia sistem\u00e1tica de los carceleros y la violencia reflejada en la clase (la \u201cdelincuencial\u201d) como reproducci\u00f3n de la mierda de arriba, y no por eso la solidaridad desaparece como opci\u00f3n necesaria y deseada.<\/p>\n<p>Cada que el argumento del custodio defiende su corrupci\u00f3n y su mediocridad con las palabras del \u201corden social\u201d en contra del preso, se pueden ver las incongruencias de su \u00e9tica. Una \u00e9tica fomentada en unas relaciones \u201coficiales\u201d custodio-presx. Con la capacidad de hacer explotar a lxs presxs en un orden econ\u00f3mico que incluye a los desheredados de la participaci\u00f3n. El chiste es que si participan lo hagan en el mismo papel en el que lo hace el consumidor moderno: como espectador; y el espect\u00e1culo es la misma escena en la que el gobierno act\u00faa \u201ccomo debe de ser\u201d, \u201cjustamente\u201d, \u201cnormalmente\u201d por petici\u00f3n de la sociedad o, en el mejor de los casos, velando por los intereses de esta \u00faltima.<\/p>\n<p>Con mi encarcelamiento me han sometido a vivir en un espejo del mundo-mundial (como sistema social) encarnizado en persona que cumplen su funci\u00f3n por la excusa de que a ellos se les delega el problema de la delincuencia. Pues si bien al p\u00fablico se le dice que es un -trabajo- el de impartir justicia este trabajo no se aplica con la convicci\u00f3n de romper la desigualdad, y es m\u00e1s, se pasa por alto \u00e9sta pretendida cualidad de lo justo y se vac\u00eda as\u00ed de su humanidad. Por \u00faltimo, se llenan los vac\u00edos de la convicci\u00f3n con artificios que alaban y aplauden conservar la misma estreches con el estado de derecho para:<\/p>\n<p>1.-Determinar a priori la \u201clibertad\u201d para entonces elegir ser explotado por tal o cual industria o burocracia\u2026, ser libre para amar estar esclavizado a un trabajo enajenante, ser libres para llenar todos los vac\u00edos que tenemos (pues en el interior de cada uno tambi\u00e9n llega a ser reproducido el consumismo) con productos tambi\u00e9n vac\u00edos de s\u00ed.<\/p>\n<p>2.- Violentar con los medios oficiales (ministerios, jueces, polic\u00edas, medios comerciales) a quienes denunciamos la realidad y el estado actual de \u00e9sta parcela de poder capitalista.<\/p>\n<p>El delegar de problemas sociales a las instituciones gubernamentales es ser c\u00f3mplice del despojo masivo, que les conviene a \u00e9stas. Para entender \u00e9sta situaci\u00f3n hace falta aceptar el uso de la fuerza, de la econom\u00eda y de la \u201ccalidad de vida\u201d, que siempre han estado a disposici\u00f3n de las mismas instituciones para fomentar las poblaciones indiferentes y ap\u00e1ticas. Si no aceptamos como ataques de la guerra social los intentos del estado en reducirnos no salimos del papel de v\u00edctimas. En cambio, si logramos romper el cascar\u00f3n de v\u00edctimas nos encontremos tal vez con la nada pero ese es el asunto: el crear, construir algo que rompa con lo que nos cre\u00f3 (tan podridamente: civilizaci\u00f3n). La soluci\u00f3n no viene del que oprime y por eso su sistema se pudre, pues es su sistema (institucional) no el de todos y todas, todoas.<\/p>\n<p style=\"text-align: center;\">\u00a1ORGANIZANDO LA RABIA PARA DEFENDER LA VIDA!<\/p>\n<p style=\"text-align: center;\">Desde el Reclusorio Preventivo Varonil Sur<\/p>\n<p style=\"text-align: center;\">Luis Fernando Sotelo<\/p>\n<p>[:]<\/p>\n","protected":false},"excerpt":{"rendered":"<p>[:es]Hola a todxs lxs compas organizados en este encuentro, y en otros m\u00e1s, que rompen la imposici\u00f3n de la \u201crealidad\u201d\u2026 les saludo con gusto de saber que me leen y que por all\u00e1 en esos lados tan lejanos se organiza la rebeld\u00eda. A poco m\u00e1s de un a\u00f1o de encarcelamiento podr\u00eda pronunciarme solo por la [&hellip;]<\/p>\n","protected":false},"author":1,"featured_media":0,"comment_status":"open","ping_status":"closed","sticky":false,"template":"","format":"standard","meta":{"footnotes":""},"categories":[183,962],"tags":[965,37],"class_list":["post-15776","post","type-post","status-publish","format-standard","hentry","category-blog","category-presos","tag-jornada-por-nuestrxs-presxs","tag-presos-politicos"],"_links":{"self":[{"href":"https:\/\/radiozapatista.org\/index.php?rest_route=\/wp\/v2\/posts\/15776","targetHints":{"allow":["GET"]}}],"collection":[{"href":"https:\/\/radiozapatista.org\/index.php?rest_route=\/wp\/v2\/posts"}],"about":[{"href":"https:\/\/radiozapatista.org\/index.php?rest_route=\/wp\/v2\/types\/post"}],"author":[{"embeddable":true,"href":"https:\/\/radiozapatista.org\/index.php?rest_route=\/wp\/v2\/users\/1"}],"replies":[{"embeddable":true,"href":"https:\/\/radiozapatista.org\/index.php?rest_route=%2Fwp%2Fv2%2Fcomments&post=15776"}],"version-history":[{"count":0,"href":"https:\/\/radiozapatista.org\/index.php?rest_route=\/wp\/v2\/posts\/15776\/revisions"}],"wp:attachment":[{"href":"https:\/\/radiozapatista.org\/index.php?rest_route=%2Fwp%2Fv2%2Fmedia&parent=15776"}],"wp:term":[{"taxonomy":"category","embeddable":true,"href":"https:\/\/radiozapatista.org\/index.php?rest_route=%2Fwp%2Fv2%2Fcategories&post=15776"},{"taxonomy":"post_tag","embeddable":true,"href":"https:\/\/radiozapatista.org\/index.php?rest_route=%2Fwp%2Fv2%2Ftags&post=15776"}],"curies":[{"name":"wp","href":"https:\/\/api.w.org\/{rel}","templated":true}]}}