{"id":15766,"date":"2015-12-23T11:35:59","date_gmt":"2015-12-23T17:35:59","guid":{"rendered":"https:\/\/radiozapatista.org\/?p=15766"},"modified":"2015-12-23T11:35:59","modified_gmt":"2015-12-23T17:35:59","slug":"pronunciamiento-de-semilla-digna-por-la-recuperacion-de-tierras-san-isidro-los-laureles","status":"publish","type":"post","link":"https:\/\/radiozapatista.org\/?p=15766","title":{"rendered":"Pronunciamiento de Semilla DIgna por la recuperaci\u00f3n de tierras San Isidro los Laureles"},"content":{"rendered":"<p>Al Ej\u00e9rcito Zapatista de Liberaci\u00f3n Nacional y a las Juntas de Buen Gobierno<br \/>\nAl Congreso Nacional Ind\u00edgena CNI<br \/>\nA la Sexta Nacional e Internacional<br \/>\nA la Red Contra la Represi\u00f3n y por la Solidaridad<br \/>\nA los medios libres, alternativos, aut\u00f3nomos o como se llamen<br \/>\nA las Organizaciones, Movimientos y Colectivos Independientes del Mundo<br \/>\nA los y las Defensores de Derechos Humanos Independientes<\/p>\n<p>Hoy d\u00eda 20 de Diciembre de 2015, las comunidades, familias y colectivos reunidos en el Espacio de Lucha &#8220;Semilla Digna&#8221;, adherente a La Sexta, nos pronunciamos en apoyo a la recuperaci\u00f3n de la tierra y territorio de lxs compa\u00f1erxs adherentes y pertenecientes a \u00b7&#8221;Semilla Digna&#8221; de San Isidro Los Laureles (municipio Venustiano Carranza) Chiapas, que se llev\u00f3 a cabo en la ma\u00f1ana del d\u00eda de hoy.<\/p>\n<p>Nuestrxs hermanxs de lucha de esa comunidad, han tomado la decisi\u00f3n de recuperar alrededor de 165 hectareas de: el Predio &#8220;Tres Picos&#8221; (propiedad de Octov\u00edn Albores, propietario de 30 hect\u00e1reas), &#8220;Las Delicias&#8221;(propiedad de Francisco Javier Ru\u00edz, propietario de 60 hect\u00e1ras), y la Finca &#8220;El Refugio&#8221;(propiedad de Rodrigo Ru\u00edz, propietario de 75 hect\u00e1reas). Todos ellos, eran tambi\u00e9n propietarios de la suma de 85 hectareas en total aproximadamente, las cu\u00e1les a\u00f1os antes parcelaron y vendieron.<\/p>\n<p>Sabemos que la necesidad de las familias de San Isidro es mucha y, como siempre, lxs ricxs tienen mucho y lxs pobres no tenemos nada. Porque bien sabemos que sus abuelos fueron mozos y acasillados en estas tierras que en aquel entonces eran de un solo propietario, y adem\u00e1s sus abuelos fueron mal pagados, habiendo trabajado una buena parte de sus vidas all\u00e1.<\/p>\n<p><!--more--><\/p>\n<p>Como &#8220;Semilla Digna&#8221; nos sumamos a esta iniciativa civil y pac\u00edfica, poniendo esp\u00edritu y cuerpo en esa acci\u00f3n, porque sabemos que es la \u00fanica forma de responder a esas necesidades, y adem\u00e1s, como pueblos ind\u00edgenas que somos, recuperando ese territorio estamos cuidando y defendiendo nuestra madre tierra. Nos basamos pu\u00e9s en el &#8220;Convenio 169 sobre Pueblos Ind\u00edgenas y Tribales en Pa\u00edses Independientes&#8221; de la OIT sobre el Derecho a la Autodeterminaci\u00f3n de Los Pueblos (enespec\u00edfico el art\u00edculo 14, secci\u00f3n 1, de la Parte II del Convenio), por lo que consideramos tenemos derecho a recuperar los territorios que hemos trabajado ancestralmente.<\/p>\n<p>Hacemos responsables a los 3 niveles de Mal Gobierno: Fernando Najera Pe\u00f1a (Presidente Municipal de Carranza), Manuel Velasco Coello (gobernador del estado de Chiapas), y Enrique Pe\u00f1a Nieto (presidente de la rep\u00fablica de M\u00e9xico), y a los terratenientes propietarios de \u00e9stas hect\u00e1reas hasta la toma, de cualquier cosa que pueda pasar a nuestrxs compa\u00f1erxs de San Isidro Los Laureles o personas u organizaciones solidarias con la causa.<\/p>\n<p>Les invitmaos a estar atentxs ante posibles desalojos y represi\u00f3n.<\/p>\n<p style=\"text-align: center;\">\u00a1\u00a1\u00a1 SI TOCAN A UNX, TOCAN A TODXS !!!<br \/>\n\u00a1\u00a1\u00a1 LA TIERRA ES DE QUIEN LA TRABAJA !!!<\/p>\n<p style=\"text-align: center;\">Firma: &#8220;SEMILLA DIGNA DE LOS PUEBLOS DE CHIAPAS&#8221;<br \/>\nconformada por\u00a0 San Francisco (Teopisca), familias organizadas de San Isidro Ocotal, Candelaria el Alto, Cruzt\u00f3n, Grupo de Trabajo &#8220;No Estamos Todxs&#8221;, San Isidro Los Laureles, Familia Organizada de &#8220;El Chivero&#8221; (municipio Teopisca), familia organizada de Alcanfores (municipio San Crist\u00f3bal de Las Casas).<\/p>\n<p><\/p>","protected":false},"excerpt":{"rendered":"<p>Al Ej\u00e9rcito Zapatista de Liberaci\u00f3n Nacional y a las Juntas de Buen Gobierno Al Congreso Nacional Ind\u00edgena CNI A la Sexta Nacional e Internacional A la Red Contra la Represi\u00f3n y por la Solidaridad A los medios libres, alternativos, aut\u00f3nomos o como se llamen A las Organizaciones, Movimientos y Colectivos Independientes del Mundo A los [&hellip;]<\/p>\n","protected":false},"author":1,"featured_media":0,"comment_status":"open","ping_status":"closed","sticky":false,"template":"","format":"standard","meta":{"footnotes":""},"categories":[183],"tags":[968,654],"class_list":["post-15766","post","type-post","status-publish","format-standard","hentry","category-blog","tag-san-isidro-los-laureles","tag-semilla-digna"],"_links":{"self":[{"href":"https:\/\/radiozapatista.org\/index.php?rest_route=\/wp\/v2\/posts\/15766","targetHints":{"allow":["GET"]}}],"collection":[{"href":"https:\/\/radiozapatista.org\/index.php?rest_route=\/wp\/v2\/posts"}],"about":[{"href":"https:\/\/radiozapatista.org\/index.php?rest_route=\/wp\/v2\/types\/post"}],"author":[{"embeddable":true,"href":"https:\/\/radiozapatista.org\/index.php?rest_route=\/wp\/v2\/users\/1"}],"replies":[{"embeddable":true,"href":"https:\/\/radiozapatista.org\/index.php?rest_route=%2Fwp%2Fv2%2Fcomments&post=15766"}],"version-history":[{"count":0,"href":"https:\/\/radiozapatista.org\/index.php?rest_route=\/wp\/v2\/posts\/15766\/revisions"}],"wp:attachment":[{"href":"https:\/\/radiozapatista.org\/index.php?rest_route=%2Fwp%2Fv2%2Fmedia&parent=15766"}],"wp:term":[{"taxonomy":"category","embeddable":true,"href":"https:\/\/radiozapatista.org\/index.php?rest_route=%2Fwp%2Fv2%2Fcategories&post=15766"},{"taxonomy":"post_tag","embeddable":true,"href":"https:\/\/radiozapatista.org\/index.php?rest_route=%2Fwp%2Fv2%2Ftags&post=15766"}],"curies":[{"name":"wp","href":"https:\/\/api.w.org\/{rel}","templated":true}]}}