{"id":15728,"date":"2015-12-14T21:56:30","date_gmt":"2015-12-15T03:56:30","guid":{"rendered":"https:\/\/radiozapatista.org\/?p=15728"},"modified":"2015-12-14T21:56:51","modified_gmt":"2015-12-15T03:56:51","slug":"cemei-verdia-preso-politico-de-la-comunidad-indigena-de-santa-maria-ostula","status":"publish","type":"post","link":"https:\/\/radiozapatista.org\/?p=15728","title":{"rendered":"Ceme\u00ed Verd\u00eda, preso pol\u00edtico de la comunidad ind\u00edgena de Santa Mar\u00eda Ostula"},"content":{"rendered":"<p><iframe loading=\"lazy\" src=\"https:\/\/www.youtube.com\/embed\/0-wauu3s2EY\" width=\"560\" height=\"315\" frameborder=\"0\" allowfullscreen=\"allowfullscreen\"><\/iframe><\/p>\n<p><a href=\"https:\/\/radiozapatista.org\/?tag=jornada-por-nuestrxs-presxs\" target=\"_blank\">JORNADA NACIONAL E INTERNACIONAL POR NUESTRAS COMPA\u00d1ERAS Y NUESTROS COMPA\u00d1EROS PRESOS POL\u00cdTICOS<\/a>, DEL 6 AL 20 DE DICIEMBRE DEL 2015<\/p>","protected":false},"excerpt":{"rendered":"<p>JORNADA NACIONAL E INTERNACIONAL POR NUESTRAS COMPA\u00d1ERAS Y NUESTROS COMPA\u00d1EROS PRESOS POL\u00cdTICOS, DEL 6 AL 20 DE DICIEMBRE DEL 2015<\/p>\n","protected":false},"author":1,"featured_media":0,"comment_status":"open","ping_status":"closed","sticky":false,"template":"","format":"standard","meta":{"footnotes":""},"categories":[826,954,962,222],"tags":[965,549,114,78,37],"class_list":["post-15728","post","type-post","status-publish","format-standard","hentry","category-medios-libres-2","category-mexico","category-presos","category-video","tag-jornada-por-nuestrxs-presxs","tag-michoacan","tag-ostula","tag-policia-comunitaria","tag-presos-politicos"],"_links":{"self":[{"href":"https:\/\/radiozapatista.org\/index.php?rest_route=\/wp\/v2\/posts\/15728","targetHints":{"allow":["GET"]}}],"collection":[{"href":"https:\/\/radiozapatista.org\/index.php?rest_route=\/wp\/v2\/posts"}],"about":[{"href":"https:\/\/radiozapatista.org\/index.php?rest_route=\/wp\/v2\/types\/post"}],"author":[{"embeddable":true,"href":"https:\/\/radiozapatista.org\/index.php?rest_route=\/wp\/v2\/users\/1"}],"replies":[{"embeddable":true,"href":"https:\/\/radiozapatista.org\/index.php?rest_route=%2Fwp%2Fv2%2Fcomments&post=15728"}],"version-history":[{"count":0,"href":"https:\/\/radiozapatista.org\/index.php?rest_route=\/wp\/v2\/posts\/15728\/revisions"}],"wp:attachment":[{"href":"https:\/\/radiozapatista.org\/index.php?rest_route=%2Fwp%2Fv2%2Fmedia&parent=15728"}],"wp:term":[{"taxonomy":"category","embeddable":true,"href":"https:\/\/radiozapatista.org\/index.php?rest_route=%2Fwp%2Fv2%2Fcategories&post=15728"},{"taxonomy":"post_tag","embeddable":true,"href":"https:\/\/radiozapatista.org\/index.php?rest_route=%2Fwp%2Fv2%2Ftags&post=15728"}],"curies":[{"name":"wp","href":"https:\/\/api.w.org\/{rel}","templated":true}]}}