{"id":15652,"date":"2015-12-10T18:39:45","date_gmt":"2015-12-11T00:39:45","guid":{"rendered":"https:\/\/radiozapatista.org\/?p=15652"},"modified":"2015-12-10T18:39:45","modified_gmt":"2015-12-11T00:39:45","slug":"acto-politico-por-la-libertad-del-cte-cemei-verdia-en-el-df","status":"publish","type":"post","link":"https:\/\/radiozapatista.org\/?p=15652","title":{"rendered":"Acto pol\u00edtico por la libertad del Cte. Ceme\u00ed Verd\u00eda en el DF"},"content":{"rendered":"<p>A la sociedad civil nacional e internacional.<br \/>\nA los pueblos del mundo.<br \/>\nA la sexta nacional e internacional.<\/p>\n<p>Como es del conocimiento p\u00fablico desde el pasado primero de diciembre la comunidad ind\u00edgena de Santa Mar\u00eda Ostula emprendi\u00f3 diferentes movilizaciones ANTE LA FALTA DE VOLUNTAD POR PARTE DEL ESTADO MEXICANO EN TODOS SUS NIVELES PARA LIBERAR A CEME\u00cd VERD\u00cdA ZEPEDA, PRESO INJUSTAMENTE DESDE EL 19 DE JULIO DEL PRESENTE A\u00d1O; Y PARA RESOLVER LA GRAVE PROBLEM\u00c1TICA DE LA COMUNIDAD Y DE LA REGI\u00d3N DE LA COSTA-SIERRA DE MICHOAC\u00c1N.<\/p>\n<p>El pr\u00f3ximo 14 de diciembre los \u00f3rganos de justicia del estado de Michoac\u00e1n desahogar\u00e1n la apelaci\u00f3n que interpuso la defensa de Ceme\u00ed Verd\u00eda para lograr su libertad. En est\u00e9 marco hacemos un llamado a la solidaridad de la sociedad civil, las organizaciones sociales, medios libres, colectivos, y en general al pueblo de M\u00e9xico y el Mundo; que por los medios que tengamos a nuestro alcance exijamos la libertad de Ceme\u00ed Verd\u00eda.<\/p>\n<p>Por nuestra parte convocamos a un acto pol\u00edtico el pr\u00f3ximo 14 de diciembre en la oficina de representaci\u00f3n del gobierno de Michoac\u00e1n, Calle Kansas 48, Benito Ju\u00e1rez, N\u00e1poles, 03810 Ciudad de M\u00e9xico, a las 11 a.m., exigiendo:<\/p>\n<p>1. La LIBERTAD INMEDIATA E INCONDICIONAL DEL COMANDANTE CEME\u00cd<\/p>\n<p>2. EL CASTIGO DE LOS MANDOS Y DE LOS INTEGRANTES DE LAS CORPORACIONES MILITARES Y POLICIACAS QUE ASESINARON AL NI\u00d1O HIDELBERTO REYES GARC\u00cdA el pasado 19 de julio.<\/p>\n<p>3. PRESENTACI\u00d3N CON VIDA DE LOS 6 COMUNEROS DESAPARECIDOS Y EL CASTIGO A LOS AUTORES INTELECTUALES Y MATERIALES DEL ASESINATO DE 34 COMUNEROS PERTENECIENTES LA COMUNIDAD DE OSTULA A LO LARGO DE LOS \u00daLTIMOS CUATRO A\u00d1OS.<\/p>\n<p>Atentamente<\/p>\n<p>Equipo de apoyo y solidaridad con la comunidad ind\u00edgena de Santa Mar\u00eda Ostula<\/p>","protected":false},"excerpt":{"rendered":"<p>A la sociedad civil nacional e internacional. A los pueblos del mundo. A la sexta nacional e internacional. Como es del conocimiento p\u00fablico desde el pasado primero de diciembre la comunidad ind\u00edgena de Santa Mar\u00eda Ostula emprendi\u00f3 diferentes movilizaciones ANTE LA FALTA DE VOLUNTAD POR PARTE DEL ESTADO MEXICANO EN TODOS SUS NIVELES PARA LIBERAR [&hellip;]<\/p>\n","protected":false},"author":1,"featured_media":0,"comment_status":"open","ping_status":"closed","sticky":false,"template":"","format":"standard","meta":{"footnotes":""},"categories":[183],"tags":[204,912,114,78],"class_list":["post-15652","post","type-post","status-publish","format-standard","hentry","category-blog","tag-guerra","tag-narcoestado","tag-ostula","tag-policia-comunitaria"],"_links":{"self":[{"href":"https:\/\/radiozapatista.org\/index.php?rest_route=\/wp\/v2\/posts\/15652","targetHints":{"allow":["GET"]}}],"collection":[{"href":"https:\/\/radiozapatista.org\/index.php?rest_route=\/wp\/v2\/posts"}],"about":[{"href":"https:\/\/radiozapatista.org\/index.php?rest_route=\/wp\/v2\/types\/post"}],"author":[{"embeddable":true,"href":"https:\/\/radiozapatista.org\/index.php?rest_route=\/wp\/v2\/users\/1"}],"replies":[{"embeddable":true,"href":"https:\/\/radiozapatista.org\/index.php?rest_route=%2Fwp%2Fv2%2Fcomments&post=15652"}],"version-history":[{"count":0,"href":"https:\/\/radiozapatista.org\/index.php?rest_route=\/wp\/v2\/posts\/15652\/revisions"}],"wp:attachment":[{"href":"https:\/\/radiozapatista.org\/index.php?rest_route=%2Fwp%2Fv2%2Fmedia&parent=15652"}],"wp:term":[{"taxonomy":"category","embeddable":true,"href":"https:\/\/radiozapatista.org\/index.php?rest_route=%2Fwp%2Fv2%2Fcategories&post=15652"},{"taxonomy":"post_tag","embeddable":true,"href":"https:\/\/radiozapatista.org\/index.php?rest_route=%2Fwp%2Fv2%2Ftags&post=15652"}],"curies":[{"name":"wp","href":"https:\/\/api.w.org\/{rel}","templated":true}]}}