{"id":1508,"date":"2011-02-10T15:53:34","date_gmt":"2011-02-10T21:53:34","guid":{"rendered":"https:\/\/radiozapatista.org\/?p=1508"},"modified":"2011-02-10T15:53:34","modified_gmt":"2011-02-10T21:53:34","slug":"comunicado-ejidatarios-de-bachajon-inician-planton-en-el-crucero-agua-azul","status":"publish","type":"post","link":"https:\/\/radiozapatista.org\/?p=1508","title":{"rendered":"<!--:es-->Comunicado: Ejidatarios de Bachaj\u00f3n inician plant\u00f3n en el Crucero Agua Azul<!--:--><!--:en-->Communiqu\u00e9: Members of Bachaj\u00f3n begin sit-in at the crossroados of Agua Azul<!--:-->"},"content":{"rendered":"<p><!--:es--><\/p>\n<p style=\"text-align: center;\"><strong>EJIDO SAN SEBASTIAN BACHAJ\u00d3N, ADHERENTES A LA OTRA CAMPA\u00d1A DE LA SEXTA DECLARACI\u00d3N DE LA SELVA LACANDONA. CHIAPAS, M\u00c9XICO.<\/strong><\/p>\n<p style=\"text-align: left;\">A 10 DE FEBRERO DE 2011<\/p>\n<p>A LAS ORGANIZACIONES CIVILES<br \/>\nA LA OTRA CAMPA\u00d1A NACIONAL E INTERNACIONAL<br \/>\nA LOS MEDIOS DE COMUNICACI\u00d3N MASIVOS Y ALTERNATIVOS<br \/>\nA LAS DEPENDENCIAS DEL GOBIERNO FEDERAL Y ESTATAL<br \/>\nA LA SOCIEDAD CIVIL<br \/>\nA LA OPINI\u00d3N P\u00daBLICA<br \/>\nA LAS ORGANIZACIONES INDEPENDIENTES Y DEMOCRATICAS<br \/>\nA LA PRENSA NACIONAL E INTERNACIONAL<\/p>\n<p><strong>COMUNICADO<\/strong><\/p>\n<p>POR MEDIO DEL PRESENTE ESCRITO ENVIAMOS UN COMUNICADO QUE ESTE 10 DE FEBRERO 2011 ADHERENTES A LA OTRA CAMPA\u00d1A DEL EJIDO SAN SEBASTIAN BACHAJON. <strong>SE REALIZAR\u00c1 UN PLANT\u00d3N EN EL CRUCERO DE AGUA AZUL POR UN TIEMPO INDEFINIDO PARA EXIGIRLE AL GOBIERNO DE JUAN SABINES QUE LIBERE A LOS 10 COMPA\u00d1EROS PRESOS DETENIDOS INJUSTAMENTE EL PASADO 3 DE FEBRERO DEL PRESENTE A\u00d1O<\/strong>, DONDE INJUSTAMENTE LAS AUTORIDADES DE DIFERENTES DEPENDENCIAS DEL GOBIERNO LE EST\u00c1N FABRICANDO DELITOS DE HOMICIDIO CALIFICADO DONDE EL PASADO 2 DE FEBRERO PERDI\u00d3 LA VIDA UN PRIISTA DURANTE UN ENFRENTAMIENTO QUE EL MISMO GOBIERNO ORGANIZO A LOS PRIISTAS COMO UN PRETEXTO PARA APODERARSE DEL CENTRO ECOTURISTICO CASCADAS DE AGUA AZUL PARA SUS INTERESES Y PROYECTOS TRANSNACIONALES.<\/p>\n<p>ESTA MUY CLARO QUE MEDIANTE ESTA VIOLENCIA ES LA MEJOR MANERA DE OBTENER LO QU SIEMPRE HA QUERIDO YA QUE A ANUNCIADO EN DIFERENTES MEDIOS DE COMUNICACI\u00d3N QUE EL GOBIERNO VINO A PONER EN ORDEN EN AGUA AZUL. QUE SINICO QUE <strong>EL GOBERNADOR ESTA USANDO A UNOS DELINCUENTES PARA DESESTABILIZAR A LA SOCIEDAD POR CULPA DEL GOBIERNO A SURGIDO UNA OLA DE AMENAZAS Y VIOLENCIA QUE NO LE IMPORTA LA VIDA DE UN SER HUMANO COMO NOSOTROS, QUE HA NUESTROS COMPA\u00d1EROS LOS HA TOMADO COMO REHENES DETENIDOS EL PASADO 3 DE FEBRERO<\/strong>, ES UNA MANERA DE OBTENER LO QUE QUIERE, QUE VERGUENZA QUE INVIRTI\u00d3 MUCHO DINERO EN EL MUNICIPIO PARA REPARTIR MUCHOS PROYECTOS CON TAL DE APODERARSE DE NUESTROS RECURSOS NATURALES QUE NUESTROS ANCESTROS NOS HAN HEREDADO PARA NUESTROS HIJOS GENERACI\u00d3N TRAS GENERACI\u00d3N.<\/p>\n<p>PERO COMO ORGANIZACIONES ESTAMOS DISPUESTOS A DEMOSTRARLE AL GOBIERNO QUE LA CASETA DE COBRO JAMAS SER\u00c1 DEL GOBIERNO, QUE VAMOS A DEFENDERLO HASTA LAS ULTIMAS CONSECUENCIAS AUNQUE LE PARESCA UN DELITO DEFENDER NUESTROS RECURSOS NATURALES EN MANOS DE EMPRESAS TRANSNACIONALES COMO LEGITIMOS DUE\u00d1OS DE ESTAS TIERRAS TENEMOS LA DIGNIDAD Y EL VALOR DE DEMOSTRARLE AL GOBIERNO CORRUPTO VENDE PATRIA LO QUE SOMOS REALMENTE, LA ESPERANZA DE MUCHOS.<\/p>\n<p>QUE NUESTRAS PALABRAS NUNCA SE MUEREN AUNQUE EL GOBIERNO ESTA USANDO DIFERENTES MDIOS PARA SENTIRSE FAMOSO PERO QUE LASTIMA QUE SU IGNORANCIA NO MATA, AL CONTRARIO NOS HACE SENTIR M\u00c1S FUERTES, AUN CUANDO LOS PRIISTAS HAN DEMOSTRADO LO IGNORANTES QUE SON YA QUE NO ES LA PRIMERA VEZ QUE LO HACEN, EL 29 DE ABRIL DE 2009 FIRMARON UN CONVENIO CON EL GOBIERNO Y OTRO EL 5 DE MAYO DEL 2009 ELABORARON UN CONVENIO CON EL COMISARIADO DE TUMBALA Y ENTREGARSELO AL GOBIERNO AL CENTRO ECOTURISTICO, DE IGUAL MANERA ADHERENTES A LA OTRA CAMPA\u00d1A LO RECUPERARON DONDE HUBO DETENCIONES Y ENCARCELAMIENTOS DE 7 COMPA\u00d1EROS FABRICANDOLES DELITOS AUN AS\u00cd NO LOGR\u00d3 SU OBJETIVO.<\/p>\n<p>TAL COMO AHORA VUELVE A REPETIR USANDO A LAS AUTORIDADES DEL AYUNTAMIENTO Y DELINCUENTES COMO EL <strong>C. FRANCISCO GUZMAN JIMENEZ (ALIAS GOYITO) Y EL C. CARMEN AGUILAR G\u00d3MEZ<\/strong>, EXFUNCIONARIO DEL AYUNTAMIENTO DONDE FUE PRESO POR FALSIFICAR FIRMAS PARA VALES DE GASOLINA, PRINCIPAL AUTOR DE ROBO DE VEHICULO, FIEL AMIGO DE NOE CASTA\u00d1ON LEON <strong>Y EL DELEGADO DE GOBIERNO DE CHIL\u00d3N <\/strong>YA QUE ANTERIORMENTE VENIAN REALIZANDO<strong> REUNIONES PRIVADAS CON EL SECRETARIO DE GOBIERNO NOE CASTA\u00d1ON LEON PARA PLANEAR BIEN COMO IBAN A RECUPERAR LA CASETA DE COBRO<\/strong>.<\/p>\n<p>COMO EL PASADO 3 DE FEBRERO DE 2011, POLICIAS DE DIFERENTES DEPENDENCIAS DEL GOBIERNO DETUVIERON A 117 COMPA\u00d1EROS Y DESPUES FUERON LIBERADOS 107 COMPA\u00d1EROS <strong>ACTUALMENTE 10 COMPA\u00d1EROS EST\u00c1N PRESOS, TOMADOS COMO REHENES PARA QUE EL GOBIERNO LOGRE SU OBJETIVO SOBRE LOS PRESOS POLIT\u00cdCOS QUE SUS DELITOS ES DEFENDER SU TERRITORIO Y SU AUTONOM\u00cdA Y PROTEGER SUS RECURSOS NATURALES QUE HAY EN EL EJIDO<\/strong>, POR ESTA RAZ\u00d3N LES PEDIMOS A LAS DEMAS ORGANIZACIONES PARA QUE NOS SOLIDARICEMOS A ESTA NOBLE CAUSA PARA DEMOSTRAR AL GOBIERNO CORRUPTO QUE NO ESTAMOS SOLOS.<\/p>\n<ul>\n<li> <strong>EXIGIMOS LA PRONTA LIBERACI\u00d3N DE NUESTROS 10 COMPA\u00d1EROS DETENIDOS EL PASADO 3 DE FEBRERO TOMADOS COMO REHENES POR EL GOBIERNO CORRUPTO DE JUAN SABINES GUERRERO Y SUS COLABORADORES PRIISTAS Y AGITADORES DE LA SOCIEDAD.<\/strong><\/li>\n<li><strong>EXIGIMOS LA PRONTA SALIDA DE LOS POLICIAS PREVENTIVOS EN LA CASETA DE COBRO DE AGUA AZUL.<\/strong><\/li>\n<li><strong>EXIGIMOS AL GOBIERNO DE JUAN SABINES QUE NOS RESPETE EL DERECHO A LA AUTODETERMINACI\u00d3N COMO PUEBLOS INDIGENAS LO QUE MARCA EL ART\u00cdCULO 2 DE LA CONSTITUCI\u00d3N POL\u00cdTICA DE LOS ESTADOS UNIDOS MEXICANOS.<\/strong><\/li>\n<\/ul>\n<p style=\"text-align: center;\"><strong>ATENTAMENTE<\/strong><\/p>\n<p style=\"text-align: center;\"><strong>\u00a1TIERRA Y LIBERTAD!<\/strong><\/p>\n<p style=\"text-align: center;\"><strong>HASTA LA VICTORIA SIEMPRE<\/strong><\/p>\n<p><!--:--><\/p>\n","protected":false},"excerpt":{"rendered":"<p>EJIDO SAN SEBASTIAN BACHAJ\u00d3N, ADHERENTES A LA OTRA CAMPA\u00d1A DE LA SEXTA DECLARACI\u00d3N DE LA SELVA LACANDONA. CHIAPAS, M\u00c9XICO. A 10 DE FEBRERO DE 2011 A LAS ORGANIZACIONES CIVILES A LA OTRA CAMPA\u00d1A NACIONAL E INTERNACIONAL A LOS MEDIOS DE COMUNICACI\u00d3N MASIVOS Y ALTERNATIVOS A LAS DEPENDENCIAS DEL GOBIERNO FEDERAL Y ESTATAL A LA SOCIEDAD [&hellip;]<\/p>\n","protected":false},"author":1,"featured_media":0,"comment_status":"open","ping_status":"open","sticky":false,"template":"","format":"standard","meta":{"footnotes":""},"categories":[183],"tags":[60,61,917,37],"class_list":["post-1508","post","type-post","status-publish","format-standard","hentry","category-blog","tag-agua-azul","tag-bachajon","tag-chiapas","tag-presos-politicos"],"_links":{"self":[{"href":"https:\/\/radiozapatista.org\/index.php?rest_route=\/wp\/v2\/posts\/1508","targetHints":{"allow":["GET"]}}],"collection":[{"href":"https:\/\/radiozapatista.org\/index.php?rest_route=\/wp\/v2\/posts"}],"about":[{"href":"https:\/\/radiozapatista.org\/index.php?rest_route=\/wp\/v2\/types\/post"}],"author":[{"embeddable":true,"href":"https:\/\/radiozapatista.org\/index.php?rest_route=\/wp\/v2\/users\/1"}],"replies":[{"embeddable":true,"href":"https:\/\/radiozapatista.org\/index.php?rest_route=%2Fwp%2Fv2%2Fcomments&post=1508"}],"version-history":[{"count":0,"href":"https:\/\/radiozapatista.org\/index.php?rest_route=\/wp\/v2\/posts\/1508\/revisions"}],"wp:attachment":[{"href":"https:\/\/radiozapatista.org\/index.php?rest_route=%2Fwp%2Fv2%2Fmedia&parent=1508"}],"wp:term":[{"taxonomy":"category","embeddable":true,"href":"https:\/\/radiozapatista.org\/index.php?rest_route=%2Fwp%2Fv2%2Fcategories&post=1508"},{"taxonomy":"post_tag","embeddable":true,"href":"https:\/\/radiozapatista.org\/index.php?rest_route=%2Fwp%2Fv2%2Ftags&post=1508"}],"curies":[{"name":"wp","href":"https:\/\/api.w.org\/{rel}","templated":true}]}}