{"id":1501,"date":"2011-02-10T14:09:55","date_gmt":"2011-02-10T20:09:55","guid":{"rendered":"https:\/\/radiozapatista.org\/?p=1501"},"modified":"2011-02-10T14:10:16","modified_gmt":"2011-02-10T20:10:16","slug":"carta-internacional-nuestros-companers-detenidos-de-bachajon-no-estan-sols","status":"publish","type":"post","link":"https:\/\/radiozapatista.org\/?p=1501","title":{"rendered":"Carta internacional- Nuestros compa\u00f1er@s detenidos de Bachaj\u00f3n No estan sol@s"},"content":{"rendered":"<p>A la Otra Campa\u00f1a y la Zezta Internazional<br \/>\nA la gente honesta de M\u00e9xico y del Mundo<\/p>\n<p>Compa\u00f1eros y Compa\u00f1eras,<\/p>\n<p>El 3 de febrero integrantes del Ejido de San Sebasti\u00e1n Bachaj\u00f3n, adherentes a la Otra Campa\u00f1a, fueron desalojados, agredidos y m\u00e1s de cien personas fueron detenidas por la Polic\u00eda Estatal de Chiapas y la Polic\u00eda Federal con el apoyo del Ej\u00e9rcito Mexicano.  La agresi\u00f3n ocurre en una protesta sobre la carretera Ocosingo-Palenque despu\u00e9s de que el 2 de febrero un grupo de militantes del Partido Revolucionario Institucional (PRI) despoj\u00f3 violentamente a los ejidatarios de la caseta de cobro de las Cascadas de Agua Azul.<\/p>\n<p>El Gobierno de Chiapas, a cargo de Juan Sabines Guerrero, decidi\u00f3 no intervenir ante el despojo del que fueron v\u00edctima los ejidatarios de la Otra Campa\u00f1a con lo que favoreci\u00f3 que la agresi\u00f3n inicial derivara en un enfrentamiento en el que una persona result\u00f3 muerta y dos m\u00e1s fueron heridas.  Y no s\u00f3lo eso, sino que utiliz\u00f3 el conflicto para lanzar una nueva agresi\u00f3n en contra de los ejidatarios. Juan Sabines, como digno heredero de los gobiernos chiapanecos, contin\u00faa con la estrategia de favorecer conflictos y enfrentamientos entre comunidades para poder avanzar en una estrategia paramilitar y represiva en contra del territorio de las comunidades Zapatistas y de la Otra Campa\u00f1a.<\/p>\n<p>Juan Sabines, como muchos otros en la clase pol\u00edtica mexicana, rinden \u201chomenaje\u201d a Don Samuel Ruiz frente a las c\u00e1maras para poder reprimir, despojar y asesinar a las comunidades que dedic\u00f3 su vida a defender.  Hoy las Cascadas de Agua Azul se encuentran ocupadas por la polic\u00eda de Chiapas, hay m\u00e1s de cien personas detenidas bajo la averiguaci\u00f3n previa 80\/SE74-T2\/2011 \u201cpara determinar a los responsables de los delitos de homicidio, lesiones, da\u00f1os, privaci\u00f3n ilegal de la libertad y ataques a las v\u00edas de comunicaci\u00f3n\u201d y la averiguaci\u00f3n previa federal AP\/PGR\/CHIS\/OCO\/03\/2011, no porque se busque la justicia, sino simplemente porque el Gobierno de Chiapas, con la complicidad del la PGR, la Polic\u00eda y  el Ej\u00e9rcito Federal, decidi\u00f3 favorecer y utilizar un conflicto para agredir y despojar al Ejido de San Sebasti\u00e1n Bachaj\u00f3n, adherente a la Otra Campa\u00f1a.<\/p>\n<p>Exigimos que sean liberadas las personas injustamente detenidas, que la polic\u00eda cese su ocupaci\u00f3n del territorio del Ejido de San Sebasti\u00e1n Bachaj\u00f3n y un alto a la pol\u00edtica represiva y paramilitar del gobierno de Juan Sabines Guerrero.<\/p>\n<p><strong>Internacionales:<\/strong><\/p>\n<p>Confederaci\u00f3n General del Trabajo (CGT) (Estado Espa\u00f1ol)<br \/>\nLa Plataforma de Solidaridad con Chiapas (Madrid)<br \/>\nDesde la Plataforma Vasca den Solidaridad con Chiapas<br \/>\nUni\u00f3n Mexicana Suiza (UMES) (Z\u00fcrich, Suiza)<br \/>\nColectivo ALANA (Solidaridad, Resistencia, Dignidad) (Grecia)<br \/>\nCooperativa de Comercio Solidario e Alternativo &#8220;LA SEMILLA&#8221; (Grecia)<br \/>\nIniciativa contra el Racismo (Thesaloniki, Grecia)<br \/>\nIniciativa por los Derechos de los Presos (Thesaloniki, Grecia)<br \/>\nAcci\u00f3n por la Libertad (Grecia)<br \/>\nColectivo de Solidaridad con los Zapatistas &#8220;SIN REMEDIO&#8221; (Thesaloniki, Grecia)<br \/>\nCaracol mundo-eco de latido en solidaridad (Viena, Austria)<br \/>\nGrupo IRU (Estado Espa\u00f1ol)<br \/>\nRed Libertaria Apoyo Mutuo (Estado Espa\u00f1ol)<br \/>\nTrois Passants (Francia)<br \/>\nSecretariado Internacional de la CNT (Francia)<br \/>\nComit\u00e9 de Solidaridad con los Pueblos de Chiapas en Lucha, CSPCL (Francia)<br \/>\nNodo Solidale (M\u00e9xico y Roma, Italia)<br \/>\nColectivo Zapatista &#8220;Marisol&#8221; de Lugano (Suiza)<\/p>\n<p><strong>Nacionales:<\/strong><\/p>\n<p>Red  contra la Represi\u00f3n y por la Solidaridad<br \/>\nUn\u00edos<br \/>\nUVyD 19 de septiembre<br \/>\nColectivo Casa sin Puertas<br \/>\nEnlace Urbano de Dignidad<br \/>\nNodo de Derechos Humanos<br \/>\nUni\u00f3n de Defensores de Derechos Humanos<br \/>\nColectivo de Trabajadores Democr\u00e1ticos<br \/>\nColectivo Utop\u00eda<\/p>","protected":false},"excerpt":{"rendered":"<p>A la Otra Campa\u00f1a y la Zezta Internazional A la gente honesta de M\u00e9xico y del Mundo Compa\u00f1eros y Compa\u00f1eras, El 3 de febrero integrantes del Ejido de San Sebasti\u00e1n Bachaj\u00f3n, adherentes a la Otra Campa\u00f1a, fueron desalojados, agredidos y m\u00e1s de cien personas fueron detenidas por la Polic\u00eda Estatal de Chiapas y la Polic\u00eda [&hellip;]<\/p>\n","protected":false},"author":1,"featured_media":0,"comment_status":"open","ping_status":"open","sticky":false,"template":"","format":"standard","meta":{"footnotes":""},"categories":[183],"tags":[60,61,917,920,37,27],"class_list":["post-1501","post","type-post","status-publish","format-standard","hentry","category-blog","tag-agua-azul","tag-bachajon","tag-chiapas","tag-europa","tag-presos-politicos","tag-solidaridad"],"_links":{"self":[{"href":"https:\/\/radiozapatista.org\/index.php?rest_route=\/wp\/v2\/posts\/1501","targetHints":{"allow":["GET"]}}],"collection":[{"href":"https:\/\/radiozapatista.org\/index.php?rest_route=\/wp\/v2\/posts"}],"about":[{"href":"https:\/\/radiozapatista.org\/index.php?rest_route=\/wp\/v2\/types\/post"}],"author":[{"embeddable":true,"href":"https:\/\/radiozapatista.org\/index.php?rest_route=\/wp\/v2\/users\/1"}],"replies":[{"embeddable":true,"href":"https:\/\/radiozapatista.org\/index.php?rest_route=%2Fwp%2Fv2%2Fcomments&post=1501"}],"version-history":[{"count":0,"href":"https:\/\/radiozapatista.org\/index.php?rest_route=\/wp\/v2\/posts\/1501\/revisions"}],"wp:attachment":[{"href":"https:\/\/radiozapatista.org\/index.php?rest_route=%2Fwp%2Fv2%2Fmedia&parent=1501"}],"wp:term":[{"taxonomy":"category","embeddable":true,"href":"https:\/\/radiozapatista.org\/index.php?rest_route=%2Fwp%2Fv2%2Fcategories&post=1501"},{"taxonomy":"post_tag","embeddable":true,"href":"https:\/\/radiozapatista.org\/index.php?rest_route=%2Fwp%2Fv2%2Ftags&post=1501"}],"curies":[{"name":"wp","href":"https:\/\/api.w.org\/{rel}","templated":true}]}}