{"id":14948,"date":"2015-11-01T11:24:41","date_gmt":"2015-11-01T17:24:41","guid":{"rendered":"https:\/\/radiozapatista.org\/?p=14948"},"modified":"2015-11-01T11:24:41","modified_gmt":"2015-11-01T17:24:41","slug":"carta-de-presos-en-el-dia-de-muertos","status":"publish","type":"post","link":"https:\/\/radiozapatista.org\/?p=14948","title":{"rendered":"[:es]Carta de presos en el d\u00eda de muertos[:en]Letter from prisoners on the Day of the Dead[:]"},"content":{"rendered":"<p>[:es]Roberto Paciencia Cruz, Lucio Hern\u00e1ndez Patishtan y Juan de la Cruz Ruiz, presos en el Cereso No.5 en San Crist\u00f3bal de Las Casas Chiapas, dan a conocer que a causa de las injusticias, en este 1 de noviembre no podr\u00e1n visitar las tumbas de sus difuntos pero realizar\u00e1n un altar en conmemoraci\u00f3n de quienes han muerto en la lucha. Invitan a las organizaciones sociales a seguir la exigencia de justicia y libertad por las personas injustamente encarceladas.<\/p>\n<p>Fuente: <a href=\"http:\/\/chiapasdenuncia.blogspot.mx\/2015\/10\/carta-de-presos-en-el-dia-de-muertos.html\" target=\"_blank\">http:\/\/chiapasdenuncia.<wbr \/>blogspot.mx\/2015\/10\/carta-de-<wbr \/>presos-en-el-dia-de-muertos.<wbr \/>html<\/a><\/p>\n<hr \/>\n<p>A la opinion publica<br \/>\nA los medios de comunicacion, Estatales, nacionales, Internacionales<br \/>\nA los medios alternativos<br \/>\nA las organizaciones independientes<br \/>\nA la sociedad Civil, Estatal, Nacional e Internacional<br \/>\nA los Defensores de los Derechos Humanos ONGS<\/p>\n<p>La injusticias, discriminaci\u00f3n, encarcelamientos injustos, es los que estamos viviendo en el pa\u00eds.<\/p>\n<p>Acausa de esto a todos-as nosotros-as no hemos podido estar en cada uno de nuestros hogares y desafortunadamente han fallecido nuestras familias cercanos. Hoy 1 de noviembre del a\u00f1o 2015, un d\u00eda especial en todo M\u00e9xico y en diferentes estados, municipios y comunidades, la mayor\u00eda de la gente selebramos el dia de los santos difuntos, mucha jente van y vienen en las diferentes tumbas donde descansan los restos de cada uno de sus seres queridos.<\/p>\n<p>Hoy y en este lugar acemos nuestro altar con la memoraci\u00f3n de nuestros-as familias, amigos-as y a todos-as a los hermanos caidos de 1994 como tambi\u00e9n a los-as hermanos de la masacre de acteal, a tatic Samuel Ruiz Garc\u00eda que lamentablemente se han adelantado de este mundo, algunos murieron luchando ya no estan precente en persona pero sus espiritus estara en cada uno de nuestros corazones.<\/p>\n<p>No hemos podido llevar tan siquiera un ramo de flores, por las injusticias que nos tienen privados de nuestros libertades, desde este penal nos solidarizamos en oracion, juntas-os rescordar estos casos dolosos. Por otro lado exijimos al precidente de la Republica Enrique Pe\u00f1a Nieto que libere a nuestros compa\u00f1eros presos en DF, Oaxaca a alejandro diaz santiz y tambi\u00e9n a nuestras libertades por ultimo invitamos a todas las organizaciones independientes estatales, nacionales e internacionales a sumarse en exijencia de justicia y las libertades de todos los presos politicos y de conciencia.<\/p>\n<p style=\"text-align: center;\">\u201cjusticia y libertad\u201d<br \/>\nFRATERNALMENTE<br \/>\nRoberto Paciencia Cruz<br \/>\nLucio Hern\u00e1ndez Patishtan<br \/>\nJuan de la Cruz Ruiz<\/p>\n<p style=\"text-align: center;\">Cereso No. 5 San Crist\u00f3bal de Las Casas, Chiapas, a 1 de noviembre 2015<\/p>\n<p>[:]<\/p>\n","protected":false},"excerpt":{"rendered":"<p>[:es]Roberto Paciencia Cruz, Lucio Hern\u00e1ndez Patishtan y Juan de la Cruz Ruiz, presos en el Cereso No.5 en San Crist\u00f3bal de Las Casas Chiapas, dan a conocer que a causa de las injusticias, en este 1 de noviembre no podr\u00e1n visitar las tumbas de sus difuntos pero realizar\u00e1n un altar en conmemoraci\u00f3n de quienes han [&hellip;]<\/p>\n","protected":false},"author":1,"featured_media":0,"comment_status":"open","ping_status":"closed","sticky":false,"template":"","format":"standard","meta":{"footnotes":""},"categories":[183],"tags":[948],"class_list":["post-14948","post","type-post","status-publish","format-standard","hentry","category-blog","tag-presos"],"_links":{"self":[{"href":"https:\/\/radiozapatista.org\/index.php?rest_route=\/wp\/v2\/posts\/14948","targetHints":{"allow":["GET"]}}],"collection":[{"href":"https:\/\/radiozapatista.org\/index.php?rest_route=\/wp\/v2\/posts"}],"about":[{"href":"https:\/\/radiozapatista.org\/index.php?rest_route=\/wp\/v2\/types\/post"}],"author":[{"embeddable":true,"href":"https:\/\/radiozapatista.org\/index.php?rest_route=\/wp\/v2\/users\/1"}],"replies":[{"embeddable":true,"href":"https:\/\/radiozapatista.org\/index.php?rest_route=%2Fwp%2Fv2%2Fcomments&post=14948"}],"version-history":[{"count":0,"href":"https:\/\/radiozapatista.org\/index.php?rest_route=\/wp\/v2\/posts\/14948\/revisions"}],"wp:attachment":[{"href":"https:\/\/radiozapatista.org\/index.php?rest_route=%2Fwp%2Fv2%2Fmedia&parent=14948"}],"wp:term":[{"taxonomy":"category","embeddable":true,"href":"https:\/\/radiozapatista.org\/index.php?rest_route=%2Fwp%2Fv2%2Fcategories&post=14948"},{"taxonomy":"post_tag","embeddable":true,"href":"https:\/\/radiozapatista.org\/index.php?rest_route=%2Fwp%2Fv2%2Ftags&post=14948"}],"curies":[{"name":"wp","href":"https:\/\/api.w.org\/{rel}","templated":true}]}}