{"id":1483,"date":"2011-02-12T23:51:06","date_gmt":"2011-02-13T05:51:06","guid":{"rendered":"https:\/\/radiozapatista.org\/?p=1483"},"modified":"2011-02-24T10:40:21","modified_gmt":"2011-02-24T16:40:21","slug":"presos-politicos-de-chiapas-reportaje-y-testimonios-de-familiares","status":"publish","type":"post","link":"https:\/\/radiozapatista.org\/?p=1483","title":{"rendered":"Presos pol\u00edticos de Chiapas &#8211; reportaje y testimonios de familiares"},"content":{"rendered":"<p>El 2 de febrero presos solidarios con la organizaci\u00f3n La Voz del Amate iniciaron una huelga de hambre para exigir su liberaci\u00f3n. Al d\u00eda siguiente, presos encarcelados en el Cereso 5 de San Crist\u00f3bal, miembros y solidarios de la Voz del Amate y adherentes a la Otra Campa\u00f1a iniciaron un ayuno y oraci\u00f3n de 36 horas, reanudada el 9 de febrero. Al mismo tiempo, el 3 de febrero fueron detenidos arbitrariamente 117 adherentes a la otra campa\u00f1a del ejido de San Sebati\u00e1n Bachaj\u00f3n. Dos d\u00edas despu\u00e9s 107 de ellos fueron liberados, permaneciendo presos 10 de ellos.<\/p>\n<p>En este programa, entrevistamos a familiares de presos pol\u00edticos miembros y solidarios con la Voz del Amate y de la Otra Campa\u00f1a, adem\u00e1s de entrevistas a ejidatarios de Bachaj\u00f3n y compa\u00f1eros de Mitzit\u00f3n durante los bloqueos para exigir la liberaci\u00f3n de los presos pol\u00edticos. (M\u00e1s informaci\u00f3n abajo.)[podcast]http:\/\/www.radiozapatista.org\/Audios\/RZnot_2011_02_12.mp3[\/podcast]<\/p>\n<p><!--more--><\/p>\n<p>[portfolio_slideshow]<\/p>\n<p><a href=\"https:\/\/radiozapatista.org\/?page_id=1393\">Haz clic aqu\u00ed para informaci\u00f3n sobre la situaci\u00f3n en San Sebasti\u00e1n Bachaj\u00f3n<\/a>.<\/p>\n<p><a href=\"http:\/\/chiapas.indymedia.org\/article_177434\" target=\"_blank\">Mitzit\u00f3n se moviliza en apoyo a San Sebasti\u00e1n Bachaj\u00f3n<\/a><\/p>\n<hr \/>\n<p><strong>Presos pol\u00edticos de La Voz del Amate, solidarios con La Voz del Amate y adherentes de Mitzit\u00f3n:<\/strong><\/p>\n<ul>\n<li><strong>Alberto Patisht\u00e1n Gomez<\/strong> &#8211; Adherente a la Otra Campa\u00f1a y miembro de La Voz del Amate, el profesor Patisht\u00e1n, de origen tzotzil, fue condenado a 60 a\u00f1os de prisi\u00f3n de los cuales ha cumplido ya m\u00e1s de 10 a\u00f1os sin libertad. En el a\u00f1o 2000 es detenido y acusado sin prueba alguna de cometer delitos federales como el de portar armas de uso exclusivo del ej\u00e9rcito y de llevar a cabo homicidio calificado de 6 polic\u00edas en una emboscada, todos delitos prefabricados por un testimonio falso. Est\u00e1 preso en el Cereso 5, Los Llanos.<\/li>\n<li><strong>Rosario D\u00edas M\u00e9ndez<\/strong> &#8211; Adherente a la Otra Campa\u00f1a, miembro de La Voz del Amate. Fue encarcelado el a\u00f1o 2005 en el municipio de Huitiup\u00e1n, acusado de secuestro. En su detenci\u00f3n fue golpeado y torturado poni\u00e9ndole una bolsa en la cabeza para asfiziarlo y obligarle a firmar su declaraci\u00f3n como culpable. Esta preso en el Cereso 5, Los Llanos.<\/li>\n<li><strong>Manuel Herredia Jim\u00e9nez<\/strong> &#8211; De origen tzotzil y miembro del pueblo organizado de Mitzit\u00f3n, adherente a la Otra Campa\u00f1a, fue detenido injustamente el 4 de junio de 2002. En el momento de la detenci\u00f3n no hab\u00eda traductor. Se le acusa de secuestro y ha sido condenado a 20 a\u00f1os de prisi\u00f3n. Est\u00e1 preso en el Cereso 5, Los Llanos.<\/li>\n<li><strong>Artemio D\u00edaz Heredia<\/strong> &#8211; Artemio est\u00e1 preso en el Cereso 14, El Amate, desde su detenci\u00f3n el 3 de marzo del 2008, por delito de tr\u00e1fico de indocumentados. De origen tzotzil, del pueblo organizado de Mitzit\u00f3n, adherente a la Otra Campa\u00f1a, lleva 2 a\u00f1os en prisi\u00f3n por un delito que no cometi\u00f3 y que fue fabricado por Carmen D\u00edaz L\u00f3pez, lider de los paramilitares del Ej\u00e9rcito de Dios, Alas de \u00c1quila, en venganza.<\/li>\n<li><strong>Pedro L\u00f3pez Jim\u00e9nez <\/strong>&#8211; Preso solidario con La Voz del Amate.<\/li>\n<li><strong>Andr\u00e9s N\u00fa\u00f1ez Hern\u00e1ndez<\/strong> &#8211; Preso solidario con La Voz del Amate.<\/li>\n<li><strong>Jos\u00e9 D\u00edaz L\u00f3pez<\/strong> &#8211; Preso solidario con La Voz del Amate.<\/li>\n<li><strong>Alfredo L\u00f3pez Jim\u00e9nez <\/strong>&#8211; Preso solidario con La Voz del Amate.<\/li>\n<li><strong>Alejandro D\u00edaz Santiz<\/strong> &#8211; Preso solidario con La Voz del Amate.<\/li>\n<li><strong>Rosa L\u00f3pez D\u00edaz<\/strong> &#8211; Presa solidaria con La Voz del Amate.<\/li>\n<li><strong>Juan Collazo Jim\u00e9nez<\/strong> &#8211; Preso solidario con La Voz del Amate.<\/li>\n<li><strong>Ram\u00f3n de Jes\u00fas Ruiz Rodas <\/strong>&#8211; Preso solidario con La Voz del Amate.<\/li>\n<\/ul>\n<p><strong>Presos de San Sebasti\u00e1n Bachaj\u00f3n<\/strong>:<\/p>\n<ul>\n<li> <strong>Mariano Demeza Silvano<\/strong> (menor de edad, tiene 17 a\u00f1os)<\/li>\n<li><strong>Domingo P\u00e9rez \u00c1lvaro<\/strong> (forma parte de la Comisi\u00f3n de promoci\u00f3n)<\/li>\n<li><strong>Pedro Hern\u00e1ndez L\u00f3pez<\/strong> (secretario del comisariado ejidal)<\/li>\n<li><strong>Miguel L\u00f3pez Deara<\/strong> (suplente del consejero ejidal)<\/li>\n<li><strong>Domingo Garc\u00eda G\u00f3mez<\/strong> (integrante del Comit\u00e9 de Defensa de Derechos)<\/li>\n<li><strong>Juan Aguilar Guzm\u00e1n<\/strong> (Principal cajero)<\/li>\n<li><strong>Pedro Garc\u00eda \u00c1lvaro<\/strong> (con discapacidad mental)<\/li>\n<li><strong>Jer\u00f3nimo Guzm\u00e1n M\u00e9ndez<\/strong> (ejidatario)<\/li>\n<li><strong>Pedro L\u00f3pez G\u00f3mez<\/strong> (ejidatario)<\/li>\n<li><strong>Miguel \u00c1lvaro Deara<\/strong> (ejidatario)<\/li>\n<\/ul>\n<hr \/>\n<p><strong>Denuncia de los presos pol\u00edticos de La Voz del Amate<\/strong><\/p>\n<p>A la opini\u00f3n p\u00fablica<br \/>\nA los medios de comunicaci\u00f3n estatal, nacional e internacional<br \/>\nA los medios alternativos<br \/>\nA los adherentes a la Otra Campa\u00f1a<br \/>\nA la Sexta Internacional<br \/>\nA las organizaciones independientes<\/p>\n<p>Los presos pol\u00edticos de La Voz del Amate, Mitzit\u00f3n y solidarios de La Voz del Amate encarcelado en el penal n. 5 de San Crist\u00f3bal injustamente, encarcelado por causa y motivo por decir la verdad por defender el derecho al pr\u00f3jimo por exigir una Vida digna entre otros del pueblo marginado, a todo esto ocasion\u00f3 que se convirtiera en un delito de los que gobiernan prefabric\u00e1ndonos un sin fin de delitos y despu\u00e9s condenados a sentencias por los jueces corruptos, hoy las c\u00e1rceles se encuentran sobrepobladas por las injusticias entre hombres y mujeres que por falta de recursos econ\u00f3micos no tienen para sufragar los honorarios para un defensor otro por ser hablantes de una lengua ind\u00edgena no contaron con un traductor en los procesos y hay terminan ser sentenciados.<\/p>\n<p>Por lo tanto para demostrar nuestra inocencia ante dios, ante los gobiernos y ante la sociedad y que siempre diremos la verdad.\u00a0 Este d\u00eda jueves 3 de febrero iniciamos un ayno y oraci\u00f3n de 36 horas de 12 horas diarias con el fin de pedirle a dios justicia a la injusticia, como tambi\u00e9n exigimos al c. Gobernador Juan Sabines Guerrero nuestras libertades incondicionales de nuestro encarcelamiento como \u00e9l sab\u00eda y lo reconoce que somos inocentes.<\/p>\n<p>Por \u00faltimo invitamos a todos los compa\u00f1eros y compa\u00f1eras a estar pendientes de nuestro ayuno y oraci\u00f3n e invitamos a sumarse por nuestras demandas de libertad.<\/p>\n<p>La verdad nos har\u00e1 libers<\/p>\n<p>La verdad triunfar\u00e1<\/p>\n<p>La verdad es verdad<\/p>\n<p>Fraternalmente<\/p>\n<p>La Voz del Amate<\/p>\n<p>Preso de Mitzit\u00f3n<\/p>\n<p>Los solidarios e La Voz del Amate<\/p>\n<p>Penal No. 5 de San Crist\u00f3bal de Las Casas a 2 de febrero del 2011<\/p>","protected":false},"excerpt":{"rendered":"<p>El 2 de febrero presos solidarios con la organizaci\u00f3n La Voz del Amate iniciaron una huelga de hambre para exigir su liberaci\u00f3n. Al d\u00eda siguiente, presos encarcelados en el Cereso 5 de San Crist\u00f3bal, miembros y solidarios de la Voz del Amate y adherentes a la Otra Campa\u00f1a iniciaron un ayuno y oraci\u00f3n de 36 [&hellip;]<\/p>\n","protected":false},"author":1,"featured_media":0,"comment_status":"open","ping_status":"open","sticky":false,"template":"","format":"standard","meta":{"footnotes":""},"categories":[1,6],"tags":[917,186,22,37],"class_list":["post-1483","post","type-post","status-publish","format-standard","hentry","category-audio","category-chiapas","tag-chiapas","tag-la-voz-del-amate","tag-mitziton","tag-presos-politicos"],"_links":{"self":[{"href":"https:\/\/radiozapatista.org\/index.php?rest_route=\/wp\/v2\/posts\/1483","targetHints":{"allow":["GET"]}}],"collection":[{"href":"https:\/\/radiozapatista.org\/index.php?rest_route=\/wp\/v2\/posts"}],"about":[{"href":"https:\/\/radiozapatista.org\/index.php?rest_route=\/wp\/v2\/types\/post"}],"author":[{"embeddable":true,"href":"https:\/\/radiozapatista.org\/index.php?rest_route=\/wp\/v2\/users\/1"}],"replies":[{"embeddable":true,"href":"https:\/\/radiozapatista.org\/index.php?rest_route=%2Fwp%2Fv2%2Fcomments&post=1483"}],"version-history":[{"count":0,"href":"https:\/\/radiozapatista.org\/index.php?rest_route=\/wp\/v2\/posts\/1483\/revisions"}],"wp:attachment":[{"href":"https:\/\/radiozapatista.org\/index.php?rest_route=%2Fwp%2Fv2%2Fmedia&parent=1483"}],"wp:term":[{"taxonomy":"category","embeddable":true,"href":"https:\/\/radiozapatista.org\/index.php?rest_route=%2Fwp%2Fv2%2Fcategories&post=1483"},{"taxonomy":"post_tag","embeddable":true,"href":"https:\/\/radiozapatista.org\/index.php?rest_route=%2Fwp%2Fv2%2Ftags&post=1483"}],"curies":[{"name":"wp","href":"https:\/\/api.w.org\/{rel}","templated":true}]}}