{"id":14785,"date":"2015-10-13T10:33:45","date_gmt":"2015-10-13T15:33:45","guid":{"rendered":"https:\/\/radiozapatista.org\/?p=14785"},"modified":"2015-10-13T10:33:45","modified_gmt":"2015-10-13T15:33:45","slug":"pueblos-indigenas-en-chiapas-se-encuentran-para-construir-la-otra-justicia","status":"publish","type":"post","link":"https:\/\/radiozapatista.org\/?p=14785","title":{"rendered":"Pueblos ind\u00edgenas en Chiapas se encuentran para construir La Otra Justicia"},"content":{"rendered":"<p><\/p>\n<h4 style=\"text-align: center;\">Pronunciamiento conjunto de pueblos, comunidades y organizaciones del<br \/>\nForo Caminando La Otra Justicia<\/h4>\n<p style=\"text-align: center;\"><img loading=\"lazy\" decoding=\"async\" class=\"aligncenter size-medium wp-image-14786\" src=\"https:\/\/radiozapatista.org\/wp-content\/uploads\/2015\/10\/Lekilchapanel-350x273.jpg\" alt=\"Lekilchapanel\" width=\"350\" height=\"273\" srcset=\"https:\/\/radiozapatista.org\/wp-content\/uploads\/2015\/10\/Lekilchapanel-350x273.jpg 350w, https:\/\/radiozapatista.org\/wp-content\/uploads\/2015\/10\/Lekilchapanel.jpg 800w\" sizes=\"auto, (max-width: 350px) 100vw, 350px\" \/><\/p>\n<p style=\"text-align: right;\">11 de octubre del 2015<\/p>\n<p>Ni\u00f1as, ni\u00f1os, mujeres y hombres provenientes de los pueblos Ch&#8217;ol, Tojolabal, Tseltal, Tsotsil y Zoque, integrantes de organizaciones sociales tanto nacionales como internacionales, nos juntamos en un solo coraz\u00f3n y con el esp\u00edritu de lucha alimentado por nuestra memoria hist\u00f3rica y caminar de nuestras abuelas y abuelos que lucharon por la Justicia Verdadera, justicia que no se compra ni se vende, sino la justicia que nos da Vida y que reconoce y respeta nuestra dignidad.<\/p>\n<p>Hemos caminado y seguimos recorriendo muchos y otros caminos y estamos qu\u00ed, en esta Tierra Sagrada de Acteal, Casa de la Memoria y la Esperanza de todas y todos de quienes no olvidamos, de quienes buscamos verdad, justicia y paz. Estamos aqu\u00ed para juntar nuestras palabras, pensamientos y fortalecer nuestros corazones, para caminar hacia la Justicia Verdadera que nos traer\u00e1 una vida digna y buen vivir como sue\u00f1o y proyecto de Vida de nuestras abuelas y abuelos y que hoy es nuestra tarea y lucha conseguir ese sue\u00f1o. Venimos a tomar fuerza con otros pueblos. El caminar con el Tribunal Permanente de los Pueblos nos di\u00f3 ejemplo para seguir trabajando la organizacion y la lucha por la verdad, la no repeticion, y el no olvido.<\/p>\n<p><!--more--><\/p>\n<p>Estar en Acteal nos recuerda nuestros muertos, ejecutados por la guerra que los de arriba no quieren nombrar. Hemos recordado que es triste la historia, que nos han tratado peor que a animales.<br \/>\nY estamos aqu\u00ed en Acteal, no para resignarnos. No estamos aqu\u00ed para pensar si vamos a echarnos para atr\u00e1s. No Estamos aqu\u00ed para sacar un acuerdo y decir que &#8220;el mal gobierno es poderoso y no vamos a poder hacer nada&#8221;. No.<\/p>\n<p>Estamos aqu\u00ed en Acteal, en el Foro de La Otra Justicia, sobrevivientes y familiares de la guerra en zona Norte, de Xinich Viejo Velasco, de Banabil, del Poblado Primero de Agosto, asi como de otros pueblos que vivimos la impunidad en carne propia, para platicar y reafirmar nuestras palabras y la construcci\u00f3n del Lekil Chapanel, del Bats&#8217;il meltsanel, o sea, la Justicia Digna, la Justicia Verdadera, cabal y humanizada. Estamos aqu\u00ed para una justicia que tome en cuenta nuestra memoria como pueblos.<\/p>\n<p>Nuestro pensamiento y coraz\u00f3n saben bien que el mal gobierno nunca van a dar justicia. La Suprema Corte de Justicia de la Naci\u00f3n (SCJN), no tiene dignidad de poder aplicar la justicia, porque ellos sirven al gobierno, sirven al dinero, sirven a los ricos y criminales, sirven a la injusticia, sirven a la impunidad, han prostituido la justicia. Los gobiernos ya no gobiernan, encarcelan, matan, torturan, desaparecen, desplazan a quienes construimos la autonom\u00eda como alternativa de vida al sistema de muerte. Las leyes que construye el Estado son contra el pueblo. El sistema de justicia en M\u00e9xico esta podrido.<\/p>\n<p>De tanta impunidad, mentira, cinismo e hipocres\u00eda del mal gobierno, hicieron que nuestros ojos se abrieran, que nuestros oidos escucharan los gritos de dolor por la injusticia, y as\u00ed nuestro coraz\u00f3n y pensamiento nos dicen de que la Justicia Verdadera, digna, duradera, humana y cabal no la va a dar el mal gobierno, ni sus jueces corruptos, mucho menos la mal llamada SCJN que ahora se ha convertido en la m\u00e1xima casa de la impunidad y la mentira. La Justicia Verdadera vendr\u00e1 de quienes estamos construyendo desde abajo.<\/p>\n<p>Es por eso que el camino para encontrar una Justicia digna, duradera, humana y cabal, est\u00e1 en nuestras manos, eso quiere decir que nosotros y nosotras hombres y mujeres de pueblos conscientes tenemos que trabajar y llevarla a la pr\u00e1ctica desde nuestras comunidades y pueblos.<\/p>\n<p>Por eso los pueblos reafirmamos que estamos organizados, que seguiremos construyendo nuestras propias leyes. Afirmamos que los acuerdos de San Andr\u00e9s Sakamch&#8217;en de lo Pobres, son parte de nuestros instrumentos para la Justicia Verdadera. Queremos contar con mujeres y hombres que sepan arreglar nuestros problemas, que sean dignos y no corruptos, sabias y sabios, que guien con buen coraz\u00f3n, con conciencia limpia y comprometida con la Verdad como las y los jueces del Tribunal Permanente de los Pueblos. Que nos respetan como pueblos y saben respetar la vida.<\/p>\n<p>Para ello, reconocemos que necesitamos luchar juntos y juntas sin importar diferencias culturales, edades, profesiones, trabajos y religiones. solamente caminando juntas alcanzaremos La Otra Justicia que es para mujeres, hombres, ni\u00f1as, ni\u00f1os, estudiantes, trabajadores del campo y la ciudad, migrantes, las lesbianas, los homosexuales, los transgeneros, es decir para toda persona humillada, discriminada o oprimida y repremida injustamente por el sistema capitalista neoliberal.<\/p>\n<p>En nuestros pueblos, queremos que regrese la armonia y la paz que se ha perdido por la injusticia y la guerra, queremos construir la justicia como una casa, desde el corazon verdadero.<\/p>\n<p>Como mujeres queremos seguir guardando la vida y la memoria, ense\u00f1ar a nuestras hijas, a nuestros hijos para que sepan lo que pas\u00f3. Seguir poniendo nuestra fuerza de mujeres junto con los hombres. Como jovenes, como hijos e hijas, hemos aprendido a caminar y tener conciencia de lucha para defender nuestra dignidad como mujeres y pueblos.<\/p>\n<p>Como pueblos que hemos vivido la injusticia perpetrada por el Estado mexicano y sus operadores desde los diferentes niveles, convocamos a la conciencia de quienes nos han acompa\u00f1ado en sus luchas para que en cualquier lugar del planeta tierra, en cualquier rinc\u00f3n donde est\u00e1n c\u00f3modamente escondidos, sean estos se\u00f1alados a trav\u00e9s de cada quien su modo, porque aqu\u00ed no olvidamos y nombramos a los asesinos, criminales del pueblo: Carlos Salinas de Gortari, Ernesto Zedillo Ponce de Le\u00f3n, Vicente Fox Quezada, Felipe de Jes\u00fas Calder\u00f3n Hinojosa, Enrique Pe\u00f1a Nieto, presidentes de M\u00e9xico; Emilio Chaufett exSecretario de Gobierno, Gral. Enrique Cervantes Aguirre, exsecretario de la Defensa Nacional, Gral. Mario Ren\u00e1n Castillo, Comandante de la 7ma. Region Militar, Gral. Salvador Cienfuegos Zepeda actual Secretario de la Defensa Nacional, Julio Cesar Ruiz Ferro, Roberto Albores Guillen, Pablo Salazar Mediguch\u00eda, Juan Sabines Guerrero, exgobernadores de Chiapas, y Manuel Velasco Coello, actual gobernador de Chiapas, y repudiamos los actos de represi\u00f3n de Miguel Mancera, jefe de gobierno del Distrito Federal y entre otras personas, ya que ellos son quienes han herido al Pueblo y son los responsables directos e intelectuales de los cr\u00edmenes de lesa humanidad.<\/p>\n<p>Bien sabemos que la guerra que vivimos es para desplazarnos, quitarnos la vida como personas y como pueblos, y despojarnos de la madre tierra. Por eso decimos, vamos a seguir junt\u00e1ndonos como comunidades, pueblos, organizaciones para defenderla, porque ah\u00ed, con la madre tierra est\u00e1 nuestra vida. por eso la justicia que exigimos, La Otra Justicia que estamos construyendo, tambi\u00e9n es para la Madre Tierra y queremos se reconoscan y se respeten sus derechos.<\/p>\n<p>Queremos decirles a las otras hermanas y hermanos que sufren y luchan por una Justicia Verdadera que el dolor de su coraz\u00f3n es tambien el dolor de nuestro coraz\u00f3n. Y les decimos que del dolor nace la luz que ilumina la esperanza y nos da fuerza y horizonte para ir caminando La Otra Justicia. Y exigimos la presentaci\u00f3n con vida a los 43 estudiantes desaparecidos en Ayotzinapa y exigimos justicia por el caso Narvarte.<\/p>\n<p>Por ello les invitamos a que en donde quiera que est\u00e9n, en donde quiera que vivan, en donde quiera que sue\u00f1an y trabajan; que tambi\u00e9n luchen, que tambi\u00e9n construyan esa Justicia Digna, humana, duradera, cabal. La Justicia Verdadera, el Lekil Chapanel y Bats&#8217;il tusanel.<\/p>\n<p style=\"text-align: center;\">Desde La Tierra Sagrada de los M\u00e1rtires de Acteal, Casa de La Memoria y de La Esperanza.<\/p>\n<p style=\"text-align: center;\">Organizaci\u00f3n Xi&#8217;nich<br \/>\nPueblos Unidos para la Defensa de la Energ\u00eda El\u00e9ctrica (PUDEE)<br \/>\nPueblo Creyente de Simojovel<br \/>\nDesplazados forzados del Poblado Primero de Agosto<br \/>\nDesplazados forzados de Banabil<br \/>\nCentro de Derechos Humanos Fray Bartolom\u00e9 de Las Casas, A.C. (Frayba)<br \/>\nOrganizaci\u00f3n de la Sociedad Civil Las Abejas de Acteal<br \/>\nColectivo Koman ilel (Mirada Colectiva)<br \/>\nRadio El Grito, Argentina<\/p>\n<p><\/p>","protected":false},"excerpt":{"rendered":"<p>Pronunciamiento conjunto de pueblos, comunidades y organizaciones del Foro Caminando La Otra Justicia 11 de octubre del 2015 Ni\u00f1as, ni\u00f1os, mujeres y hombres provenientes de los pueblos Ch&#8217;ol, Tojolabal, Tseltal, Tsotsil y Zoque, integrantes de organizaciones sociales tanto nacionales como internacionales, nos juntamos en un solo coraz\u00f3n y con el esp\u00edritu de lucha alimentado por [&hellip;]<\/p>\n","protected":false},"author":1,"featured_media":0,"comment_status":"open","ping_status":"closed","sticky":false,"template":"","format":"standard","meta":{"footnotes":""},"categories":[183],"tags":[100,198,53,197,23],"class_list":["post-14785","post","type-post","status-publish","format-standard","hentry","category-blog","tag-acteal","tag-impunidad","tag-justicia","tag-memoria","tag-paramilitares"],"_links":{"self":[{"href":"https:\/\/radiozapatista.org\/index.php?rest_route=\/wp\/v2\/posts\/14785","targetHints":{"allow":["GET"]}}],"collection":[{"href":"https:\/\/radiozapatista.org\/index.php?rest_route=\/wp\/v2\/posts"}],"about":[{"href":"https:\/\/radiozapatista.org\/index.php?rest_route=\/wp\/v2\/types\/post"}],"author":[{"embeddable":true,"href":"https:\/\/radiozapatista.org\/index.php?rest_route=\/wp\/v2\/users\/1"}],"replies":[{"embeddable":true,"href":"https:\/\/radiozapatista.org\/index.php?rest_route=%2Fwp%2Fv2%2Fcomments&post=14785"}],"version-history":[{"count":0,"href":"https:\/\/radiozapatista.org\/index.php?rest_route=\/wp\/v2\/posts\/14785\/revisions"}],"wp:attachment":[{"href":"https:\/\/radiozapatista.org\/index.php?rest_route=%2Fwp%2Fv2%2Fmedia&parent=14785"}],"wp:term":[{"taxonomy":"category","embeddable":true,"href":"https:\/\/radiozapatista.org\/index.php?rest_route=%2Fwp%2Fv2%2Fcategories&post=14785"},{"taxonomy":"post_tag","embeddable":true,"href":"https:\/\/radiozapatista.org\/index.php?rest_route=%2Fwp%2Fv2%2Ftags&post=14785"}],"curies":[{"name":"wp","href":"https:\/\/api.w.org\/{rel}","templated":true}]}}