{"id":1463,"date":"2011-02-08T19:16:08","date_gmt":"2011-02-09T01:16:08","guid":{"rendered":"https:\/\/radiozapatista.org\/?p=1463"},"modified":"2019-03-26T09:40:48","modified_gmt":"2019-03-26T15:40:48","slug":"xxviii-reunion-del-congreso-nacional-indigena-region-centro-pacifico","status":"publish","type":"post","link":"https:\/\/radiozapatista.org\/?p=1463","title":{"rendered":"XXVIII Reuni\u00f3n del Congreso Nacional Ind\u00edgena Regi\u00f3n Centro Pac\u00edfico"},"content":{"rendered":"<p>Los d\u00edas 5 y 6 de febrero m\u00e1s de 110 delegados y 44 pueblos y organizaciones participaron en Mezcala, Jalisco, en la XXVII reuni\u00f3n convocada por el CNI, Regi\u00f3n Centro Pac\u00edfico, donde se debati\u00f3 sobre la autonom\u00eda. En las tres mesas de trabajo se discuti\u00f3: qu\u00e9 es la autonom\u00eda; cu\u00e1les han sido los problemas de ejercer la autonom\u00eda; proyectos aut\u00f3nomos que se est\u00e1n realizando; y c\u00f3mo se presenta el despojo en las comunidades. La <a href=\"http:\/\/www.chiapas.indymedia.org\/article_177396\" target=\"_blank\">Declaratoria final<\/a> recoge el fruto de los trabajos y una relaci\u00f3n de denuncias, que son una muestra de lo que est\u00e1 pasando a compa\u00f1er@s adherentes en todo el pa\u00eds.<\/p>\n<p>Declaratoria de la reuni\u00f3n: [podcast]http:\/\/www.chiapas.indymedia.org\/local\/webcast\/uploads\/_mp3_\/177398_completo-pronunciamiento.mp3[\/podcast]<\/p>\n<p>Clausura de la reuni\u00f3n (Cerilo Rodad Lopez del pueblo Coca de Mezcala, Jalisco): [podcast]http:\/\/www.chiapas.indymedia.org\/local\/webcast\/uploads\/_mp3_\/177401_cni-clausura.mp3[\/podcast]<\/p>\n<p><a href=\"http:\/\/zapateando.wordpress.com\/2011\/02\/06\/representantes-de-44-comunidades-indigenas-comparten-experiencias-de-construccion-de-autonomias-en-sus-pueblos\/\" target=\"_blank\">Representantes de 44 comunidades ind\u00edgenas comparten experiencias de autonom\u00edas en sus pueblos<\/a><\/p>","protected":false},"excerpt":{"rendered":"<p>Los d\u00edas 5 y 6 de febrero m\u00e1s de 110 delegados y 44 pueblos y organizaciones participaron en Mezcala, Jalisco, en la XXVII reuni\u00f3n convocada por el CNI, Regi\u00f3n Centro Pac\u00edfico, donde se debati\u00f3 sobre la autonom\u00eda. En las tres mesas de trabajo se discuti\u00f3: qu\u00e9 es la autonom\u00eda; cu\u00e1les han sido los problemas de [&hellip;]<\/p>\n","protected":false},"author":1,"featured_media":0,"comment_status":"open","ping_status":"open","sticky":false,"template":"","format":"standard","meta":{"footnotes":""},"categories":[1],"tags":[79,63,545],"class_list":["post-1463","post","type-post","status-publish","format-standard","hentry","category-audio","tag-autonomia","tag-cni","tag-pueblos-indigenas"],"_links":{"self":[{"href":"https:\/\/radiozapatista.org\/index.php?rest_route=\/wp\/v2\/posts\/1463","targetHints":{"allow":["GET"]}}],"collection":[{"href":"https:\/\/radiozapatista.org\/index.php?rest_route=\/wp\/v2\/posts"}],"about":[{"href":"https:\/\/radiozapatista.org\/index.php?rest_route=\/wp\/v2\/types\/post"}],"author":[{"embeddable":true,"href":"https:\/\/radiozapatista.org\/index.php?rest_route=\/wp\/v2\/users\/1"}],"replies":[{"embeddable":true,"href":"https:\/\/radiozapatista.org\/index.php?rest_route=%2Fwp%2Fv2%2Fcomments&post=1463"}],"version-history":[{"count":1,"href":"https:\/\/radiozapatista.org\/index.php?rest_route=\/wp\/v2\/posts\/1463\/revisions"}],"predecessor-version":[{"id":31056,"href":"https:\/\/radiozapatista.org\/index.php?rest_route=\/wp\/v2\/posts\/1463\/revisions\/31056"}],"wp:attachment":[{"href":"https:\/\/radiozapatista.org\/index.php?rest_route=%2Fwp%2Fv2%2Fmedia&parent=1463"}],"wp:term":[{"taxonomy":"category","embeddable":true,"href":"https:\/\/radiozapatista.org\/index.php?rest_route=%2Fwp%2Fv2%2Fcategories&post=1463"},{"taxonomy":"post_tag","embeddable":true,"href":"https:\/\/radiozapatista.org\/index.php?rest_route=%2Fwp%2Fv2%2Ftags&post=1463"}],"curies":[{"name":"wp","href":"https:\/\/api.w.org\/{rel}","templated":true}]}}