{"id":14395,"date":"2015-09-09T15:02:21","date_gmt":"2015-09-09T20:02:21","guid":{"rendered":"https:\/\/radiozapatista.org\/?p=14395"},"modified":"2015-11-26T14:49:00","modified_gmt":"2015-11-26T20:49:00","slug":"amenazas-de-muerte-y-agresiones-contra-zapatistas-de-la-comunidad-tzakukum","status":"publish","type":"post","link":"https:\/\/radiozapatista.org\/?p=14395","title":{"rendered":"[:es]Amenazas de muerte y agresiones contra zapatistas de la comunidad Tzakukum[:en]Death threats and aggressions against zapatistas from Tzakukum[:]"},"content":{"rendered":"<p>[:es]<\/p>\n<p lang=\"es-ES\" align=\"right\"><span style=\"font-family: Times New Roman,serif;\"><span style=\"font-size: medium;\"><span style=\"font-family: Arial,serif;\"><span style=\"font-size: small;\"><span lang=\"es-MX\">San Crist\u00f3bal de Las Casas, Chiapas, M\u00e9xico<br \/>\na 9 de septiembre de 2015<\/span><\/span><\/span><\/span><\/span><\/p>\n<p style=\"text-align: center;\"><span style=\"font-family: Times New Roman,serif;\"><span style=\"font-size: medium;\"><span style=\"font-family: Arial,serif;\"><span style=\"font-size: small;\"><b>Bolet\u00edn de prensa No. 22<\/b><\/span><\/span><\/span><\/span><span style=\"font-family: Times New Roman,serif;\"><span style=\"font-size: medium;\"><span style=\"font-family: Arial,serif;\"><span style=\"font-size: small;\"><b><br \/>\nAmenazas de muerte y agresiones f\u00edsicas en contra de BAEZLN de la comunidad Tzakukum<\/b><\/span><\/span><\/span><\/span><\/p>\n<p style=\"text-align: center;\"><img loading=\"lazy\" decoding=\"async\" class=\"aligncenter size-medium wp-image-14397\" src=\"https:\/\/radiozapatista.org\/wp-content\/uploads\/2015\/09\/jbg_oventik-350x233.jpg\" alt=\"jbg_oventik\" width=\"350\" height=\"233\" srcset=\"https:\/\/radiozapatista.org\/wp-content\/uploads\/2015\/09\/jbg_oventik-350x233.jpg 350w, https:\/\/radiozapatista.org\/wp-content\/uploads\/2015\/09\/jbg_oventik.jpg 903w\" sizes=\"auto, (max-width: 350px) 100vw, 350px\" \/><\/p>\n<p lang=\"es-ES\" align=\"justify\"><span style=\"font-family: Times New Roman,serif;\"><span style=\"font-size: medium;\"><span style=\"font-family: Arial,serif;\"><span style=\"font-size: small;\">Este Centro de Derechos Humanos Fray Bartolom\u00e9 de Las Casas, A.C (Frayba) document\u00f3 los hechos sobre las <\/span><\/span><span style=\"font-family: Arial,serif;\"><span style=\"font-size: small;\">amenazas de muerte, agresiones f\u00edsicas y hostigamiento en <\/span><\/span><span style=\"font-family: Arial,serif;\"><span style=\"font-size: small;\">contra de Bases de Apoyo del Ej\u00e9rcito Zapatista de Liberaci\u00f3n Nacional (<\/span><\/span><span style=\"font-family: Arial,serif;\"><span style=\"font-size: small;\"><span lang=\"es-MX\">BAEZLN<\/span><\/span><\/span><span style=\"font-family: Arial,serif;\"><span style=\"font-size: small;\">) en<\/span><\/span><span style=\"font-family: Arial,serif;\"><span style=\"font-size: small;\"> la comunidad Tzakukum, municipio oficial de Chalchihuit\u00e1n; informaci\u00f3n proporcionada por la<\/span><\/span><span style=\"font-family: Arial,serif;\"><span style=\"font-size: small;\"> Junta de Buen Gobierno de Oventik, Coraz\u00f3n C\u00e9ntrico de los Zapatistas delante del Mundo, (JBG Oventik), perteneciente al Caracol II, Resistencia y Rebeld\u00eda por la Humanidad. <\/span><\/span><\/span><\/span><\/p>\n<p lang=\"es-ES\" align=\"justify\"><span style=\"font-family: Times New Roman,serif;\"><span style=\"font-size: medium;\"><span style=\"font-family: Arial,serif;\"><span style=\"font-size: small;\">Seg\u00fan testimonios, refieren que el d\u00eda 10 de agosto del 2015, el <\/span><\/span><span style=\"font-family: Arial,serif;\"><span style=\"font-size: small;\"><span lang=\"es-MX\">BAEZLN<\/span><\/span><\/span><span style=\"font-family: Arial,serif;\"><span style=\"font-size: small;\">, Aurelio G\u00f3mez Gir\u00f3n recibi\u00f3 amenazas de ser asesinado a machetazos, por parte de una mujer de nombre Catarina Gir\u00f3n D\u00edaz Segundo, integrante del Partido Revolucionario Institucional (PRI). El mismo d\u00eda el se\u00f1or Ram\u00f3n L\u00f3pez Garc\u00eda del partido PRI cort\u00f3 la manguera de agua a Mariano Garc\u00eda N\u00fa\u00f1ez, BAEZLN, quien fue amenazado de muerte con un machete.<\/span><\/span><\/span><\/span><\/p>\n<p lang=\"es-ES\" align=\"justify\"><span style=\"font-family: Times New Roman,serif;\"><span style=\"font-size: medium;\"><span style=\"font-family: Arial,serif;\"><span style=\"font-size: small;\">El d\u00eda 14 de agosto, aproximadamente a las 20:30 horas, Librado P\u00e9rez N\u00fa\u00f1ez, <\/span><\/span><span style=\"font-family: Arial,serif;\"><span style=\"font-size: small;\"><span lang=\"es-MX\">BAEZLN<\/span><\/span><\/span><span style=\"font-family: Arial,serif;\"><span style=\"font-size: small;\"> fue insultado y agredido en el camino por Hermelindo Garc\u00eda N\u00fa\u00f1ez dirigente del partido PRI quien le dijo: &#8211;<\/span><\/span><span style=\"font-family: Arial,serif;\"><span style=\"font-size: small;\"><i>ustedes son asesinos, mero zapatista, qu\u00e9 haces aqu\u00ed<\/i><\/span><\/span><span style=\"font-family: Arial,serif;\"><span style=\"font-size: small;\">..<\/span><\/span><\/span><\/span><\/p>\n<p lang=\"es-ES\" align=\"justify\"><span style=\"font-family: Times New Roman,serif;\"><span style=\"font-size: medium;\"><span style=\"font-family: Arial,serif;\"><span style=\"font-size: small;\">El d\u00eda 15 de agosto, el pri\u00edsta Juan Antonio P\u00e9rez Gir\u00f3n amenaz\u00f3 de muerte con un machete a las <\/span><\/span><span style=\"font-family: Arial,serif;\"><span style=\"font-size: small;\"><span lang=\"es-MX\">BAEZLN<\/span><\/span><\/span><span style=\"font-family: Arial,serif;\"><span style=\"font-size: small;\"> Mar\u00eda G\u00f3mez L\u00f3pez y Catarina Gir\u00f3n D\u00edaz Primero, en el trayecto a una reuni\u00f3n.<\/span><\/span><\/span><\/span><\/p>\n<p lang=\"es-ES\" align=\"justify\"><span style=\"font-family: Times New Roman,serif;\"><span style=\"font-size: medium;\"><span style=\"font-family: Arial,serif;\"><span style=\"font-size: small;\">El d\u00eda 26 de julio, un grupo de partidistas retuvo a cuatro personas <\/span><\/span><span style=\"font-family: Arial,serif;\"><span style=\"font-size: small;\"><span lang=\"es-MX\">BAEZLN<\/span><\/span><\/span><span style=\"font-family: Arial,serif;\"><span style=\"font-size: small;\"> en la comunidad Tzakukum a quienes amenazaron con quemarlos con gasolina: <\/span><\/span><span style=\"font-family: Arial,serif;\"><span style=\"font-size: small;\"><i>Mart\u00edn Garc\u00eda N\u00fa\u00f1ez, Sebasti\u00e1n G\u00f3mez P\u00e9rez, Jorge L\u00f3pez N\u00fanez, Mario N\u00fa\u00f1ez Garc\u00eda. <\/i><\/span><\/span><span style=\"font-family: Arial,serif;\"><span style=\"font-size: small;\">Adem\u00e1s 8 personas m\u00e1s fueron golpeadas y presentan heridas sin haber recibido atenci\u00f3n m\u00e9dica:<\/span><\/span><span style=\"font-family: Arial,serif;\"><span style=\"font-size: small;\"><i> Mar\u00eda Gir\u00f3n L\u00f3pez, Mariana Gir\u00f3n L\u00f3pez, Mar\u00eda L\u00f3pez Garc\u00eda, Mart\u00edn D\u00edaz P\u00e9rez, Mar\u00eda G\u00f3mez P\u00e9rez, Aurelio G\u00f3mez Gir\u00f3n, Rafael Garc\u00eda G\u00f3mez, Mar\u00eda L\u00f3pez N\u00fa\u00f1ez.<\/i><\/span><\/span><\/span><\/span><\/p>\n<p lang=\"es-ES\" align=\"justify\"><!--more--><\/p>\n<p lang=\"es-ES\" align=\"justify\"><span style=\"font-family: Times New Roman,serif;\"><span style=\"font-size: medium;\"><span style=\"font-family: Arial,serif;\"><span style=\"font-size: small;\">El d\u00eda martes 18 de agosto, el partidista de nombre Raymundo Garc\u00eda P\u00e9rez golpe\u00f3 a Manuel N\u00fa\u00f1ez L\u00f3pez dej\u00e1ndolo con heridas muy graves en la cara y en todo el cuerpo; y agredi\u00f3 f\u00edsicamente a cuatro personas m\u00e1s <\/span><\/span><span style=\"font-family: Arial,serif;\"><span style=\"font-size: small;\"><span lang=\"es-MX\">BAEZLN<\/span><\/span><\/span><span style=\"font-family: Arial,serif;\"><span style=\"font-size: small;\">: Librado P\u00e9rez N\u00fa\u00f1ez, Margarita G\u00f3mez S\u00e1nchez, Mariano Garc\u00eda N\u00fa\u00f1ez y Lorenzo G\u00f3mez P\u00e9rez. El agresor amenaz\u00f3 con asesinarles diciendo que tiene \u201cun arma R15 y un grupo de paramilitares\u201d. H<\/span><\/span><span style=\"font-family: Arial,serif;\"><span style=\"font-size: small;\">asta el momento la JBG de Oventik informa que la situaci\u00f3n de salud de Manuel es delicada. Este Centro de Derechos Humanos cuenta con fotos documentales de las heridas provocadas.<\/span><\/span><\/span><\/span><\/p>\n<p lang=\"es-ES\" align=\"justify\"><span style=\"font-family: Times New Roman,serif;\"><span style=\"font-size: medium;\"><span style=\"font-family: Arial,serif;\"><span style=\"font-size: small;\">El d\u00eda 2 de septiembre Agust\u00edn L\u00f3pez N\u00fa\u00f1ez BAEZLN, fue golpeado por Mario Garc\u00eda N\u00fa\u00f1ez quien ser\u00e1 el director de obra municipal del partido Revolucionario Institucional(PRI) a partir del primero de octubre del presente a\u00f1o y Marcos N\u00fa\u00f1ez S\u00e1nchez, actual polic\u00eda del comit\u00e9 de educaci\u00f3n, qui\u00e9nes despu\u00e9s de golpearlo lo pusieron en la cajuela de un veh\u00edculo tsuru propiedad de Mar\u00edo Garc\u00eda Nu\u00f1ez, llev\u00e1ndolo a un kilometro aproximadamente de Tzakukum, donde nuevamente le dieron golpes y posteriormente lo abandonaron con lesiones de gravedad en el cuerpo. <\/span><\/span><\/span><\/span><\/p>\n<p lang=\"es-ES\" align=\"justify\"><span style=\"font-family: Times New Roman,serif;\"><span style=\"font-size: medium;\"><span style=\"font-family: Arial,serif;\"><span style=\"font-size: small;\">Cabe se\u00f1alar que seg\u00fan testimonios de las v\u00edctimas estas agresiones y amenazas son organizadas por Flavio Gir\u00f3n Hern\u00e1ndez, agente rural de la comunidad Tzakukum; Manuel Garc\u00eda N\u00fa\u00f1ez, S\u00edndico municipal de <\/span><\/span><span style=\"font-family: Arial,serif;\"><span style=\"font-size: small;\"><span lang=\"es-MX\">Chalchihuitan,<\/span><\/span><\/span><span style=\"font-family: Arial,serif;\"><span style=\"font-size: small;\"> y Hermelindo Garcia N\u00fa\u00f1ez dirigente del PRI del mismo municipio. <\/span><\/span><\/span><\/span><\/p>\n<p lang=\"es-ES\" align=\"justify\"><span style=\"font-family: Times New Roman,serif;\"><span style=\"font-size: medium;\"><span style=\"font-family: Arial,serif;\"><span style=\"font-size: small;\"><span lang=\"es-MX\">Nos preocupa que las autoridades del estado de Chiapas incurren en violaciones a derechos humanos al ser omisos ante la serie de agresiones dirigidas contra las BAEZLN. Las v\u00edctimas se\u00f1alan a un grupo de aproximadamente 25 personas que las est\u00e1n hostigando y amenazando, entre ellas: Domingo Garc\u00eda Gir\u00f3n, Maurelio Garc\u00eda N\u00fa\u00f1ez, Marcos Garc\u00eda N\u00fa\u00f1ez, Efra\u00edn Garc\u00eda N\u00fa\u00f1ez, Florentino Garc\u00eda N\u00fa\u00f1ez, Mario G\u00f3mez Garc\u00eda, Angelina G\u00f3mez Gir\u00f3n, Mariano P\u00e9rez N\u00fa\u00f1ez, Rafael N\u00fa\u00f1ez L\u00f3pez, Mo\u00edses N\u00fa\u00f1ez S\u00e1nchez, Nicol\u00e1s Hern\u00e1ndez Garc\u00eda, Juan Antonio P\u00e9rez Gir\u00f3n, Julio N\u00fa\u00f1ez Gir\u00f3n, Jes\u00fas N\u00fa\u00f1ez Gir\u00f3n, Marcos N\u00fa\u00f1ez Gir\u00f3n, Santiago Garc\u00eda Nu\u00f1ez, Mariano Gir\u00f3n P\u00e9rez, Manuel Garc\u00eda L\u00f3pez, Ricardo N\u00fa\u00f1ez L\u00f3pez, Mart\u00edn N\u00fa\u00f1ez P\u00e9rez; incluyendo a personas que ocupan cargos en la comunidad y otros que asumir\u00e1n cargos p\u00fablicos en el Ayuntamiento de Chalchihuit\u00e1n a partir del 1\u00ba de octubre del a\u00f1o en curso:<\/span><\/span><\/span><span style=\"font-family: Arial,serif;\"><span style=\"font-size: small;\"> Mario Garc\u00eda N\u00fa\u00f1ez- director de obras; Gerardo Dom\u00ednguez L\u00f3pez- Presidente del Comit\u00e9 de Educaci\u00f3n Preescolar y Primaria; Mario Garc\u00eda L\u00f3pez- Segundo regidor; Nicol\u00e1s P\u00e9rez N\u00fa\u00f1ez- Tercer regidor; Omar G\u00f3mez P\u00e9rez- encargado de Diconsa, Marcos P\u00e9rez L\u00f3pez- polic\u00eda municipal, Mariana P\u00e9rez L\u00f3pez- vocal de Procampo, <\/span><\/span><\/span><\/span><\/p>\n<p lang=\"es-ES\" align=\"justify\"><span style=\"font-family: Times New Roman,serif;\"><span style=\"font-size: medium;\"><span style=\"font-family: Arial,serif;\"><span style=\"font-size: small;\"><span lang=\"es-MX\">Estas violaciones a derechos humanos en Tzakukum se dan en un contexto de Contrainsurgencia, implementado por el Estado mexicano contra la autonom\u00eda zapatista, recientemente se han dado varias agresiones a BAEZLN, como el asesinato del Maestro Zapatista Galeano el 2 de mayo del 2014<a href=\"https:\/\/mail.google.com\/mail\/u\/1\/#14fb384a65f97d0e_sdfootnote1sym\" name=\"14fb384a65f97d0e_sdfootnote1anc\"><sup>1<\/sup><\/a> y la reciente liberaci\u00f3n de las dos \u00fanicas personas que fueron procesadas por este hecho<a href=\"https:\/\/mail.google.com\/mail\/u\/1\/#14fb384a65f97d0e_sdfootnote2sym\" name=\"14fb384a65f97d0e_sdfootnote2anc\"><sup>2<\/sup><\/a>, as\u00ed como las agresiones y el hostigamiento en El Rosario y las incursiones militares en La Realidad<a href=\"https:\/\/mail.google.com\/mail\/u\/1\/#14fb384a65f97d0e_sdfootnote3sym\" name=\"14fb384a65f97d0e_sdfootnote3anc\"><sup>3<\/sup><\/a> a las BAEZLN.<\/span><\/span><\/span><\/span><\/span><\/p>\n<p lang=\"es-ES\" align=\"justify\"><span style=\"font-family: Times New Roman,serif;\"><span style=\"font-size: medium;\"><span style=\"font-family: Arial,serif;\"><span style=\"font-size: small;\">Este Centro de Derechos Humanos exigimos al gobierno de Chiapas para que investigue y detenga las acciones de este grupo agresor de <\/span><\/span><span style=\"font-family: Arial,serif;\"><span style=\"font-size: small;\">manera <\/span><\/span><span style=\"font-family: Arial,serif;\"><span style=\"font-size: small;\"><b>URGENTE <\/b><\/span><\/span><span style=\"font-family: Arial,serif;\"><span style=\"font-size: small;\">y act\u00fae en consecuencia a la violaciones a los derechos humanos en cuanto a amenazas de muerte, agresiones f\u00edsicas y hostigamiento a las BAEZLN; <\/span><\/span><span style=\"font-family: Arial,serif;\"><span style=\"font-size: small;\">Se respete la autonom\u00eda zapatista, de acuerdo al convenio 169 de la Organizaci\u00f3n Internacional del Trabajo y la Declaraci\u00f3n de las Naciones Unidas sobre los Derechos de los Pueblos Ind\u00edgenas y los Acuerdos de San Andr\u00e9s.<\/span><\/span><\/span><\/span><\/p>\n<p>&nbsp;<\/p>\n<p lang=\"es-ES\"><span style=\"font-size: small;\">Antecedentes:<\/span><\/p>\n<p lang=\"es-ES\" align=\"justify\"><span style=\"font-size: small;\">El 23 de julio de 2015 pri\u00edstas<\/span><span style=\"font-size: small;\"> empezaron a construir aulas en la parcela de la escuela preescolar y en la cancha de uso com\u00fan sin consulta a las BAEZLN, quienes exig\u00edan se respetara los acuerdos de espacios que tambi\u00e9n son de la Escuela Aut\u00f3noma en tierra de una integrante BAEZLN. <\/span><span style=\"font-size: small;\">Al respecto el 24 de julio de 2015 este Centro de Derechos Humanos emiti\u00f3 <\/span><span style=\"font-size: small;\">una intervenci\u00f3n dirigido a la; <\/span><span style=\"font-size: small;\"><span lang=\"es-MX\">C.<\/span><\/span><span style=\"font-size: small;\">Subsecretar\u00eda de Gobierno de la Regi\u00f3n V. Altos Tsotsil-Tseltal, <\/span><span style=\"font-size: small;\"><span lang=\"es-MX\">C. Juan D\u00edaz P\u00e9rez, Presidente Municipal de Chalchihuit\u00e1n, <\/span><\/span><span style=\"font-size: small;\">C. Alfonso Gir\u00f3n Velasco<\/span><span style=\"font-size: small;\"><span lang=\"es-MX\">, <\/span><\/span><span style=\"font-size: small;\"><span lang=\"es-MX\">Delegaci\u00f3n Chalchihuit\u00e1n y Otros con la finalidad de que se atendiera los hechos denunciados. Por este tema los pri\u00edstas est\u00e1n enojados y agreden porque fueron obligados a liberar el terreno.<\/span><\/span><\/p>\n<div>\n<p lang=\"es-ES\"><a name=\"14fb384a65f97d0e___DdeLink__1277_1278116799\"><\/a> <a href=\"https:\/\/mail.google.com\/mail\/u\/1\/#14fb384a65f97d0e_sdfootnote1anc\" name=\"14fb384a65f97d0e_sdfootnote1sym\">1<\/a> Centro de Derechos Humanos Fray Bartolom\u00e9 de Las Casas. Bolet\u00edn 16, 5 de mayo 2014. Agresi\u00f3n a Bases del EZLN en la sede de la Junta de Buen Gobierno de La Realidad. Disponible en: <a href=\"http:\/\/www.frayba.org.mx\/archivo\/boletines\/140505_boletin_16_agresiones_jbg.pdf\" target=\"_blank\">http:\/\/www.frayba.org.mx\/<wbr \/>archivo\/boletines\/140505_<wbr \/>boletin_16_agresiones_jbg.pdf<\/a><\/p>\n<\/div>\n<div>\n<p lang=\"es-ES\"><a href=\"https:\/\/mail.google.com\/mail\/u\/1\/#14fb384a65f97d0e_sdfootnote2anc\" name=\"14fb384a65f97d0e_sdfootnote2sym\">2<\/a> Ej\u00e9rcito Zapatista de Liberaci\u00f3n Nacional. Comunicado. 16 de agosto 2015. De arriba, nunca jam\u00e1s llegar\u00e1n la verdad y la justicia. Disponible en: <a href=\"http:\/\/enlacezapatista.ezln.org.mx\/2015\/08\/18\/16380\/\" target=\"_blank\">http:\/\/enlacezapatista.ezln.<wbr \/>org.mx\/2015\/08\/18\/16380\/<\/a><\/p>\n<\/div>\n<div>\n<p lang=\"es-ES\"><a href=\"https:\/\/mail.google.com\/mail\/u\/1\/#14fb384a65f97d0e_sdfootnote3anc\" name=\"14fb384a65f97d0e_sdfootnote3sym\">3<\/a> Centro de Derechos Humanos Fray Bartolom\u00e9 de Las Casas. Bolet\u00edn 7, 10 de marzo 2015. Ej\u00e9rcito mexicano hostiga a la Junta de Buen Gobierno de La Realidad. Disponible en: <a href=\"http:\/\/www.frayba.org.mx\/archivo\/boletines\/150311_boletin_07_incursiones_militares.pdf\" target=\"_blank\">http:\/\/www.frayba.org.mx\/<wbr \/>archivo\/boletines\/150311_<wbr \/>boletin_07_incursiones_<wbr \/>militares.pdf<\/a><\/p>\n<\/div>\n<p>[:]<\/p>\n","protected":false},"excerpt":{"rendered":"<p>[:es] San Crist\u00f3bal de Las Casas, Chiapas, M\u00e9xico a 9 de septiembre de 2015 Bolet\u00edn de prensa No. 22 Amenazas de muerte y agresiones f\u00edsicas en contra de BAEZLN de la comunidad Tzakukum Este Centro de Derechos Humanos Fray Bartolom\u00e9 de Las Casas, A.C (Frayba) document\u00f3 los hechos sobre las amenazas de muerte, agresiones f\u00edsicas [&hellip;]<\/p>\n","protected":false},"author":1,"featured_media":0,"comment_status":"open","ping_status":"closed","sticky":false,"template":"","format":"standard","meta":{"footnotes":""},"categories":[51,6,955,55],"tags":[534,667,154,215],"class_list":["post-14395","post","type-post","status-publish","format-standard","hentry","category-autor","category-chiapas","category-ezln-temas","category-frayba","tag-agresiones","tag-baezln","tag-jbg","tag-oventic"],"_links":{"self":[{"href":"https:\/\/radiozapatista.org\/index.php?rest_route=\/wp\/v2\/posts\/14395","targetHints":{"allow":["GET"]}}],"collection":[{"href":"https:\/\/radiozapatista.org\/index.php?rest_route=\/wp\/v2\/posts"}],"about":[{"href":"https:\/\/radiozapatista.org\/index.php?rest_route=\/wp\/v2\/types\/post"}],"author":[{"embeddable":true,"href":"https:\/\/radiozapatista.org\/index.php?rest_route=\/wp\/v2\/users\/1"}],"replies":[{"embeddable":true,"href":"https:\/\/radiozapatista.org\/index.php?rest_route=%2Fwp%2Fv2%2Fcomments&post=14395"}],"version-history":[{"count":0,"href":"https:\/\/radiozapatista.org\/index.php?rest_route=\/wp\/v2\/posts\/14395\/revisions"}],"wp:attachment":[{"href":"https:\/\/radiozapatista.org\/index.php?rest_route=%2Fwp%2Fv2%2Fmedia&parent=14395"}],"wp:term":[{"taxonomy":"category","embeddable":true,"href":"https:\/\/radiozapatista.org\/index.php?rest_route=%2Fwp%2Fv2%2Fcategories&post=14395"},{"taxonomy":"post_tag","embeddable":true,"href":"https:\/\/radiozapatista.org\/index.php?rest_route=%2Fwp%2Fv2%2Ftags&post=14395"}],"curies":[{"name":"wp","href":"https:\/\/api.w.org\/{rel}","templated":true}]}}