{"id":14066,"date":"2015-08-10T15:18:00","date_gmt":"2015-08-10T20:18:00","guid":{"rendered":"https:\/\/radiozapatista.org\/?p=14066"},"modified":"2015-11-29T18:09:29","modified_gmt":"2015-11-30T00:09:29","slug":"nuestra-nadia-en-defensa-de-la-memoria","status":"publish","type":"post","link":"https:\/\/radiozapatista.org\/?p=14066","title":{"rendered":"Nuestra Nadia, en defensa de la memoria"},"content":{"rendered":"<p><\/p>\n<h3 style=\"text-align: center;\">&#8220;Nuestra Nadia, en defensa de la memoria&#8221;<br \/>\nConferencia de Prensa de los familiares de<br \/>\nNadia Dominique Vera P\u00e9rez<\/h3>\n<p style=\"text-align: center;\"><strong>&#8220;<em>Su solidaridad es lo que nos mantiene ante tanto dolor.<\/em>&#8220;<\/strong><\/p>\n\n\t\t\t<!-- generated by showtime WP plugin -->\n\t\t\t<script type='text\/javascript'>\n\t\t\t\n\t\t\t\tvar flashvars = {\n\t\t\t\t\t\n\t\t\t\txml \t\t\t: 'https:\/\/radiozapatista.org\/wp-content\/plugins\/showtime-slideshow\/showtime\/getxml.php?attr=id^14066*source^medium*sourcehd^large*',\n\t\t\t\t\n\t\t\t\twidth           : '480',\n\t\t\t\theight          : '300',\n\t\t\t\tclassid         : 'st_0',\n\n\t\t\t\trotationtime    : '5',\n\t\t\t\ttransition      : 'Blur',\n\t\t\t\ttransitiontime  : '1',\n\t\t\t\ttransitionease  : 'LinearEaseNone',\n\t\t\t\tautoplay        : 'on',\n\t\t\t\tshowcontrols    : 'on',\n\t\t\t\tcontrols        : '1234',\n\t\t\t\ttextbgcolor     : '',\n\n\t\t\t\tshowtext        : '',\n\t\t\t\tshowalt         : '',\n\t\t\t\tshuffle         : '',\n\t\t\t\tscale           : 'showAll',\n\t\t\t\ttarget          : '_self'\t\t\t\n\t\t\t\t\n\t\t\t\t\n\t\t\t\t};\n\t\t\t\t\n\t\t\t\tvar params = {};\n\t\t\t\tparams.allowFullScreen = 'true';\n\t\t\t\tparams.bgcolor = '#000000';\t\t\n\t\t\t\tparams.quality = 'autohigh';\t\t\n\t\t\t\tparams.wmode = 'window';\n\t\t\t\t\/\/params.base = 'dirname(__FILE__)';\n\t\t\t\t\/\/params.allowScriptAccess = 'local';\n\t\t\t\n\t\t\t\tvar attributes = {};\n\t\t\t\tattributes.styleclass = 'showtime';\n\t\t\t\t\t\t\t\t\t\t\t\t\n\t\t\t\tswfobject.embedSWF ('https:\/\/radiozapatista.org\/wp-content\/plugins\/showtime-slideshow\/showtime\/st16.swf', 'st_0', '480', '300', '10.0.0', 'false', flashvars, params, attributes);\n\t\t\t<\/script>\n\t\n\t\t\t\t\t\n\t\t\t<!-- alternative content -->\t\n\t\t\t<div id='st_0'>\n\t\t<style type=\"text\/css\">\n\t\t\t#gallery-1 {\n\t\t\t\tmargin: auto;\n\t\t\t}\n\t\t\t#gallery-1 .gallery-item {\n\t\t\t\tfloat: left;\n\t\t\t\tmargin-top: 10px;\n\t\t\t\ttext-align: center;\n\t\t\t\twidth: 33%;\n\t\t\t}\n\t\t\t#gallery-1 img {\n\t\t\t\tborder: 2px solid #cfcfcf;\n\t\t\t}\n\t\t\t#gallery-1 .gallery-caption {\n\t\t\t\tmargin-left: 0;\n\t\t\t}\n\t\t\t\/* see gallery_shortcode() in wp-includes\/media.php *\/\n\t\t<\/style>\n\t\t<div id='gallery-1' class='gallery galleryid-14066 gallery-columns-3 gallery-size-thumbnail'><dl class='gallery-item'>\n\t\t\t<dt class='gallery-icon landscape'>\n\t\t\t\t<a href='https:\/\/radiozapatista.org\/?attachment_id=14069'><img loading=\"lazy\" decoding=\"async\" width=\"150\" height=\"150\" src=\"https:\/\/radiozapatista.org\/wp-content\/uploads\/2015\/08\/IMG_3047-150x150.jpg\" class=\"attachment-thumbnail size-thumbnail\" alt=\"\" \/><\/a>\n\t\t\t<\/dt><\/dl><dl class='gallery-item'>\n\t\t\t<dt class='gallery-icon landscape'>\n\t\t\t\t<a href='https:\/\/radiozapatista.org\/?attachment_id=14070'><img loading=\"lazy\" decoding=\"async\" width=\"150\" height=\"150\" src=\"https:\/\/radiozapatista.org\/wp-content\/uploads\/2015\/08\/IMG_3048-150x150.jpg\" class=\"attachment-thumbnail size-thumbnail\" alt=\"\" \/><\/a>\n\t\t\t<\/dt><\/dl><dl class='gallery-item'>\n\t\t\t<dt class='gallery-icon portrait'>\n\t\t\t\t<a href='https:\/\/radiozapatista.org\/?attachment_id=14071'><img loading=\"lazy\" decoding=\"async\" width=\"150\" height=\"150\" src=\"https:\/\/radiozapatista.org\/wp-content\/uploads\/2015\/08\/IMG_3051-150x150.jpg\" class=\"attachment-thumbnail size-thumbnail\" alt=\"\" \/><\/a>\n\t\t\t<\/dt><\/dl><br style=\"clear: both\" \/><dl class='gallery-item'>\n\t\t\t<dt class='gallery-icon portrait'>\n\t\t\t\t<a href='https:\/\/radiozapatista.org\/?attachment_id=14072'><img loading=\"lazy\" decoding=\"async\" width=\"150\" height=\"150\" src=\"https:\/\/radiozapatista.org\/wp-content\/uploads\/2015\/08\/IMG_3054-150x150.jpg\" class=\"attachment-thumbnail size-thumbnail\" alt=\"\" \/><\/a>\n\t\t\t<\/dt><\/dl><dl class='gallery-item'>\n\t\t\t<dt class='gallery-icon portrait'>\n\t\t\t\t<a href='https:\/\/radiozapatista.org\/?attachment_id=14073'><img loading=\"lazy\" decoding=\"async\" width=\"150\" height=\"150\" src=\"https:\/\/radiozapatista.org\/wp-content\/uploads\/2015\/08\/IMG_3055-150x150.jpg\" class=\"attachment-thumbnail size-thumbnail\" alt=\"\" \/><\/a>\n\t\t\t<\/dt><\/dl><dl class='gallery-item'>\n\t\t\t<dt class='gallery-icon landscape'>\n\t\t\t\t<a href='https:\/\/radiozapatista.org\/?attachment_id=14074'><img loading=\"lazy\" decoding=\"async\" width=\"150\" height=\"150\" src=\"https:\/\/radiozapatista.org\/wp-content\/uploads\/2015\/08\/IMG_3058-150x150.jpg\" class=\"attachment-thumbnail size-thumbnail\" alt=\"\" \/><\/a>\n\t\t\t<\/dt><\/dl><br style=\"clear: both\" \/><dl class='gallery-item'>\n\t\t\t<dt class='gallery-icon landscape'>\n\t\t\t\t<a href='https:\/\/radiozapatista.org\/?attachment_id=14075'><img loading=\"lazy\" decoding=\"async\" width=\"150\" height=\"150\" src=\"https:\/\/radiozapatista.org\/wp-content\/uploads\/2015\/08\/IMG_3059-150x150.jpg\" class=\"attachment-thumbnail size-thumbnail\" alt=\"\" \/><\/a>\n\t\t\t<\/dt><\/dl><dl class='gallery-item'>\n\t\t\t<dt class='gallery-icon portrait'>\n\t\t\t\t<a href='https:\/\/radiozapatista.org\/?attachment_id=14076'><img loading=\"lazy\" decoding=\"async\" width=\"150\" height=\"150\" src=\"https:\/\/radiozapatista.org\/wp-content\/uploads\/2015\/08\/IMG_3061-150x150.jpg\" class=\"attachment-thumbnail size-thumbnail\" alt=\"\" \/><\/a>\n\t\t\t<\/dt><\/dl>\n\t\t\t<br style='clear: both' \/>\n\t\t<\/div>\n<\/div>\n\t\t\t\t\t\n\t\t\t\n\n<p>Presentaci\u00f3n &#8211; Centro de Derechos Humanos Fray Bartolom\u00e9 de Las Casas, en voz de V\u00edctor Hugo L\u00f3pez:<br \/>\n[podcast]https:\/\/radiozapatista.org\/Audios\/CP_NadiaVera_01Frayba.MP3[\/podcast]<\/p>\n<p>Pronunciamiento de la familia de Nadia Dominique Vera P\u00e9rez, <a href=\"http:\/\/chiapasdenuncia.blogspot.mx\/2015\/08\/nuestra-nadia-en-defensa-de-la-memoria.html\" target=\"_blank\">&#8220;Nuestra Nadia, en defensa de la memoria&#8221;<\/a>, le\u00eddo por su madre, Mirtha Luz P\u00e9rez Robledo (<a href=\"http:\/\/chiapasdenuncia.blogspot.mx\/2015\/08\/nuestra-nadia-en-defensa-de-la-memoria.html\" target=\"_blank\">lee aqu\u00ed<\/a>):<br \/>\n[podcast]https:\/\/radiozapatista.org\/Audios\/CP_NadiaVera_02DMirta.MP3[\/podcast]<\/p>\n<p>Poema &#8220;Canci\u00f3n balada de una ni\u00f1a citadina&#8221;, de Mirtha Luz P\u00e9rez Robledo, con m\u00fasica de Roel Osorio:<br \/>\n[podcast]https:\/\/radiozapatista.org\/Audios\/CP_NadiaVera_04Poema.MP3[\/podcast]<\/p>\n<p>Palabras de agradecimiento de la familia de Nadia:<br \/>\n[podcast]https:\/\/radiozapatista.org\/Audios\/CP_NadiaVera_05Gracias.MP3[\/podcast]<\/p>\n<p><!--more--><\/p>\n<hr \/>\n<blockquote><p><em>\u00bfQu\u00e9 se dice cuando te han arrebatado el coraz\u00f3n? Las palabras se rompen tambi\u00e9n.<\/em><\/p>\n<p><em>No sabes si lo que sucede corresponde a lo que sientes.<\/em><\/p>\n<p><em>Se va la palabra amor, se va la palabra generosidad. Se van las palabras con que habitualmente hablas, accionas operas, te conduces, construyes.<\/em><\/p>\n<p><em>Se van las palabras que te habitan y dejas de habitar las palabras. Entonces te quedas muda, petrificada, inm\u00f3vil, anulada, humillada, se borra tu horizonte, te borras poco a poco, te vas borrando.<\/em><\/p>\n<p><em>A cada paso se corta el horizonte y entonces el mundo se estrecha, sientes as\u00ed como el l\u00edmite de tu lenguaje es el l\u00edmite de tu mundo.<\/em><\/p>\n<p><em>El mundo es hostil de por si, pero, se hace m\u00e1s hostil, y empiezas a poner resistencia, te resistes si, te resistes a ser anulada, humillada, vilipendiada.<\/em><\/p>\n<p><em>Y entonces llegan tus amigos llenos de las flores de su amistad y tanta gente buena llega y entre todos te sostienen.<\/em><\/p><\/blockquote>\n<p style=\"text-align: right;\">&#8212; <em>Mirtha Luz P\u00e9rez Robledo.<\/em><\/p>\n<p><strong>San Crist\u00f3bal de las Casas, Chiapas. 10 de agosto.<\/strong> \u201c\u00bfPor qu\u00e9 ninguna autoridad se ha comunicado con nosotros, para brindarnos informaci\u00f3n y asesor\u00eda?\u201d, pregunta Mirtha Luz P\u00e9rez Robledo, durante  una conferencia de prensa en el centro de derechos Humanos Fray Bartolom\u00e9 de las Casas, para exigir verdad y justicia ante el asesinato de su hija Nadia Dominique Vera P\u00e9rez, junto a otras cuatro personas, en la ciudad de M\u00e9xico, el pasado 31 de julio. \u201c\u00bfPor qu\u00e9 no se ha tomado en cuenta el contexto de violencia e inseguridad, adem\u00e1s de la agresi\u00f3n directa por arte del estado de Veracruz, a grupos de estudiantes y activistas a los que Nadia perteneci\u00f3?\u201d, se cuestionan familiares y la sociedad solidaria que los acompa\u00f1a.<\/p>\n<p>Perez Robledo a\u00f1ade que ante la p\u00e9rdida de su hija Nadia, \u201cse suma la violencia institucional, cuando constatamos la falta de pulcritud en el manejo del caso, por parte de la Procuradur\u00eda General de Justicia del distrito Federal (PGJDF)\u201d. Constancia de ello, es que \u201cla informaci\u00f3n se fue difundiendo de manera extraoficial, fragmentada y contradictoria a trav\u00e9s de los medios de comunicaci\u00f3n\u201d, evidencia Do\u00f1a Mirtha.<\/p>\n<p>La familia de Nadia Vera, se\u00f1ala mediante un comunicado le\u00eddo en la rueda de prensa, que la PGJDF, ha enfatizado en la ocupaci\u00f3n, nacionalidad, sexo y h\u00e1bitos de las v\u00edctimas \u201ccontribuyendo a estigmatizarlas\u201d. Aunado a los anterior, con la filtraci\u00f3n a los medios de las fotograf\u00edas sobre el estado en que quedaron las v\u00edctimas, \u201cse ha lastimado a\u00fan m\u00e1s su memoria y agraviado a sus familiares\u201d, aseguran las y los originarios de la ciudad de Comit\u00e1n de Dom\u00ednguez.<\/p>\n<p>\u201cA la luz de nuestro derecho a la verdad y justicia como familiares de Nadia\u201d, durante la rueda de prensa se cuestionan : \u201c\u00bfPor qu\u00e9 la actividad de Nadia como activista, no es contemplada como un hecho que la coloc\u00f3 en una situaci\u00f3n de vulnerabilidad?; \u00bfPor qu\u00e9 no se le permiti\u00f3 r\u00e1pidamente el acceso al expediente a los abogados y si a los medios de comunicaci\u00f3n?; \u00bfPor qu\u00e9 se ha priorizado el m\u00f3vil del robo, y se ha minimizado otras l\u00edneas de investigaci\u00f3n?\u201d.<\/p>\n<p>La familia Vera P\u00e9rez anuncia que se acoger\u00e1 a la Ley General de V\u00edctimas, espec\u00edficamente \u201cen cuanto al derecho de conocer la verdad de lo ocurrido, acerca de los hechos en los que fueron violados los derechos humanos de Nadia y las otras v\u00edctimas directas, como la de los familiares, en nuestra calidad de v\u00edctimas indirectas\u201d, para lo cual la autoridad deber\u00e1 informar los resultados de las investigaciones. \u201cLa investigaci\u00f3n de los hechos que realiza la PGJDF, se debe ce\u00f1ir a los est\u00e1ndares m\u00e1s altos de respeto a los derechos humanos\u201d, demandan los familiares.<\/p>\n<p>De igual forma la familia de Nadia Vera, en voz de su madre Mirtha P\u00e9rez, se solidariza con las familias de Olivia alejandra, Yesenia Quir\u00f3z, Mile Virginia y Rub\u00e9n Espinoza, con quien \u201cel dolor nos hermana\u201d, enfatiza. A la comunidad nacional e internacional solidaria les comparten: \u201cSu solidaridad es la que nos sostiene ante tanto dolor. No nos acostumbremos ante tanta violencia\u201d.<\/p>\n<p style=\"text-align: center;\"><img loading=\"lazy\" decoding=\"async\" class=\"size-medium wp-image-14069  aligncenter\" title=\"IMG_3047\" src=\"https:\/\/radiozapatista.org\/wp-content\/uploads\/2015\/08\/IMG_3047-350x233.jpg\" alt=\"\" width=\"350\" height=\"233\" srcset=\"https:\/\/radiozapatista.org\/wp-content\/uploads\/2015\/08\/IMG_3047-350x233.jpg 350w, https:\/\/radiozapatista.org\/wp-content\/uploads\/2015\/08\/IMG_3047-1024x683.jpg 1024w, https:\/\/radiozapatista.org\/wp-content\/uploads\/2015\/08\/IMG_3047.jpg 1037w\" sizes=\"auto, (max-width: 350px) 100vw, 350px\" \/><\/p>\n<p><\/p>","protected":false},"excerpt":{"rendered":"<p>&#8220;Nuestra Nadia, en defensa de la memoria&#8221; Conferencia de Prensa de los familiares de Nadia Dominique Vera P\u00e9rez &#8220;Su solidaridad es lo que nos mantiene ante tanto dolor.&#8220; Presentaci\u00f3n &#8211; Centro de Derechos Humanos Fray Bartolom\u00e9 de Las Casas, en voz de V\u00edctor Hugo L\u00f3pez: [podcast]https:\/\/radiozapatista.org\/Audios\/CP_NadiaVera_01Frayba.MP3[\/podcast] Pronunciamiento de la familia de Nadia Dominique Vera P\u00e9rez, [&hellip;]<\/p>\n","protected":false},"author":1,"featured_media":0,"comment_status":"open","ping_status":"closed","sticky":false,"template":"","format":"standard","meta":{"footnotes":""},"categories":[1,6,961,190],"tags":[198,18,912,87],"class_list":["post-14066","post","type-post","status-publish","format-standard","hentry","category-audio","category-chiapas","category-mujeres","category-radiozapatista","tag-impunidad","tag-medios","tag-narcoestado","tag-represion"],"_links":{"self":[{"href":"https:\/\/radiozapatista.org\/index.php?rest_route=\/wp\/v2\/posts\/14066","targetHints":{"allow":["GET"]}}],"collection":[{"href":"https:\/\/radiozapatista.org\/index.php?rest_route=\/wp\/v2\/posts"}],"about":[{"href":"https:\/\/radiozapatista.org\/index.php?rest_route=\/wp\/v2\/types\/post"}],"author":[{"embeddable":true,"href":"https:\/\/radiozapatista.org\/index.php?rest_route=\/wp\/v2\/users\/1"}],"replies":[{"embeddable":true,"href":"https:\/\/radiozapatista.org\/index.php?rest_route=%2Fwp%2Fv2%2Fcomments&post=14066"}],"version-history":[{"count":0,"href":"https:\/\/radiozapatista.org\/index.php?rest_route=\/wp\/v2\/posts\/14066\/revisions"}],"wp:attachment":[{"href":"https:\/\/radiozapatista.org\/index.php?rest_route=%2Fwp%2Fv2%2Fmedia&parent=14066"}],"wp:term":[{"taxonomy":"category","embeddable":true,"href":"https:\/\/radiozapatista.org\/index.php?rest_route=%2Fwp%2Fv2%2Fcategories&post=14066"},{"taxonomy":"post_tag","embeddable":true,"href":"https:\/\/radiozapatista.org\/index.php?rest_route=%2Fwp%2Fv2%2Ftags&post=14066"}],"curies":[{"name":"wp","href":"https:\/\/api.w.org\/{rel}","templated":true}]}}