{"id":13955,"date":"2015-08-06T13:39:42","date_gmt":"2015-08-06T18:39:42","guid":{"rendered":"https:\/\/radiozapatista.org\/?p=13955"},"modified":"2015-08-06T13:43:15","modified_gmt":"2015-08-06T18:43:15","slug":"tseltales-de-banavil-en-retorno-provisional-carecen-de-agua","status":"publish","type":"post","link":"https:\/\/radiozapatista.org\/?p=13955","title":{"rendered":"Tseltales de Banavil en retorno provisional carecen de agua"},"content":{"rendered":"<p>En entrevista para Radio Tepeyac, Miguel L\u00f3pez Gir\u00f3n narra c\u00f3mo  ha sido el retorno provisional de su familia a Banavil, despu\u00e9s de 3  a\u00f1os y 8 meses en desplazamiento forzado; denuncia la falta de agua y  hace un llamado a la solidaridad.<\/p>\n<p><iframe loading=\"lazy\" width=\"100%\" height=\"100\" scrolling=\"no\" frameborder=\"no\" src=\"https:\/\/w.soundcloud.com\/player\/?url=https%3A\/\/api.soundcloud.com\/tracks\/217600430&amp;auto_play=false&amp;hide_related=false&amp;show_comments=true&amp;show_user=true&amp;show_reposts=false&amp;visual=true\"><\/iframe><\/p>\n<p>\u201cLo m\u00e1s importante para nosotros es venir a limpiar nuestras casas,  continuar trabajando las tierras. Como pueblos originarios, es lo que no  podemos olvidar: nuestros usos y costumbres, nuestra vida de trabajar  en el campo.\u201d<\/p>\n<p>Escuche el testimonio completo, el jueves 6 de agosto, 17 hrs en el  Programa Los crucificados de hoy, con el padre Pedro Arriaga por la 93.3  fm, San Crist\u00f3bal de Las Casas, Chiapas y en internet por <a rel=\"nofollow\" href=\"http:\/\/www.radiotepeyac\/\" target=\"_blank\">www.radiotepeyac<\/a><strong>Retorno provisional de familias desplazadas de Banavil<\/strong><\/p>\n<blockquote><p>Soy  Loreno L\u00f3pez Gir\u00f3n desplazado forzado de Banavil, actualmente vivimos  con mi familia, 19 personas, en San Crist\u00f3bal de Las Casas, desde que el  4 de diciembre de 2011 un grupo pri\u00edsta armado entraron en mi casa,  desaparecieron forzadamente a mi pap\u00e1 Alonso L\u00f3pez Luna y no hemos  podido regresar pero queremos ir a trabajar nuestra tierra e iremos el  d\u00eda 3 de agosto a nuestra comunidad para delimitar las colindancias de  nuestro terreno, limpiar nuestras casas y el pante\u00f3n donde est\u00e1  enterrada Antonia L\u00f3pez M\u00e9ndez muerta en desplazamiento forzado y otras  ni\u00f1as nuestras.<\/p><\/blockquote>\n<p>Invitamos a las organizaciones y colectivos nacionales e internacionales  para que nos acompa\u00f1en algunos d\u00eda el 3 y 17 de agosto, o nos puedan  apoyar con despensas, con lo econ\u00f3mico o con palabras en formas de  cartas.<\/p>\n<p>Firma en apoyo exigiendo: Verdad, justicia y retorno: \u00a1Nom\u00e1sdesplazamientoforzado!<br \/>\n<a rel=\"nofollow\" href=\"http:\/\/www.rostrosdeldespojo.org\/participa\/peticion\/\" target=\"_blank\">www.rostrosdeldespojo.org\/participa\/peticion\/<\/a><br \/>\n<\/p>","protected":false},"excerpt":{"rendered":"<p>En entrevista para Radio Tepeyac, Miguel L\u00f3pez Gir\u00f3n narra c\u00f3mo ha sido el retorno provisional de su familia a Banavil, despu\u00e9s de 3 a\u00f1os y 8 meses en desplazamiento forzado; denuncia la falta de agua y hace un llamado a la solidaridad. \u201cLo m\u00e1s importante para nosotros es venir a limpiar nuestras casas, continuar trabajando [&hellip;]<\/p>\n","protected":false},"author":1,"featured_media":0,"comment_status":"open","ping_status":"closed","sticky":false,"template":"","format":"standard","meta":{"footnotes":""},"categories":[1,6,55],"tags":[491,572,782],"class_list":["post-13955","post","type-post","status-publish","format-standard","hentry","category-audio","category-chiapas","category-frayba","tag-banavil","tag-desplazados","tag-desplazamiento-forzado"],"_links":{"self":[{"href":"https:\/\/radiozapatista.org\/index.php?rest_route=\/wp\/v2\/posts\/13955","targetHints":{"allow":["GET"]}}],"collection":[{"href":"https:\/\/radiozapatista.org\/index.php?rest_route=\/wp\/v2\/posts"}],"about":[{"href":"https:\/\/radiozapatista.org\/index.php?rest_route=\/wp\/v2\/types\/post"}],"author":[{"embeddable":true,"href":"https:\/\/radiozapatista.org\/index.php?rest_route=\/wp\/v2\/users\/1"}],"replies":[{"embeddable":true,"href":"https:\/\/radiozapatista.org\/index.php?rest_route=%2Fwp%2Fv2%2Fcomments&post=13955"}],"version-history":[{"count":0,"href":"https:\/\/radiozapatista.org\/index.php?rest_route=\/wp\/v2\/posts\/13955\/revisions"}],"wp:attachment":[{"href":"https:\/\/radiozapatista.org\/index.php?rest_route=%2Fwp%2Fv2%2Fmedia&parent=13955"}],"wp:term":[{"taxonomy":"category","embeddable":true,"href":"https:\/\/radiozapatista.org\/index.php?rest_route=%2Fwp%2Fv2%2Fcategories&post=13955"},{"taxonomy":"post_tag","embeddable":true,"href":"https:\/\/radiozapatista.org\/index.php?rest_route=%2Fwp%2Fv2%2Ftags&post=13955"}],"curies":[{"name":"wp","href":"https:\/\/api.w.org\/{rel}","templated":true}]}}