{"id":13949,"date":"2015-08-06T12:56:48","date_gmt":"2015-08-06T17:56:48","guid":{"rendered":"https:\/\/radiozapatista.org\/?p=13949"},"modified":"2015-08-06T12:56:48","modified_gmt":"2015-08-06T17:56:48","slug":"boletin-5-situacion-del-comandante-cemei-verdia","status":"publish","type":"post","link":"https:\/\/radiozapatista.org\/?p=13949","title":{"rendered":"Bolet\u00edn 5. Situaci\u00f3n del Comandante Ceme\u00ed Verd\u00eda"},"content":{"rendered":"<p>A LA SOCIEDAD CIVIL<br \/>\nA LAS ORGANIZACIONES DE DERECHOS HUMANOS<br \/>\nA LOS MEDIOS DE COMUNICACI\u00d3N HONESTOS<\/p>\n<p>Como es del conocimiento p\u00fablico, Ceme\u00ed Verd\u00eda Zepeda-Primer Comandante de la Polic\u00eda Comunitaria de Santa Mar\u00eda Ostula y Coordinador General de las Autodefensas de los municipios de Aquila, Coahuayana y Chinicuila-fue detenido injustamente el pasado 19 de julio. Posterior a su detenci\u00f3n,  fuerzas federales y estatales  perpetraron una cobarde agresi\u00f3n contra la comunidad \u00edndigena se Santa Mar\u00eda Ostula; asesinando a un ni\u00f1o e hiriendo a varias personas m\u00e1s.<\/p>\n<p>En los d\u00edas posteriores el compa\u00f1ero Ceme\u00ed fue absuelto del supuesto delito por el que se le detuvo, sin embargo, fue acusado de otros delitos m\u00e1s y trasladado de un penal federal en Nayarit al penal estatal de Mil Cumbres en Morelia, donde se encuentra detenido hasta este momento.<\/p>\n<p>El d\u00eda de hoy  Ceme\u00ed Verd\u00eda fue absuelto del delito de homicidio por el Juez Cuarto al considerar, este \u00faltimo, que no existi\u00f3 delito qu\u00e9 perseguir ya que Argel Mej\u00eda Valdovinos, Rigoberto Mej\u00eda Valdovinos, Ramiro \u00c1lvarez Medina y una persona no identificada fueron abatidos al intentarlos capturar, despu\u00e9s de que \u00e9stos perpetraron una emboscada en contra de Ceme\u00ed Verd\u00eda y otros miembros de la Polic\u00eda Comunitaria de Ostula el pasado 25 de mayo.  Debemos recordar que dichos sicarios asesinaron en el mismo hecho a dos polic\u00edas comunitarios de Ostula y Aquila.<\/p>\n<p>Por otro lado, el mismo Juez se declar\u00f3 incompetente para resolver respecto al delito de robo calificado, del que tambi\u00e9n se le acusa a Ceme\u00ed Verd\u00eda. Por tal raz\u00f3n, el proceso fue turnado al Juzgado de Distrito en  L\u00e1zaro C\u00e1rdenas, donde un juez tiene 72 hrs para dictar la auto de libertad o formal prisi\u00f3n a Ceme\u00ed Verd\u00eda.<\/p>\n<p>Es necesario puntualizar que el falso delito de robo calificado en agravio del Ayuntamiento de Aquila  se debe a una denuncia interpuesta por el alcalde de Aquila, Juan Hern\u00e1ndez, quien se encuentra preso desde el 27 de julio por ser \u00e9l uno de los autores intelectuales del atentado contra Ceme\u00ed Verd\u00eda del 25 de mayo y por ser parte del Cartel de los Caballeros Templarios.<\/p>\n<p>Juan Hern\u00e1ndez, junto con los jefes templarios Federico Gonz\u00e1lez (alias Lico) y Mario \u00c1lvarez (alias el Chacal), entre los a\u00f1os 2012 y 2013 saque\u00f3 de los bosques v\u00edrgenes de Ostula madera de la especie Sangualica, conocida como Dalbergia granadillo (especie que cuenta con protecci\u00f3n especial por las normas mexicanas). Dicha  madera era exportada con la complicidad de los tres niveles de Gobierno a China a trav\u00e9s de los puertos de L\u00e1zaro C\u00e1rdenas y Manzanillo.<\/p>\n<p>Ante esta situaci\u00f3n exigimos:<\/p>\n<p>1)    Que Ceme\u00ed Verd\u00eda no sea trasladado por el gobierno del estado de Michoc\u00e1n a L\u00e1zaro C\u00e1rdenas, lugar donde  siguen operando los Caballeros Templarios y donde pretenden atentar nuevamente en contra de su vida.<\/p>\n<p>2)    La libertad inmediata de Ceme\u00ed Verd\u00eda.<\/p>\n<p>3)    Que el Ej\u00e9rcito Mexicano reconozca su responsabilidad en el asesinato del ni\u00f1o Hidilberto Reyes Garc\u00eda y  de los hechos ocurridos el pasado 19 de julio en la encargatura de Ixtapilla, Santa Mar\u00eda Ostula.<\/p>\n<p>4)    Que el Ej\u00e9rcito Mexicano colabore con la investigaci\u00f3n derivada de los hechos ocurridos el pasado 19 de julio: enviando a las instancias correspondientes las armas de cargo de sus elementos que participaron en dicho operativo para realizar los peritajes de bal\u00edstica; turne a las instancias correspondientes los informes relativos a su actuar en dichos hechos donde se precisen sus \u00f3rdenes y qui\u00e9nes iban en el convoy.<\/p>\n<p>5)    Que se garantice la integridad de la comunidad, lo que incluye el respeto a su Polic\u00eda Comunitaria, as\u00ed como a los comandantes y miembros de las polic\u00edas comunitarias y grupos de autodefensa de Aquila, Chinicuila y Coahuayana.<\/p>\n<p>Justicia inmediata y castigo a los culpables de la muerte del ni\u00f1o Hidilberto Reyes Garc\u00eda, y de las agresiones a la comunidad de Ostula.<\/p>\n<p style=\"text-align: center;\">Atentamente<br \/>\nEquipo de apoyo y solidaridad con la comunidad ind\u00edgena de Santa Mar\u00eda Ostula<br \/>\n4 de agosto de 2015<\/p>\n<p><\/p>","protected":false},"excerpt":{"rendered":"<p>A LA SOCIEDAD CIVIL A LAS ORGANIZACIONES DE DERECHOS HUMANOS A LOS MEDIOS DE COMUNICACI\u00d3N HONESTOS Como es del conocimiento p\u00fablico, Ceme\u00ed Verd\u00eda Zepeda-Primer Comandante de la Polic\u00eda Comunitaria de Santa Mar\u00eda Ostula y Coordinador General de las Autodefensas de los municipios de Aquila, Coahuayana y Chinicuila-fue detenido injustamente el pasado 19 de julio. Posterior [&hellip;]<\/p>\n","protected":false},"author":1,"featured_media":0,"comment_status":"open","ping_status":"closed","sticky":false,"template":"","format":"standard","meta":{"footnotes":""},"categories":[183],"tags":[892,114,37],"class_list":["post-13949","post","type-post","status-publish","format-standard","hentry","category-blog","tag-ejercito","tag-ostula","tag-presos-politicos"],"_links":{"self":[{"href":"https:\/\/radiozapatista.org\/index.php?rest_route=\/wp\/v2\/posts\/13949","targetHints":{"allow":["GET"]}}],"collection":[{"href":"https:\/\/radiozapatista.org\/index.php?rest_route=\/wp\/v2\/posts"}],"about":[{"href":"https:\/\/radiozapatista.org\/index.php?rest_route=\/wp\/v2\/types\/post"}],"author":[{"embeddable":true,"href":"https:\/\/radiozapatista.org\/index.php?rest_route=\/wp\/v2\/users\/1"}],"replies":[{"embeddable":true,"href":"https:\/\/radiozapatista.org\/index.php?rest_route=%2Fwp%2Fv2%2Fcomments&post=13949"}],"version-history":[{"count":0,"href":"https:\/\/radiozapatista.org\/index.php?rest_route=\/wp\/v2\/posts\/13949\/revisions"}],"wp:attachment":[{"href":"https:\/\/radiozapatista.org\/index.php?rest_route=%2Fwp%2Fv2%2Fmedia&parent=13949"}],"wp:term":[{"taxonomy":"category","embeddable":true,"href":"https:\/\/radiozapatista.org\/index.php?rest_route=%2Fwp%2Fv2%2Fcategories&post=13949"},{"taxonomy":"post_tag","embeddable":true,"href":"https:\/\/radiozapatista.org\/index.php?rest_route=%2Fwp%2Fv2%2Ftags&post=13949"}],"curies":[{"name":"wp","href":"https:\/\/api.w.org\/{rel}","templated":true}]}}