{"id":13941,"date":"2015-07-30T21:51:00","date_gmt":"2015-07-31T02:51:00","guid":{"rendered":"https:\/\/radiozapatista.org\/?p=13941"},"modified":"2017-07-04T08:26:49","modified_gmt":"2017-07-04T13:26:49","slug":"apoyo-a-xochicuautla-de-cni-y-ezln","status":"publish","type":"post","link":"https:\/\/radiozapatista.org\/?p=13941","title":{"rendered":"Apoyo a Xochicuautla de CNI y EZLN."},"content":{"rendered":"<p>A los pueblos de M\u00e9xico y el Mundo<\/p>\n<p>A la Sexta Nacional e Internacional<\/p>\n<p>A la comunidad ind\u00edgena \u00f1\u00e4tho de San Francisco Xochicuautla<\/p>\n<p>Ante la digna lucha que desde hace ocho a\u00f1os la comunidad \u00f1\u00e4tho de  San Francisco Xochicuautla ha dado en contra del proyecto carretero de  cuota Toluca-Naucalpan, que contempla la destrucci\u00f3n de su bosque  sagrado para conectar las zonas de lujo de Interlomas al aeropuerto de  Toluca, el mal gobierno encabezado por el asesino Enrique Pe\u00f1a Nieto,  firm\u00f3 un decreto de expropiaci\u00f3n con el cual pretende arrebatar el  territorio comunal de San Francisco Xochicuautla.<\/p>\n<p>A lo largo de estos a\u00f1os hemos visto a qu\u00e9 intereses responden los  malos gobiernos, ya que sus fuerzas de seguridad escoltan la maquinaria  de Autovan, parte de Grupo Higa, con la que quieren ejecutar la  destrucci\u00f3n del bosque \u00f1\u00e4tho. Con este decreto expropiatorio creen que  podr\u00e1n imponer el despojo y la destrucci\u00f3n. Hoy les decimos que sabemos  que el mal gobierno siempre ha pisoteado nuestros derechos como pueblos  ind\u00edgenas, que nos desprecia y que en todos los rincones de M\u00e9xico va e  impone proyectos de muerte, pero que en San Francisco Xochicuautla no  podr\u00e1.<\/p>\n<p>La comunidad ha llevado una lucha legal acudiendo a diversos  tribunales e instancias del mal gobierno mexicano, pero la mayor\u00eda se ha  mostrado de manera parcial protegiendo a los poderosos.<\/p>\n<p>Nosotros sabemos que San Francisco Xochicuautla ha defendido y  defender\u00e1 su territorio, que adem\u00e1s ha acompa\u00f1ado a muchos pueblos y  comunidades en sus luchas.<\/p>\n<p>Por eso hoy hacemos un llamado a los pueblos de M\u00e9xico y el Mundo, a  los hermanos y hermanas de la Sexta Nacional e Internacional a estar  atentos sobre lo que en el futuro acontezca en la lucha de San Francisco  Xochicuautla.<\/p>\n<p>A San Francisco Xochicuautla le decimos que no est\u00e1n solos en este nuestro caminar en la resistencia de los pueblos ind\u00edgenas.<\/p>\n<p>Atentamente<\/p>\n<p>Nunca m\u00e1s un M\u00e9xico sin nosotros<\/p>\n<p>Congreso Nacional Ind\u00edgena<\/p>\n<p>Democracia, Libertad y Justicia<\/p>\n<p>Ej\u00e9rcito Zapatista de Liberaci\u00f3n Nacional<\/p>\n<p>Julio de 2015<\/p>\n<p>================<\/p>\n<p><a href=\"https:\/\/radiozapatista.org\/?p=13941&amp;lang=en\">English Translation<\/a><br \/>\n<a href=\"http:\/\/enlacezapatista.ezln.org.mx\/2015\/07\/30\/sostegno-a-xochicuautla-da-cni-ed-ezln\/\">Traduzione italiano<\/a><\/p>","protected":false},"excerpt":{"rendered":"<p>A los pueblos de M\u00e9xico y el Mundo A la Sexta Nacional e Internacional A la comunidad ind\u00edgena \u00f1\u00e4tho de San Francisco Xochicuautla Ante la digna lucha que desde hace ocho a\u00f1os la comunidad \u00f1\u00e4tho de San Francisco Xochicuautla ha dado en contra del proyecto carretero de cuota Toluca-Naucalpan, que contempla la destrucci\u00f3n de su [&hellip;]<\/p>\n","protected":false},"author":1,"featured_media":0,"comment_status":"open","ping_status":"closed","sticky":false,"template":"","format":"standard","meta":{"footnotes":""},"categories":[1024,943,118,955],"tags":[75,63,644,926,724],"class_list":["post-13941","post","type-post","status-publish","format-standard","hentry","category-cni-temas","category-cni","category-ezln","category-ezln-temas","tag-autopistas","tag-cni","tag-comunicados-ezln","tag-ezln","tag-xochicuautla"],"_links":{"self":[{"href":"https:\/\/radiozapatista.org\/index.php?rest_route=\/wp\/v2\/posts\/13941","targetHints":{"allow":["GET"]}}],"collection":[{"href":"https:\/\/radiozapatista.org\/index.php?rest_route=\/wp\/v2\/posts"}],"about":[{"href":"https:\/\/radiozapatista.org\/index.php?rest_route=\/wp\/v2\/types\/post"}],"author":[{"embeddable":true,"href":"https:\/\/radiozapatista.org\/index.php?rest_route=\/wp\/v2\/users\/1"}],"replies":[{"embeddable":true,"href":"https:\/\/radiozapatista.org\/index.php?rest_route=%2Fwp%2Fv2%2Fcomments&post=13941"}],"version-history":[{"count":0,"href":"https:\/\/radiozapatista.org\/index.php?rest_route=\/wp\/v2\/posts\/13941\/revisions"}],"wp:attachment":[{"href":"https:\/\/radiozapatista.org\/index.php?rest_route=%2Fwp%2Fv2%2Fmedia&parent=13941"}],"wp:term":[{"taxonomy":"category","embeddable":true,"href":"https:\/\/radiozapatista.org\/index.php?rest_route=%2Fwp%2Fv2%2Fcategories&post=13941"},{"taxonomy":"post_tag","embeddable":true,"href":"https:\/\/radiozapatista.org\/index.php?rest_route=%2Fwp%2Fv2%2Ftags&post=13941"}],"curies":[{"name":"wp","href":"https:\/\/api.w.org\/{rel}","templated":true}]}}