{"id":13913,"date":"2015-07-20T08:52:31","date_gmt":"2015-07-20T13:52:31","guid":{"rendered":"https:\/\/radiozapatista.org\/?p=13913"},"modified":"2015-07-20T08:52:31","modified_gmt":"2015-07-20T13:52:31","slug":"deteniene-el-ejercito-a-miembros-de-la-comunidad-indigena-de-santa-maria-ostula","status":"publish","type":"post","link":"https:\/\/radiozapatista.org\/?p=13913","title":{"rendered":"DETENIENE EL EJ\u00c9RCITO A MIEMBROS DE LA COMUNIDAD IND\u00cdGENA DE SANTA MAR\u00cdA OSTULA"},"content":{"rendered":"<p>Bolet\u00edn N\u00b0 1 DETENIENE EL EJ\u00c9RCITO A MIEMBROS DE LA COMUNIDAD IND\u00cdGENA DE SANTA MAR\u00cdA OSTULA, Municipio de Aquila, Michoac\u00e1n. (19 de julio de 2015, 13 hrs)<\/p>\n<p>A LA SOCIEDAD CIVIL<br \/>\nA LAS ORGANIZACIONES DE DERECHOS HUMANOS<br \/>\nA LOS MEDIOS DE COMUNICACI\u00d3N HONESTOS<\/p>\n<p>El d\u00eda de hoy aproximadamente a las 10 hrs  un pelot\u00f3n del ej\u00e9rcito mexicano se present\u00f3 en los parajes de El Du\u00edn y Xayakalan, en la comunidad ind\u00edgena de Santa Mar\u00eda Ostula, Municipio de Aquila, Michoac\u00e1n. En dichos puntos la comunidad mantiene puestos de vigilancia de su polic\u00eda comunitaria y los grupos de autodefensa de la costa-sierra.  Los miembros de ej\u00e9rcito impactaron sus veh\u00edculos contra los puestos de vigilancia  y realizaron disparos; intentaron detener a varios miembros de la comunidad que se encontraban en el lugar, sin que hasta el momento podamos confirmar  el n\u00famero y nombres de los detenidos. De manera paralela otro grupo del ej\u00e9rcito mexicano detuvo a Ceme\u00ed Verd\u00eda Zepeda (Primer Comandante de la Polic\u00eda Comunitaria de Santa Mar\u00eda Ostula y Coordinador General de las Autodefensas de los municipios de Aquila, Coahuayana y Chinicuila) en el poblado de La Placita. En ambas acciones los miembros de ej\u00e9rcito no presentaron \u00f3rdenes de aprehensi\u00f3n y se desconoce los delitos de los que acusan a los detenidos.  Cabe mencionar que hasta el momento no han sido presentados ante ninguna agencia del ministerio p\u00fablico y se ignora su paradero.<\/p>\n<p>Posteriormente, aproximadamente a las 11 hrs otro grupo de ej\u00e9rcito intento detener a miembros del Comisariado de Bienes Comunales de Santa Mar\u00eda Ostula, nuevamente sin presentar orden de aprehensi\u00f3n y actuando con violencia.<\/p>\n<p>Ante las acciones emprendidas por las fuerzas federales la comunidad de Santa Mar\u00eda Ostula se moviliz\u00f3 y en estos momentos mantiene retenidos a miembros del ejercito mexicano que participaron en las agresiones. Se debe advertir que se esta viviendo  una situaci\u00f3n  de  tensi\u00f3n extrema en la regi\u00f3n.<\/p>\n<p>Debemos puntualizar que el compa\u00f1ero Ceme\u00ed Verd\u00eda, ha sufrido tres antentados, el \u00faltimo de ellos planeado por miembros del gobierno estatal, municipal, mineros y lugartenientes de los llamados caballeros templarios. Adem\u00e1s, de las investigaciones derivadas,  se logr\u00f3 establecer que una de las opciones para desmovilizar a la comunidad ind\u00edgena de Santa Mar\u00eda Ostula y desarticular a su polic\u00eda comunitaria, as\u00ed como a los grupos de autodefensa de la costa sierra de Michoac\u00e1n, era la fabricaci\u00f3n de delitos y la detenci\u00f3n de Ceme\u00ed Verd\u00eda.<\/p>\n<p>Nuevamente, los llamamos a estar atentos y alertas ante la situaci\u00f3n que se vive en la comunidad de Ostula y en la regi\u00f3n de la Costa-Sierra. Y detener esta nueva escalada del estado mexicano en contra de la comunidad ind\u00edgena de Santa Mar\u00eda Ostula y los otros pueblos de costa sierra de Michoac\u00e1n.<\/p>\n<p style=\"text-align: center;\">Atentamente<br \/>\nEquipo de apoyo y solidaridad con la comunidad ind\u00edgena de Santa Mar\u00eda Ostula<br \/>\n19 de julio de 2015<\/p>\n<p><\/p>","protected":false},"excerpt":{"rendered":"<p>Bolet\u00edn N\u00b0 1 DETENIENE EL EJ\u00c9RCITO A MIEMBROS DE LA COMUNIDAD IND\u00cdGENA DE SANTA MAR\u00cdA OSTULA, Municipio de Aquila, Michoac\u00e1n. (19 de julio de 2015, 13 hrs) A LA SOCIEDAD CIVIL A LAS ORGANIZACIONES DE DERECHOS HUMANOS A LOS MEDIOS DE COMUNICACI\u00d3N HONESTOS El d\u00eda de hoy aproximadamente a las 10 hrs un pelot\u00f3n del [&hellip;]<\/p>\n","protected":false},"author":1,"featured_media":0,"comment_status":"open","ping_status":"closed","sticky":false,"template":"","format":"standard","meta":{"footnotes":""},"categories":[183],"tags":[892,114],"class_list":["post-13913","post","type-post","status-publish","format-standard","hentry","category-blog","tag-ejercito","tag-ostula"],"_links":{"self":[{"href":"https:\/\/radiozapatista.org\/index.php?rest_route=\/wp\/v2\/posts\/13913","targetHints":{"allow":["GET"]}}],"collection":[{"href":"https:\/\/radiozapatista.org\/index.php?rest_route=\/wp\/v2\/posts"}],"about":[{"href":"https:\/\/radiozapatista.org\/index.php?rest_route=\/wp\/v2\/types\/post"}],"author":[{"embeddable":true,"href":"https:\/\/radiozapatista.org\/index.php?rest_route=\/wp\/v2\/users\/1"}],"replies":[{"embeddable":true,"href":"https:\/\/radiozapatista.org\/index.php?rest_route=%2Fwp%2Fv2%2Fcomments&post=13913"}],"version-history":[{"count":0,"href":"https:\/\/radiozapatista.org\/index.php?rest_route=\/wp\/v2\/posts\/13913\/revisions"}],"wp:attachment":[{"href":"https:\/\/radiozapatista.org\/index.php?rest_route=%2Fwp%2Fv2%2Fmedia&parent=13913"}],"wp:term":[{"taxonomy":"category","embeddable":true,"href":"https:\/\/radiozapatista.org\/index.php?rest_route=%2Fwp%2Fv2%2Fcategories&post=13913"},{"taxonomy":"post_tag","embeddable":true,"href":"https:\/\/radiozapatista.org\/index.php?rest_route=%2Fwp%2Fv2%2Ftags&post=13913"}],"curies":[{"name":"wp","href":"https:\/\/api.w.org\/{rel}","templated":true}]}}