{"id":13523,"date":"2015-05-31T17:29:56","date_gmt":"2015-05-31T22:29:56","guid":{"rendered":"https:\/\/radiozapatista.org\/?p=13523"},"modified":"2015-08-31T08:10:14","modified_gmt":"2015-08-31T13:10:14","slug":"boletin-3-sobre-los-hechos-en-santa-maria-ostula-michoacan","status":"publish","type":"post","link":"https:\/\/radiozapatista.org\/?p=13523","title":{"rendered":"Bolet\u00edn 3 sobre los hechos en Santa Mar\u00eda Ostula, Michoac\u00e1n"},"content":{"rendered":"<p><\/p>\n<h4 style=\"text-align: center;\">Bolet\u00edn N\u00b0 3 SOBRE LOS HECHOS OCURRIDOS RECIENTEMENTE EN LA COMUNIDAD IND\u00cdGENA DE SANTA MAR\u00cdA OSTULA, Municipio de Aquila, Michoac\u00e1n. (30 de Mayo)<\/h4>\n<p>A LA SOCIEDAD CIVIL<br \/>\nA LAS ORGANIZACIONES DE DERECHOS HUMANOS<br \/>\nA LOS MEDIOS DE COMUNICACI\u00d3N HONESTOS<\/p>\n<p>El d\u00eda de hoy en diversos medios de comunicaci\u00f3n de Michoac\u00e1n circularon versiones donde se afirma que un grupo armado hab\u00eda `levantado` al presidente municipal  de Aquila, *Juan Hern\u00e1ndez Ram\u00edrez*. Lo cual es una informaci\u00f3n incorrecta. En realidad,   Juan Hern\u00e1ndez Ram\u00edrez fue detenido por elementos de la Fuerza Rural de Coalcom\u00e1n, Chinicuila y Coahuayana, derivado de diversas investigaciones por sus nexos con el c\u00e1rtel de los Caballeros Templarios. En dicho operativo no participaron miembros de la polic\u00eda comunitaria de Santa Mar\u00eda Ostula. La detenci\u00f3n se debi\u00f3 a que el individuo est\u00e1 directamente relacionado con las agresiones  de la semana pasada a miembros de la polic\u00eda comunitaria de Ostula.<\/p>\n<p>Como resultado de las investigaciones realizadas por los grupos de Autodefensa de la Costa-Sierra se pudieron recabar diversos testimonios de testigos presenciales, en relaci\u00f3n con los siguientes hechos:<\/p>\n<p><!--more--><\/p>\n<p>1)  En diciembre de 2014 tuvo lugar una reuni\u00f3n en el pueblo de Huhua, municipio de Aquila donde particip\u00f3 Jes\u00fas Meras, representante de desarrollos mineros de la regi\u00f3n y Juan Hern\u00e1ndez Ram\u00edrez. En dicha reuni\u00f3n se plane\u00f3 el atentado en contra de *Ceme\u00ed Verd\u00eda Zepeda* (Primer Comandante de la Polic\u00eda Comunitaria de Santa Mar\u00eda Ostula y Coordinador General de las Autodefensas de los municipios de Aquila, Coahuayana y Chinicuila) que se llev\u00f3 a cabo el pasado 16 de diciembre de 2014.<\/p>\n<p>2)  El pasado 30 de abril de 2015 se realiz\u00f3 una reuni\u00f3n en el  domicilio del presidente municipal de Aquila, Juan Hern\u00e1ndez Ram\u00edrez, encabezada por \u00e9ste. Estuvieron  presentes  representantes de desarrollos  mineros de la regi\u00f3n y operadores de los llamados \u201cCaballeros Templarios\u201d.  En dicha reuni\u00f3n Juan Hern\u00e1ndez Ram\u00edrez ofreci\u00f3 medio mill\u00f3n de pesos a quien asesinara a Ceme\u00ed Verd\u00eda.  Acordaron, adem\u00e1s, que esto ten\u00eda que ocurrir antes de mes y medio; y en caso de no ser asesinado ser\u00eda detenido por fuerzas del gobierno estatal de Michoac\u00e1n.<\/p>\n<p>3)  Mario Ram\u00edrez, profesor originario del pueblo Faro de Bucer\u00edas -municipio de Aquila- es un operador templario que ten\u00eda como tarea servir de enlace entre Juan Hern\u00e1ndez Ram\u00edrez y los jefes templarios de la regi\u00f3n, *Mario \u00c1lvarez* (el Chacal) y *Federico Gonz\u00e1lez* (Lico)  originarios del  poblado  La Placita.<\/p>\n<p>4)  De todas  estas reuniones e intentos de asesinar a Ceme\u00ed Verdia es c\u00f3mplice el  *S**ubsecretario de Seguridad P\u00fablica en Michoac\u00e1n, Adolfo Eloy Peralta*, apodado &#8220;El Yanki&#8221;, quien, se\u00f1alan los testimonios,  se ha dado a la tarea de rearticular al cartel de los Caballeros Templarios en la regi\u00f3n Costa Sierra.<\/p>\n<p>Queremos informar que desde la tarde de hoy  varios operadores templarios y el mismo Juan Hern\u00e1ndez Ram\u00edrez se encuentran declarando en las instalaciones de la Fuerza Rural de Coahuayana. A dicho  lugar han estado llegando contingentes  de la Marina, el Ej\u00e9rcito y la Polic\u00eda Federal, en tanquetas y veh\u00edculos artillados.<\/p>\n<p>Se debe advertir que esto ha venido generando un ambiente de tensi\u00f3n en la regi\u00f3n, pues no es claro el objetivo de las fuerzas federales. Adem\u00e1s, se han trasladado alrededor de quinientos polic\u00edas comunitarios de Ostula hasta Coahuayana para respaldar a los miembros de las Autodefensas de la Costa-Sierra que se encuentran en dicho punto.<\/p>\n<p>Nuevamente, los llamamos a estar atentos y alertas ante la situaci\u00f3n que se vive en la comunidad de Ostula y en la regi\u00f3n de la Costa-Sierra.<\/p>\n<p>Atentamente<\/p>\n<p>Equipo de apoyo y solidaridad con la comunidad ind\u00edgena de Santa Mar\u00eda Ostula<br \/>\n30 de mayo de 2015<\/p>","protected":false},"excerpt":{"rendered":"<p>Bolet\u00edn N\u00b0 3 SOBRE LOS HECHOS OCURRIDOS RECIENTEMENTE EN LA COMUNIDAD IND\u00cdGENA DE SANTA MAR\u00cdA OSTULA, Municipio de Aquila, Michoac\u00e1n. (30 de Mayo) A LA SOCIEDAD CIVIL A LAS ORGANIZACIONES DE DERECHOS HUMANOS A LOS MEDIOS DE COMUNICACI\u00d3N HONESTOS El d\u00eda de hoy en diversos medios de comunicaci\u00f3n de Michoac\u00e1n circularon versiones donde se afirma [&hellip;]<\/p>\n","protected":false},"author":1,"featured_media":0,"comment_status":"open","ping_status":"closed","sticky":false,"template":"","format":"standard","meta":{"footnotes":""},"categories":[183],"tags":[798,114],"class_list":["post-13523","post","type-post","status-publish","format-standard","hentry","category-blog","tag-autodefensa","tag-ostula"],"_links":{"self":[{"href":"https:\/\/radiozapatista.org\/index.php?rest_route=\/wp\/v2\/posts\/13523","targetHints":{"allow":["GET"]}}],"collection":[{"href":"https:\/\/radiozapatista.org\/index.php?rest_route=\/wp\/v2\/posts"}],"about":[{"href":"https:\/\/radiozapatista.org\/index.php?rest_route=\/wp\/v2\/types\/post"}],"author":[{"embeddable":true,"href":"https:\/\/radiozapatista.org\/index.php?rest_route=\/wp\/v2\/users\/1"}],"replies":[{"embeddable":true,"href":"https:\/\/radiozapatista.org\/index.php?rest_route=%2Fwp%2Fv2%2Fcomments&post=13523"}],"version-history":[{"count":0,"href":"https:\/\/radiozapatista.org\/index.php?rest_route=\/wp\/v2\/posts\/13523\/revisions"}],"wp:attachment":[{"href":"https:\/\/radiozapatista.org\/index.php?rest_route=%2Fwp%2Fv2%2Fmedia&parent=13523"}],"wp:term":[{"taxonomy":"category","embeddable":true,"href":"https:\/\/radiozapatista.org\/index.php?rest_route=%2Fwp%2Fv2%2Fcategories&post=13523"},{"taxonomy":"post_tag","embeddable":true,"href":"https:\/\/radiozapatista.org\/index.php?rest_route=%2Fwp%2Fv2%2Ftags&post=13523"}],"curies":[{"name":"wp","href":"https:\/\/api.w.org\/{rel}","templated":true}]}}