{"id":1344,"date":"2011-01-29T18:26:46","date_gmt":"2011-01-30T00:26:46","guid":{"rendered":"https:\/\/radiozapatista.org\/?p=1344"},"modified":"2011-02-05T18:56:47","modified_gmt":"2011-02-06T00:56:47","slug":"bloqueo-por-presos-politicos-de-mitziton-y-agresiones-en-molino-de-los-arcos","status":"publish","type":"post","link":"https:\/\/radiozapatista.org\/?p=1344","title":{"rendered":"Bloqueo por presos pol\u00edticos de Mitzit\u00f3n y agresiones en Molino de los Arcos"},"content":{"rendered":"<p>El 27 de enero los ejidatarios de la comunidad de Mitzit\u00f3n, Chiapas, adherentes a la otra campa\u00f1a, hicieron un bloqueo de de la carretera San Crist\u00f3bal \u2013 Ocosingo y\u00a0 un plant\u00f3n frente a la c\u00e1rcel de Los Llanos, Cereso 5, para exigir la liberaci\u00f3n de dos compa\u00f1eros presos injustamente hace 9 y 3 a\u00f1os respectivamente. Esta acci\u00f3n es parte de una larga lucha de los ejidatarios por resistir arbitrariedades del gobierno y agresiones paramilitares. En el plant\u00f3n, que dur\u00f3 poco m\u00e1s de 24 horas, estuvieron tambi\u00e9n miembros de muchas comunidades adherentes al la Otra Campa\u00f1a, entre ellos la comunidad de Molino de Los Arcos. All\u00e1, aprovechando la ausencia de la mayor\u00eda de los hombres, un grupo opositor se aprovech\u00f3 para agredir y atacaron a mujeres y ni\u00f1os con palos y piedras.<br \/>\n<!--more--><br \/>\n<a href=\"http:\/\/zapateando.wordpress.com\/2011\/01\/31\/comunicado-de-los-adherentes-a-la-otra-campana-de-la-comunidad-molinos-los-arcos\/\">Lee el comunicado de los adherentes a la Otra Campa\u00f1a de la comunidad Molino de los Arcos<\/a>.<\/p>","protected":false},"excerpt":{"rendered":"<p>El 27 de enero los ejidatarios de la comunidad de Mitzit\u00f3n, Chiapas, adherentes a la otra campa\u00f1a, hicieron un bloqueo de de la carretera San Crist\u00f3bal \u2013 Ocosingo y\u00a0 un plant\u00f3n frente a la c\u00e1rcel de Los Llanos, Cereso 5, para exigir la liberaci\u00f3n de dos compa\u00f1eros presos injustamente hace 9 y 3 a\u00f1os respectivamente. [&hellip;]<\/p>\n","protected":false},"author":1,"featured_media":0,"comment_status":"open","ping_status":"open","sticky":false,"template":"","format":"standard","meta":{"footnotes":""},"categories":[1,6],"tags":[917,22,37,97,96],"class_list":["post-1344","post","type-post","status-publish","format-standard","hentry","category-audio","category-chiapas","tag-chiapas","tag-mitziton","tag-presos-politicos","tag-territorio","tag-tierra"],"_links":{"self":[{"href":"https:\/\/radiozapatista.org\/index.php?rest_route=\/wp\/v2\/posts\/1344","targetHints":{"allow":["GET"]}}],"collection":[{"href":"https:\/\/radiozapatista.org\/index.php?rest_route=\/wp\/v2\/posts"}],"about":[{"href":"https:\/\/radiozapatista.org\/index.php?rest_route=\/wp\/v2\/types\/post"}],"author":[{"embeddable":true,"href":"https:\/\/radiozapatista.org\/index.php?rest_route=\/wp\/v2\/users\/1"}],"replies":[{"embeddable":true,"href":"https:\/\/radiozapatista.org\/index.php?rest_route=%2Fwp%2Fv2%2Fcomments&post=1344"}],"version-history":[{"count":0,"href":"https:\/\/radiozapatista.org\/index.php?rest_route=\/wp\/v2\/posts\/1344\/revisions"}],"wp:attachment":[{"href":"https:\/\/radiozapatista.org\/index.php?rest_route=%2Fwp%2Fv2%2Fmedia&parent=1344"}],"wp:term":[{"taxonomy":"category","embeddable":true,"href":"https:\/\/radiozapatista.org\/index.php?rest_route=%2Fwp%2Fv2%2Fcategories&post=1344"},{"taxonomy":"post_tag","embeddable":true,"href":"https:\/\/radiozapatista.org\/index.php?rest_route=%2Fwp%2Fv2%2Ftags&post=1344"}],"curies":[{"name":"wp","href":"https:\/\/api.w.org\/{rel}","templated":true}]}}