{"id":13346,"date":"2015-05-15T10:42:19","date_gmt":"2015-05-15T15:42:19","guid":{"rendered":"https:\/\/radiozapatista.org\/?p=13346"},"modified":"2020-01-25T07:53:11","modified_gmt":"2020-01-25T13:53:11","slug":"el-doble-asesinato-a-estudiantes-en-valparaiso-chile","status":"publish","type":"post","link":"https:\/\/radiozapatista.org\/?p=13346","title":{"rendered":"El doble asesinato a estudiantes en Valpara\u00edso, Chile"},"content":{"rendered":"<p><iframe loading=\"lazy\" width=\"480\" height=\"270\" src=\"https:\/\/www.youtube.com\/embed\/nGJIi8teiwE\" frameborder=\"0\" allowfullscreen><\/iframe><\/p>\n<p>El jueves 14 de mayo de 2015 los estudiantes Exequiel Borbar\u00e1n (18) y Diego Guzm\u00e1n (25) fueron asesinados en Plaza Sim\u00f3n Bol\u00edvar, al finalizar una gigantesca manifestaci\u00f3n estudiantil. El autor del doble crimen ser\u00eda Giuseppe Briganti Weber, quien insult\u00f3 y amenaz\u00f3 a estudiantes que volv\u00edan pac\u00edficamente de una gran manifestaci\u00f3n estudiantil. Los fallecidos ni siquiera estaban implicados en un posible rayado del hogar de Briganti y familia, hecho que seg\u00fan mucha prensa, ser\u00eda lo que desencaden\u00f3 el violento accionar de sus due\u00f1os.<\/p>\n<p><!--more--><\/p>\n<p>M\u00e1s informaci\u00f3n:<\/p>\n<p><a href=\"http:\/\/voces.latercera.com\/2015\/05\/15\/pedro-cayuqueo\/giuseppe-un-perfecto-idiota\/\">Giuseppe, un perfecto idiota.<\/a><\/p>\n<p><a href=\"http:\/\/www.elmostrador.cl\/pais\/2015\/05\/14\/conmocion-nacional-y-repudio-transversal-por-asesinato-de-estudiantes-tras-marcha-en-valparaiso\/\">Conmoci\u00f3n nacional y repudio transversal por asesinato de estudiantes tras marcha en Valpara\u00edso<\/a><\/p>","protected":false},"excerpt":{"rendered":"<p>El jueves 14 de mayo de 2015 los estudiantes Exequiel Borbar\u00e1n (18) y Diego Guzm\u00e1n (25) fueron asesinados en Plaza Sim\u00f3n Bol\u00edvar, al finalizar una gigantesca manifestaci\u00f3n estudiantil. El autor del doble crimen ser\u00eda Giuseppe Briganti Weber, quien insult\u00f3 y amenaz\u00f3 a estudiantes que volv\u00edan pac\u00edficamente de una gran manifestaci\u00f3n estudiantil. Los fallecidos ni siquiera [&hellip;]<\/p>\n","protected":false},"author":1,"featured_media":0,"comment_status":"open","ping_status":"closed","sticky":false,"template":"","format":"standard","meta":{"footnotes":""},"categories":[51,1284,222],"tags":[85,92],"class_list":["post-13346","post","type-post","status-publish","format-standard","hentry","category-autor","category-latinoamerica","category-video","tag-chile","tag-estudiantes"],"_links":{"self":[{"href":"https:\/\/radiozapatista.org\/index.php?rest_route=\/wp\/v2\/posts\/13346","targetHints":{"allow":["GET"]}}],"collection":[{"href":"https:\/\/radiozapatista.org\/index.php?rest_route=\/wp\/v2\/posts"}],"about":[{"href":"https:\/\/radiozapatista.org\/index.php?rest_route=\/wp\/v2\/types\/post"}],"author":[{"embeddable":true,"href":"https:\/\/radiozapatista.org\/index.php?rest_route=\/wp\/v2\/users\/1"}],"replies":[{"embeddable":true,"href":"https:\/\/radiozapatista.org\/index.php?rest_route=%2Fwp%2Fv2%2Fcomments&post=13346"}],"version-history":[{"count":1,"href":"https:\/\/radiozapatista.org\/index.php?rest_route=\/wp\/v2\/posts\/13346\/revisions"}],"predecessor-version":[{"id":33881,"href":"https:\/\/radiozapatista.org\/index.php?rest_route=\/wp\/v2\/posts\/13346\/revisions\/33881"}],"wp:attachment":[{"href":"https:\/\/radiozapatista.org\/index.php?rest_route=%2Fwp%2Fv2%2Fmedia&parent=13346"}],"wp:term":[{"taxonomy":"category","embeddable":true,"href":"https:\/\/radiozapatista.org\/index.php?rest_route=%2Fwp%2Fv2%2Fcategories&post=13346"},{"taxonomy":"post_tag","embeddable":true,"href":"https:\/\/radiozapatista.org\/index.php?rest_route=%2Fwp%2Fv2%2Ftags&post=13346"}],"curies":[{"name":"wp","href":"https:\/\/api.w.org\/{rel}","templated":true}]}}