{"id":12651,"date":"2015-04-14T11:41:19","date_gmt":"2015-04-14T16:41:19","guid":{"rendered":"https:\/\/radiozapatista.org\/?p=12651"},"modified":"2015-04-14T11:42:29","modified_gmt":"2015-04-14T16:42:29","slug":"%e2%80%9cquiero-regresar-lo-mas-pronto-posible-a-mi-casa-porque-quiero-que-mi-bebe-nazca-bien%e2%80%9d-indigena-tojolabal-desplazada-en-chiapas","status":"publish","type":"post","link":"https:\/\/radiozapatista.org\/?p=12651","title":{"rendered":"\u201cQuiero regresar lo m\u00e1s pronto posible a mi casa, porque quiero que mi beb\u00e9 nazca bien\u201d, ind\u00edgena tojolabal desplazada en Chiapas."},"content":{"rendered":"<p><\/p>\n<p style=\"text-align: center;\"><a rel=\"attachment wp-att-10501\" href=\"https:\/\/radiozapatista.org\/?attachment_id=10501\"><img loading=\"lazy\" decoding=\"async\" class=\"aligncenter\" src=\"http:\/\/www.pozol.org\/wp-content\/uploads\/2015\/04\/SAM_1636-300x225.jpg\" alt=\"SAM_1636\" width=\"300\" height=\"225\" \/><\/a><\/p>\n<p>[podcast]https:\/\/radiozapatista.org\/Audios\/1Ago_testimonio_mujeres1.MP3[\/podcast]<br \/>\n<strong>Las Margaritas Chiapas. 13 de abril<\/strong>. \u201cQuiero regresar lo m\u00e1s pronto  posible a mi casa, porque quiero que mi beb\u00e9 nazca bien. Me da mucho  miedo y tristeza dar a luz en este lugar\u201d, comenta Elvira M\u00e9ndez P\u00e9rez,  ind\u00edgena tojolabal de la comunidad Primero de Agosto, quien tiene siete  meses de embarazo y fue desalojada junto con su esposo y otras familias,  por parte de integrantes de la Central Independiente de Obreros  Agr\u00edcolas y Campesinos Hist\u00f3rica (CIOAC-H), hace ya casi dos meses, sin  que el gobierno haya hecho algo para solucionar su situaci\u00f3n.<\/p>\n<p style=\"text-align: center;\"><a href=\"https:\/\/radiozapatista.org\/wp-content\/uploads\/2015\/04\/mujeres.png\"><img loading=\"lazy\" decoding=\"async\" class=\"size-medium wp-image-12652  aligncenter\" title=\"mujeres\" src=\"https:\/\/radiozapatista.org\/wp-content\/uploads\/2015\/04\/mujeres-300x195.png\" alt=\"\" width=\"300\" height=\"195\" srcset=\"https:\/\/radiozapatista.org\/wp-content\/uploads\/2015\/04\/mujeres-300x195.png 300w, https:\/\/radiozapatista.org\/wp-content\/uploads\/2015\/04\/mujeres.png 541w\" sizes=\"auto, (max-width: 300px) 100vw, 300px\" \/><\/a><\/p>\n<p>Elvira tiene 19 a\u00f1os de edad y junto con su esposo esperan a su  primer hij@ para dentro de dos meses. \u201cAqu\u00ed no tengo comida, aguanto  hambre, no hay agua para beber m\u00e1s la que buscamos en los charquitos,  pero ya se est\u00e1n secando. Estoy durmiendo bajo un pl\u00e1stico roto y cuando  llueve entra agua. Duermo en tierra h\u00fameda donde ya encontramos culebra  de color rojo llamado coral, tambi\u00e9n hemos encontrado alacranes\u201d,  expone la originaria del municipio de Las Margaritas.<\/p>\n<p><!--more--><\/p>\n<p>\u201cAhora llevamos m\u00e1s de mes y medio en este lugar en condiciones  horribles, aqu\u00ed hay muchas enfermedades y amenazas de nuevo desalojo.  Los de Miguel Hidalgo nos dicen que van a secuestrar a nuestros  compa\u00f1eros, ellos est\u00e1n ordenados por el gobierno, y apoyados por sus  compa\u00f1eros de la CIOAC-H\u201d, alerta la ind\u00edgena tojolabal desde el  campamento donde se encuentran refugiados, en el tramo carretero Nuevo  Mom\u00f3m-Monte Cristo.<\/p>\n<p>\u201cNos corrieron y nos trataron como animales\u201d<\/p>\n<p>Elvira M\u00e9ndez comenta que el pasado 23 de febrero, 15 hombres  encapuchados y con armas de fuego de la CIOAC-h, llegaron a su comunidad  para desalojarlos. Iban dirigidos por el comisariado ejidal de la  comunidad vecina de Miguel Hidalgo, Reynaldo L\u00f3pez P\u00e9rez; por el agente  auxiliar Antonio M\u00e9ndez P\u00e9rez;  por el secretario del consejo de  vigilancia Aureliano M\u00e9ndez Jim\u00e9nez; por el secretario del comisariado  ejidal Adolfo P\u00e9rez L\u00f3pez y los catequistas Enrique L\u00f3pez P\u00e9rez y  Armando M\u00e9ndez L\u00f3pez comparte.<\/p>\n<p>En la ma\u00f1ana del 23 de febrero, al percatarse de la presencia de  hombres armados, M\u00e9ndez P\u00e9rez recuerda \u201cSal\u00ed de mi casa y al ver todo me  dio mucho miedo, tristeza, me asust\u00e9 y me ca\u00ed. Como estoy embarazada me  vino un dolor muy fuerte en mi panza, sent\u00ed que se agot\u00f3 mi cuerpo, una  semana tard\u00f3 ese dolor\u201c. Dentro de los agresores, agrega Elvira,  tambi\u00e9n se encontraba Caralampia L\u00f3pez L\u00f3pez quien la rega\u00f1\u00f3 diciendo  \u201cpinche perrita, este terreno es de nosotros\u201d, y Abelardo M\u00e9ndez Jim\u00e9nez  quien le gritaba a ella y a su vecina Consuelo, que las iban a violar.<\/p>\n<p style=\"text-align: center;\"><a href=\"https:\/\/radiozapatista.org\/wp-content\/uploads\/2015\/04\/IMG_0712.jpg\"><img loading=\"lazy\" decoding=\"async\" class=\"size-medium wp-image-12653  aligncenter\" title=\"IMG_0712\" src=\"https:\/\/radiozapatista.org\/wp-content\/uploads\/2015\/04\/IMG_0712-300x245.jpg\" alt=\"\" width=\"300\" height=\"245\" srcset=\"https:\/\/radiozapatista.org\/wp-content\/uploads\/2015\/04\/IMG_0712-300x245.jpg 300w, https:\/\/radiozapatista.org\/wp-content\/uploads\/2015\/04\/IMG_0712.jpg 942w\" sizes=\"auto, (max-width: 300px) 100vw, 300px\" \/><\/a><\/p>\n<p>La ind\u00edgena de la zona selva fronteriza de Chiapas, narra que aquel  d\u00eda 23 se fue caminado hacia una parte conocida como Cruz Moreno, junto  con algunos de sus compa\u00f1eros por que otros se hab\u00edan perdido. \u201cAquel  d\u00eda no comimos nada. Entr\u00f3 la noche sin cobijas, sin sueter sin casas,  no ten\u00edamos nada. A eso de las nueve de la noche empez\u00f3 a llover fuerte y  nos refugiamos debajo de los \u00e1rboles. Vi como un beb\u00e9 de 28 d\u00edas y  ni\u00f1os de 8 y 10 a\u00f1os lloraban por el fr\u00edo, por la lluvia y por el  hambre. A m\u00ed me empez\u00f3 un dolor muy fuerte en el vientre y llor\u00e9 toda la  noche por que el dolor no lo aguantaba\u201d, a\u00f1ade Elvira.<\/p>\n<p>\u201cMe siento en peligro, sin ninguna protecci\u00f3n, me da miedo que me  pase algo a m\u00ed y mis compa\u00f1eros. Quiero regresar los m\u00e1s pronto a mi  casa, que el gobierno cumpla su palabra, que haya justicia a los  responsables y reparen todos los da\u00f1os que nos han hecho\u201d, exige M\u00e9ndez  P\u00e9rez a nombre de las familias desplazadas de Primero de Agosto.<\/p>\n<p style=\"text-align: center;\"><a href=\"https:\/\/radiozapatista.org\/wp-content\/uploads\/2015\/04\/IMG_0703.jpg\"><img loading=\"lazy\" decoding=\"async\" class=\"size-medium wp-image-12654  aligncenter\" title=\"IMG_0703\" src=\"https:\/\/radiozapatista.org\/wp-content\/uploads\/2015\/04\/IMG_0703-300x200.jpg\" alt=\"\" width=\"300\" height=\"200\" srcset=\"https:\/\/radiozapatista.org\/wp-content\/uploads\/2015\/04\/IMG_0703-300x200.jpg 300w, https:\/\/radiozapatista.org\/wp-content\/uploads\/2015\/04\/IMG_0703-1024x682.jpg 1024w, https:\/\/radiozapatista.org\/wp-content\/uploads\/2015\/04\/IMG_0703.jpg 1210w\" sizes=\"auto, (max-width: 300px) 100vw, 300px\" \/><\/a><\/p>\n<p>(<em>Texto: <a href=\"http:\/\/www.pozol.org\/?p=10499\" target=\"_blank\">Radio Pozol<\/a><\/em>)<\/p>\n<p><strong>Vea tambi\u00e9n: <a title=\"Permanent Link: \u201cDecidimos resistir hasta el final\u201d: ni\u00f1os ind\u00edgenas desplazados en Chiapas.\" rel=\"bookmark\" href=\"https:\/\/radiozapatista.org\/?p=12630\">\u201cDecidimos resistir hasta el final\u201d: ni\u00f1os ind\u00edgenas desplazados en Chiapas.<\/a><\/strong><\/p>\n<p><strong>ANTECEDENTES:<\/strong> <a href=\"http:\/\/www.pozol.org\/?p=10437\" target=\"_blank\">\u201cLa  CIOAC-H perpetr\u00f3 da\u00f1os, despojo, robo con violencia el 17 de diciembre  del 2014, y por \u00faltimo los hechos ocurridos el d\u00eda 23 de febrero del  2015, que desembocaron en el desplazamiento forzado, a pesar de que  funcionarios del gobierno de Chiapas sab\u00edan de las agresiones y amenazas  de desplazamiento\u201d. Hasta el momento las autoridades encargadas de  procurar justicia no han esclarecido los hechos ni consignado a persona  alguna por los il\u00edcitos mencionados\u201d Frayba.<\/a><\/p>","protected":false},"excerpt":{"rendered":"<p>[podcast]https:\/\/radiozapatista.org\/Audios\/1Ago_testimonio_mujeres1.MP3[\/podcast] Las Margaritas Chiapas. 13 de abril. \u201cQuiero regresar lo m\u00e1s pronto posible a mi casa, porque quiero que mi beb\u00e9 nazca bien. Me da mucho miedo y tristeza dar a luz en este lugar\u201d, comenta Elvira M\u00e9ndez P\u00e9rez, ind\u00edgena tojolabal de la comunidad Primero de Agosto, quien tiene siete meses de embarazo y fue [&hellip;]<\/p>\n","protected":false},"author":1,"featured_media":0,"comment_status":"open","ping_status":"closed","sticky":false,"template":"","format":"standard","meta":{"footnotes":""},"categories":[1,6,190],"tags":[898,572,782,23,877],"class_list":["post-12651","post","type-post","status-publish","format-standard","hentry","category-audio","category-chiapas","category-radiozapatista","tag-cioac-h","tag-desplazados","tag-desplazamiento-forzado","tag-paramilitares","tag-primero-de-agosto"],"_links":{"self":[{"href":"https:\/\/radiozapatista.org\/index.php?rest_route=\/wp\/v2\/posts\/12651","targetHints":{"allow":["GET"]}}],"collection":[{"href":"https:\/\/radiozapatista.org\/index.php?rest_route=\/wp\/v2\/posts"}],"about":[{"href":"https:\/\/radiozapatista.org\/index.php?rest_route=\/wp\/v2\/types\/post"}],"author":[{"embeddable":true,"href":"https:\/\/radiozapatista.org\/index.php?rest_route=\/wp\/v2\/users\/1"}],"replies":[{"embeddable":true,"href":"https:\/\/radiozapatista.org\/index.php?rest_route=%2Fwp%2Fv2%2Fcomments&post=12651"}],"version-history":[{"count":0,"href":"https:\/\/radiozapatista.org\/index.php?rest_route=\/wp\/v2\/posts\/12651\/revisions"}],"wp:attachment":[{"href":"https:\/\/radiozapatista.org\/index.php?rest_route=%2Fwp%2Fv2%2Fmedia&parent=12651"}],"wp:term":[{"taxonomy":"category","embeddable":true,"href":"https:\/\/radiozapatista.org\/index.php?rest_route=%2Fwp%2Fv2%2Fcategories&post=12651"},{"taxonomy":"post_tag","embeddable":true,"href":"https:\/\/radiozapatista.org\/index.php?rest_route=%2Fwp%2Fv2%2Ftags&post=12651"}],"curies":[{"name":"wp","href":"https:\/\/api.w.org\/{rel}","templated":true}]}}