{"id":12607,"date":"2015-04-08T09:34:44","date_gmt":"2015-04-08T14:34:44","guid":{"rendered":"https:\/\/radiozapatista.org\/?p=12607"},"modified":"2015-11-29T19:12:42","modified_gmt":"2015-11-30T01:12:42","slug":"registro-al-seminario-%e2%80%9cel-pensamiento-critico-frente-a-la-hidra-capitalista%e2%80%9d","status":"publish","type":"post","link":"https:\/\/radiozapatista.org\/?p=12607","title":{"rendered":"Registro al  Seminario \u201cEl Pensamiento Cr\u00edtico frente a la Hidra Capitalista\u201d"},"content":{"rendered":"<p>El 7 de abril la p\u00e1gina de Enlace Zapatista sufri\u00f3 un ataque cibern\u00e9tico y por el momento no se puede acceder. El ataque, a pocas semanas del Seminario \u201cEl Pensamiento Cr\u00edtico frente a la Hidra Capitalista\u201d y justo cuando se publican los m\u00e9todos de registro para el mismo, demuestra lo mucho que el pensamiento cr\u00edtico intimida al poder. (<strong>Actualizaci\u00f3n 9 de abril de 2015: Ya est\u00e1 nuevamente disponible la p\u00e1gina de <a href=\"http:\/\/enlacezapatista.ezln.org.mx\/\" target=\"_blank\">Enlace Zapatista<\/a> .<\/strong>)<\/p>\n<p>Compartimos aqu\u00ed los <strong>formatos de registro al Seminario \u201cEl Pensamiento Cr\u00edtico frente a la Hidra Capitalista\u201d<\/strong>:<\/p>\n<ul>\n<li><a href=\"https:\/\/radiozapatista.org\/pdf\/formatoadherentes.docx\">Formato para adherentes a la Sexta Declaraci\u00f3n de la Selva Lacandona<\/a><\/li>\n<li><a href=\"https:\/\/radiozapatista.org\/pdf\/formatonoadherentes.docx\">Formato para <span style=\"text-decoration: underline;\">NO<\/span> adherentes a la Sexta Declaraci\u00f3n de la Selva Lacandona<\/a><\/li>\n<li><a href=\"https:\/\/radiozapatista.org\/pdf\/formatoml.docx\">Formato para medios libres<\/a><\/li>\n<li><a href=\"https:\/\/radiozapatista.org\/pdf\/formatomp.docx\">Formato para medios de paga<\/a><\/li>\n<\/ul>\n<p>Para inscribirse, favor de bajar el formato que corresponda, llenarlo y mandarlo a esta direcci\u00f3n de correo: <a href=\"mailto:seminario.pensamientocritico15@gmail.com\">seminario.pensamientocritico15@gmail.com<\/a><\/p>\n<h4>M\u00e1s informaci\u00f3n:<\/h4>\n<p><strong><a title=\"Permanent Link: La Tormenta, el Centinela y el S\u00edndrome del Vig\u00eda.\" rel=\"bookmark\" href=\"https:\/\/radiozapatista.org\/?p=12565\">La Tormenta, el Centinela y el S\u00edndrome del Vig\u00eda (SupGaleano)<\/a><\/strong><\/p>\n<p><strong><a href=\"https:\/\/radiozapatista.org\/?p=12412\">Sobre Homenaje y Seminario.<\/a><\/strong><\/p>","protected":false},"excerpt":{"rendered":"<p>El 7 de abril la p\u00e1gina de Enlace Zapatista sufri\u00f3 un ataque cibern\u00e9tico y por el momento no se puede acceder. El ataque, a pocas semanas del Seminario \u201cEl Pensamiento Cr\u00edtico frente a la Hidra Capitalista\u201d y justo cuando se publican los m\u00e9todos de registro para el mismo, demuestra lo mucho que el pensamiento cr\u00edtico [&hellip;]<\/p>\n","protected":false},"author":1,"featured_media":0,"comment_status":"open","ping_status":"closed","sticky":false,"template":"","format":"standard","meta":{"footnotes":""},"categories":[6,955,190],"tags":[644,56,897],"class_list":["post-12607","post","type-post","status-publish","format-standard","hentry","category-chiapas","category-ezln-temas","category-radiozapatista","tag-comunicados-ezln","tag-encuentros","tag-pensamiento-critico"],"_links":{"self":[{"href":"https:\/\/radiozapatista.org\/index.php?rest_route=\/wp\/v2\/posts\/12607","targetHints":{"allow":["GET"]}}],"collection":[{"href":"https:\/\/radiozapatista.org\/index.php?rest_route=\/wp\/v2\/posts"}],"about":[{"href":"https:\/\/radiozapatista.org\/index.php?rest_route=\/wp\/v2\/types\/post"}],"author":[{"embeddable":true,"href":"https:\/\/radiozapatista.org\/index.php?rest_route=\/wp\/v2\/users\/1"}],"replies":[{"embeddable":true,"href":"https:\/\/radiozapatista.org\/index.php?rest_route=%2Fwp%2Fv2%2Fcomments&post=12607"}],"version-history":[{"count":0,"href":"https:\/\/radiozapatista.org\/index.php?rest_route=\/wp\/v2\/posts\/12607\/revisions"}],"wp:attachment":[{"href":"https:\/\/radiozapatista.org\/index.php?rest_route=%2Fwp%2Fv2%2Fmedia&parent=12607"}],"wp:term":[{"taxonomy":"category","embeddable":true,"href":"https:\/\/radiozapatista.org\/index.php?rest_route=%2Fwp%2Fv2%2Fcategories&post=12607"},{"taxonomy":"post_tag","embeddable":true,"href":"https:\/\/radiozapatista.org\/index.php?rest_route=%2Fwp%2Fv2%2Ftags&post=12607"}],"curies":[{"name":"wp","href":"https:\/\/api.w.org\/{rel}","templated":true}]}}