{"id":12577,"date":"2015-04-02T10:21:54","date_gmt":"2015-04-02T16:21:54","guid":{"rendered":"https:\/\/radiozapatista.org\/?p=12577"},"modified":"2015-04-02T10:21:54","modified_gmt":"2015-04-02T16:21:54","slug":"rvsr-%c2%a1libertad-a-mumia-abu-jamal","status":"publish","type":"post","link":"https:\/\/radiozapatista.org\/?p=12577","title":{"rendered":"RvsR: \u00a1Libertad a Mumia Abu-Jamal!"},"content":{"rendered":"<p>El pasado lunes 30 de marzo el compa\u00f1ero Mumia Abu-Jamal fue trasladado del State Correctional Institution at Mahanoy, lugar donde se encuentra encarcelado, a la Unidad de Cuidados Intensivos del Centro M\u00e9dico Schuylkill, en Pottsville, Pensilvania. La explicaci\u00f3n que dieron los encargados de dicho centro penitenciario fue que el luchador social hab\u00eda tenido una \u201ccrisis m\u00e9dica\u201d.<\/p>\n<p>A trav\u00e9s de sus familiares y compa\u00f1er@s se denunci\u00f3 que Mumia se encontraba encadenado a su cama, solo y despojado de toda comunicaci\u00f3n con su familia. Tanto desde la prisi\u00f3n como en el hospital se difunde informaci\u00f3n falsa, ocultando su estado de salud y la informaci\u00f3n m\u00e9dica necesaria que permita tener una idea m\u00e1s clara de la integridad f\u00edsica de nuestro compa\u00f1ero.<\/p>\n<p>Estos hechos s\u00f3lo confirman que el sistema carcelario mundial es fundamentalmente est\u00fapido, racista y con vocaci\u00f3n de clase; y sirve como el instrumento de impunidad de los due\u00f1os del dinero y de los capataces que nos mal gobiernan en todo el mundo. No dejan de ser rid\u00edculas las acusaciones en contra de un periodista y un activista que lleva m\u00e1s de 30 a\u00f1os como reh\u00e9n de un Estado y un r\u00e9gimen que usa un discurso farsante de la \u201cdemocracia\u201d y los \u201cderechos humanos\u201d.<\/p>\n<p>Lo anterior no s\u00f3lo refleja la falta de servicios m\u00e9dicos en las prisiones de los Estados Unidos, es fundamentalmente una consigna pol\u00edtica de exterminio en contra de quienes contin\u00faan alzando la voz denunciando tanto la voracidad del sistema capitalista y sus consecuencias que atentan contra la vida en el planeta, as\u00ed como los cr\u00edmenes de guerra que la vocaci\u00f3n b\u00e9lica del sistema financiero produce en muchas partes del mundo.<\/p>\n<p>La voz y la resistencia de Mumia Abu-Jamal son inc\u00f3modas para el sistema capitalista, principal responsable de su encierro, y ella, siempre solidaria con las luchas de los pueblos, seguir\u00e1 peleando desde la naci\u00f3n encarcelada. Nos queda claro que este sistema no s\u00f3lo nos quiere muertos, tambi\u00e9n nos desea amordazados, pero estamos convencidos de que la necia resistencia har\u00e1 que desde la grieta m\u00e1s peque\u00f1a caiga la explotaci\u00f3n, el despojo, el desprecio y la represi\u00f3n que mueve al capital.<\/p>\n<p>Desde la Red contra la Represi\u00f3n y por la Solidaridad queremos decirle a nuestro compa\u00f1ero Mumia Abu-Jamal, a su familia y amigos, que no est\u00e1 solo, que lo abrazamos y que desde nuestros sencillos esfuerzos seguiremos levantando la bandera de la verdad y la justicia hasta que Usted, de nueva cuenta, regrese a la calle, a su comunidad, con su familia, amig@s y compa\u00f1er@s.<\/p>\n<p>De Usted, compa\u00f1ero Mumia, hemos aprendido que la lucha es algo que nos quita el aliento, pero que no hay cosa m\u00e1s necesaria para que los muros de las prisiones y las fronteras se borren, para que el amor a la vida y a la libertad sigan siendo el motor de esta necia lucha por la humanidad.<\/p>\n<p>Hacemos un llamado a que las y los compa\u00f1eros adherentes a la Sexta Declaraci\u00f3n de la Selva Lacandona desde sus tiempos, modos y formas, expresen su solidaridad y compa\u00f1erismo en esta lucha por la libertad.<\/p>\n<p style=\"text-align: center;\">\u00a1Libertad a Mumia Abu-Jamal!<\/p>\n<p style=\"text-align: center;\">Contra el despojo y la represi\u00f3n: \u00a1la Solidaridad!<\/p>\n<p style=\"text-align: center;\">Red contra la Represi\u00f3n y por la Solidaridad<br \/>\n(RvsR)<\/p>\n<p><\/p>","protected":false},"excerpt":{"rendered":"<p>El pasado lunes 30 de marzo el compa\u00f1ero Mumia Abu-Jamal fue trasladado del State Correctional Institution at Mahanoy, lugar donde se encuentra encarcelado, a la Unidad de Cuidados Intensivos del Centro M\u00e9dico Schuylkill, en Pottsville, Pensilvania. La explicaci\u00f3n que dieron los encargados de dicho centro penitenciario fue que el luchador social hab\u00eda tenido una \u201ccrisis [&hellip;]<\/p>\n","protected":false},"author":1,"featured_media":0,"comment_status":"open","ping_status":"closed","sticky":false,"template":"","format":"standard","meta":{"footnotes":""},"categories":[183],"tags":[72,37,214],"class_list":["post-12577","post","type-post","status-publish","format-standard","hentry","category-blog","tag-mumia-abu-jamal","tag-presos-politicos","tag-rvsr"],"_links":{"self":[{"href":"https:\/\/radiozapatista.org\/index.php?rest_route=\/wp\/v2\/posts\/12577","targetHints":{"allow":["GET"]}}],"collection":[{"href":"https:\/\/radiozapatista.org\/index.php?rest_route=\/wp\/v2\/posts"}],"about":[{"href":"https:\/\/radiozapatista.org\/index.php?rest_route=\/wp\/v2\/types\/post"}],"author":[{"embeddable":true,"href":"https:\/\/radiozapatista.org\/index.php?rest_route=\/wp\/v2\/users\/1"}],"replies":[{"embeddable":true,"href":"https:\/\/radiozapatista.org\/index.php?rest_route=%2Fwp%2Fv2%2Fcomments&post=12577"}],"version-history":[{"count":0,"href":"https:\/\/radiozapatista.org\/index.php?rest_route=\/wp\/v2\/posts\/12577\/revisions"}],"wp:attachment":[{"href":"https:\/\/radiozapatista.org\/index.php?rest_route=%2Fwp%2Fv2%2Fmedia&parent=12577"}],"wp:term":[{"taxonomy":"category","embeddable":true,"href":"https:\/\/radiozapatista.org\/index.php?rest_route=%2Fwp%2Fv2%2Fcategories&post=12577"},{"taxonomy":"post_tag","embeddable":true,"href":"https:\/\/radiozapatista.org\/index.php?rest_route=%2Fwp%2Fv2%2Ftags&post=12577"}],"curies":[{"name":"wp","href":"https:\/\/api.w.org\/{rel}","templated":true}]}}