{"id":12454,"date":"2015-03-25T10:17:24","date_gmt":"2015-03-25T16:17:24","guid":{"rendered":"https:\/\/radiozapatista.org\/?p=12454"},"modified":"2015-03-25T10:17:24","modified_gmt":"2015-03-25T16:17:24","slug":"solidaridad-con-bachajon-y-contra-el-despojo-de-los-malos-gobiernos","status":"publish","type":"post","link":"https:\/\/radiozapatista.org\/?p=12454","title":{"rendered":"Solidaridad con Bachaj\u00f3n y contra el despojo de los malos gobiernos"},"content":{"rendered":"<p>San Crist\u00f3bal de Las Casas, Chiapas a 21 de marzo de 2015<\/p>\n<p><strong>Solidaridad con Bachaj\u00f3n y contra el despojo de los malos gobiernos<\/strong><\/p>\n<p>A las y los compa\u00f1eros del Ejido San Sebasti\u00e1n Adherentes a la Sexta<br \/>\nA las y los compa\u00f1eros adherentes a la Sexta<br \/>\nA las y los condisc\u00edpulos de la Escuelita Zapatista<\/p>\n<p>Estando reunidos en el Cideci-Unitierra Chiapas, distintos pueblos, comunidades, organizaciones, colectivos e individuos adherentes a la Sexta Declaraci\u00f3n de la Selva Lacandona y condisc\u00edpuloas de la Escuelita Zapatista, realizamos una compartici\u00f3n en el \u00e1nimo de seguir caminando juntoas.<\/p>\n<p>A la misma estaban invitad@s las y los compa\u00f1eros de San Sebasti\u00e1n Bachaj\u00f3n, sin embargo nos enteramos de la cobarde agresi\u00f3n el d\u00eda de hoy aproximadamente a las 08:00 horas por parte de aproximadamente de 600 elementos de las llamadas fuerzas p\u00fablicas, quienes incendiaron la sede regional, ubicada a pocos metros de las cascadas de Agua Azul, misma que fue construida a principios de este a\u00f1o, dentro de las tierras del ejido, territorio tseltal.<\/p>\n<p>Dicha zona es rica en recursos naturales y conocida como un gran centro tur\u00edstico lo que representa un bot\u00edn para los intereses capitalistas que ya han estado intentando despojar al pueblo tseltal de su territorio con el apoyo del gobierno estatal y federal. No conformes la polic\u00eda, acompa\u00f1ados por un dirigente oficialista del ejido, realiza sobrevuelos en helic\u00f3ptero sobre las casas de compa\u00f1eros y compa\u00f1eras, en las comunidades cercanas al centro ejidal de Alan Sacjun.<\/p>\n<p>Estos s\u00edntomas de autoritarismo de los malos gobernantes no son nuevos, basta recordar las m\u00e1s recientes incursiones militares en las comunidades zapatistas que buscan generar un clima de tensi\u00f3n como parte de la guerra contrainsurgente.<\/p>\n<p>El mal gobierno y el poder se valen de grupos paramilitares y de choque, para seguir hostigando y seguir creando la ficci\u00f3n de que estos son conflictos comunitarios internos, cuando en realidad son grupos alentados, financiados y promovidos por el ej\u00e9rcito, polic\u00edas, y funcionarios de los tres niveles del mal gobierno.<\/p>\n<p>Hacemos responsables de estas agresiones en San Sebasti\u00e1n Bachaj\u00f3n al comisariado ejidal oficialista Alejandro Moreno G\u00f3mez y su consejo de vigilancia Samuel D\u00edaz Guzm\u00e1n, as\u00ed como al gobierno del estado de Chiapas a cargo de Manuel Velasco Coello y al titular del ejecutivo federal Enrique Pe\u00f1a Nieto, de estas y otras agresiones a nuestras compa\u00f1eras y compa\u00f1eros.<\/p>\n<p>Denunicamos tambi\u00e9n que en d\u00edas recientes las autoridades oficialistas y afines a los partidos pol\u00ecticos realizaron un bloqueo en la carretera Ocosingo a Palenque y de manera paralela tala de \u00e1rboles, buscando con ello crear un montaje para culpar a las y los adherentes de Bachaj\u00f3n de bloquear el camino y fabricar as\u00ed delitos de ecocidio y con ello encarlcelar a las autoridades aut\u00f3nomas.<\/p>\n<p>En este contexto, nos sumamos a la exigencia de nuestras compa\u00f1eras y compa\u00f1eros de la salida inmediata de la polic\u00eda de la tierra y el territorio despojado desde el mes de febrero del a\u00f1o 2011 a este digno pueblo tzeltal. Tambi\u00e9n seguimos reivindicando la lucha por la libertad de los compa\u00f1eros Juan Antonio G\u00f3mez Silvano, Mario Aguilar Silvano, Roberto G\u00f3mez Hern\u00e1ndez, Santiago Moreno Perez, Emilio Jimenez Gomez y Esteban Gomez Jimenez.<\/p>\n<p>No olvidamos tampoco a nuestros compa\u00f1eros ca\u00eddos Juan V\u00e1zquez Guzm\u00e1n y Juan Carlos G\u00f3mez Silvano, la lucha por la verdad y justicia contin\u00faa.<\/p>\n<p>Nos mantendremos atent@s de esta situaci\u00f3n, y ya que el poder se empe\u00f1a en seguir destruyendo, desde abajo y la izquierda reconstruiremos juntas y juntos como compa\u00f1eras y compa\u00f1eros, m\u00e1s espacios de encuentro, lucha y resistencia.<\/p>\n<p style=\"text-align: center;\">\u00a1Bachaj\u00f3n no est\u00e1 solo!<br \/>\n\u00a1Viva la autonom\u00eda de los pueblos en lucha!<br \/>\n\u00a1Tierra y Libertad!<br \/>\nContra el despojo y la represi\u00f3n: \u00a1la Solidaridad!<\/p>\n<p style=\"text-align: center;\">Fraternalmente<\/p>\n<p style=\"text-align: center;\">Comunidad Las Brisas, Trinitaria<br \/>\nEjido Tila<br \/>\nPueblos Unidos en Defensa de la Energ\u00eda El\u00e9ctrica Zona Norte (PUDEE)<br \/>\nRed en Defensa de los Pueblos Ind\u00edgenas de Tenejapa<br \/>\nCasa Gandhi<br \/>\nCentro de Derechos Humanos Digna Ochoa<br \/>\nColectivo Cacao Solidario<br \/>\nColectivo Radio Zapatista<br \/>\nEspacio de Lucha contra el Olvido y la Represi\u00f3n<br \/>\nFrente C\u00edvico Tonalteco<br \/>\nPoblado Primero de Agosto, Las Margaritas, en defensa de la Tierra y el Territorio<br \/>\nProyecto de Vida<br \/>\nRadio Chimia<br \/>\nSalud y Desarrollo Comunitario<br \/>\nRed contra la Represi\u00f3n y la Solidaridad<\/p>\n<p><\/p>","protected":false},"excerpt":{"rendered":"<p>San Crist\u00f3bal de Las Casas, Chiapas a 21 de marzo de 2015 Solidaridad con Bachaj\u00f3n y contra el despojo de los malos gobiernos A las y los compa\u00f1eros del Ejido San Sebasti\u00e1n Adherentes a la Sexta A las y los compa\u00f1eros adherentes a la Sexta A las y los condisc\u00edpulos de la Escuelita Zapatista Estando [&hellip;]<\/p>\n","protected":false},"author":1,"featured_media":0,"comment_status":"open","ping_status":"closed","sticky":false,"template":"","format":"standard","meta":{"footnotes":""},"categories":[183],"tags":[60,61,27],"class_list":["post-12454","post","type-post","status-publish","format-standard","hentry","category-blog","tag-agua-azul","tag-bachajon","tag-solidaridad"],"_links":{"self":[{"href":"https:\/\/radiozapatista.org\/index.php?rest_route=\/wp\/v2\/posts\/12454","targetHints":{"allow":["GET"]}}],"collection":[{"href":"https:\/\/radiozapatista.org\/index.php?rest_route=\/wp\/v2\/posts"}],"about":[{"href":"https:\/\/radiozapatista.org\/index.php?rest_route=\/wp\/v2\/types\/post"}],"author":[{"embeddable":true,"href":"https:\/\/radiozapatista.org\/index.php?rest_route=\/wp\/v2\/users\/1"}],"replies":[{"embeddable":true,"href":"https:\/\/radiozapatista.org\/index.php?rest_route=%2Fwp%2Fv2%2Fcomments&post=12454"}],"version-history":[{"count":0,"href":"https:\/\/radiozapatista.org\/index.php?rest_route=\/wp\/v2\/posts\/12454\/revisions"}],"wp:attachment":[{"href":"https:\/\/radiozapatista.org\/index.php?rest_route=%2Fwp%2Fv2%2Fmedia&parent=12454"}],"wp:term":[{"taxonomy":"category","embeddable":true,"href":"https:\/\/radiozapatista.org\/index.php?rest_route=%2Fwp%2Fv2%2Fcategories&post=12454"},{"taxonomy":"post_tag","embeddable":true,"href":"https:\/\/radiozapatista.org\/index.php?rest_route=%2Fwp%2Fv2%2Ftags&post=12454"}],"curies":[{"name":"wp","href":"https:\/\/api.w.org\/{rel}","templated":true}]}}