{"id":12452,"date":"2015-03-25T10:15:23","date_gmt":"2015-03-25T16:15:23","guid":{"rendered":"https:\/\/radiozapatista.org\/?p=12452"},"modified":"2015-03-25T10:15:23","modified_gmt":"2015-03-25T16:15:23","slug":"comunicado-de-san-sebastian-bachajon-sobre-agresion-a-los-medios-libres","status":"publish","type":"post","link":"https:\/\/radiozapatista.org\/?p=12452","title":{"rendered":"Comunicado de San Sebasti\u00e1n Bachaj\u00f3n sobre agresi\u00f3n a los medios libres"},"content":{"rendered":"<p>EN EJIDO SAN SEBASTIAN BACHAJON ADERENTES A LA SEXTA DECLARACION DE LA SELVA LACANDONA. CHIAPAS. MEXICO. A 23 DE MARZO DE 2015<\/p>\n<p>A la Comandancia General Comit\u00e9 Clandestino Revolucionario Ind\u00edgena del Ej\u00e9rcito Zapatista de Liberaci\u00f3n Nacional<br \/>\nA las Juntas de Buen Gobierno<br \/>\nAl Congreso Nacional Ind\u00edgena<br \/>\nA l@s compa\u00f1er@s adherentes a la Sexta Declaracion de la Selva Lacandona<br \/>\nA los medios de comunicaci\u00f3n masivos e alternativos<br \/>\nA la Red contra la Represi\u00f3n y por la Solidaridad<br \/>\nAl Movimiento de Justicia por el Barrio de Nueva York<br \/>\nA los defensores de derechos humanos nacional e internacional<br \/>\nAl pueblo de M\u00e9xico y el mundo<\/p>\n<p>Claro se ve el apoyo del mal gobierno a los lideres paramilitares del comisariado ejidal Alejandro Moreno Gomez y el consejo de vigilancia Samuel D\u00edaz Guzman donde el 21 de marzo pasado despues de que incendiaron la sede regional San Sebasti\u00e1n agredieron verbal y fisicamente a una compa\u00f1era y compa\u00f1ero de los medios libres que con valor y dignidad se presentaron a documentar las violaciones a derechos humanos del mal gobierno federal y estatal.<\/p>\n<p>Rechazamos las agresiones a nuestra compa\u00f1era y compa\u00f1ero de medios libres, hacemos responsables a los jefes paramilitares Enrique Pe\u00f1a Nieto y Manuel Velasco Coello de cualquier otra agresion que se pretenda cometer en contra de los medios libres y de las mujeres y hombres de nuestra organizaci\u00f3n.<\/p>\n<p>Ya basta de tanto abuso y corrupci\u00f3n para despojar la tierras y el agua de nuestro pueblo, no lo vamos a permitir, no estamos derrotados, nuestra lucha y resistencia es para toda la vida y no importa que el gobierno venga sembrar terror y destrucci\u00f3n, los de abajo reconstruimos asi nos ense\u00f1aron los abuelos y abuelas que tambien se enfrentaron a los se\u00f1ores del dinero y del poder.<\/p>\n<p>Desde la zona norte del estado de Chiapas las mujeres y hombres de San Sebasti\u00e1n Bachaj\u00f3n enviamos combativos saludos.<\/p>\n<p style=\"text-align: center;\">Nunca m\u00e1s un M\u00e9xico sin nosotros.<\/p>\n<p style=\"text-align: center;\">\u00a1Tierra y libertad! \u00a1Zapata Vive!<br \/>\n\u00a1Hasta la victoria siempre!<br \/>\nPresos pol\u00edticos \u00a1Libertad!<br \/>\n\u00a1Juan V\u00e1zquez Guzm\u00e1n Vive, la Lucha de Bachaj\u00f3n sigue!<br \/>\n\u00a1Juan Carlos G\u00f3mez Silvano Vive, la Lucha de Bachaj\u00f3n sigue!<br \/>\n\u00a1No al despojo de los territorios ind\u00edgenas!<br \/>\n\u00a1Presentaci\u00f3n inmediata de los compa\u00f1eros desaparecidos de Ayotzinapa!<br \/>\n\u00a1JUSTICIA PARA AYOTZINAPA, ACTEAL, ABC, ATENCO!<\/p>\n<p><\/p>","protected":false},"excerpt":{"rendered":"<p>EN EJIDO SAN SEBASTIAN BACHAJON ADERENTES A LA SEXTA DECLARACION DE LA SELVA LACANDONA. CHIAPAS. MEXICO. A 23 DE MARZO DE 2015 A la Comandancia General Comit\u00e9 Clandestino Revolucionario Ind\u00edgena del Ej\u00e9rcito Zapatista de Liberaci\u00f3n Nacional A las Juntas de Buen Gobierno Al Congreso Nacional Ind\u00edgena A l@s compa\u00f1er@s adherentes a la Sexta Declaracion de [&hellip;]<\/p>\n","protected":false},"author":1,"featured_media":0,"comment_status":"open","ping_status":"closed","sticky":false,"template":"","format":"standard","meta":{"footnotes":""},"categories":[183],"tags":[60,61,23],"class_list":["post-12452","post","type-post","status-publish","format-standard","hentry","category-blog","tag-agua-azul","tag-bachajon","tag-paramilitares"],"_links":{"self":[{"href":"https:\/\/radiozapatista.org\/index.php?rest_route=\/wp\/v2\/posts\/12452","targetHints":{"allow":["GET"]}}],"collection":[{"href":"https:\/\/radiozapatista.org\/index.php?rest_route=\/wp\/v2\/posts"}],"about":[{"href":"https:\/\/radiozapatista.org\/index.php?rest_route=\/wp\/v2\/types\/post"}],"author":[{"embeddable":true,"href":"https:\/\/radiozapatista.org\/index.php?rest_route=\/wp\/v2\/users\/1"}],"replies":[{"embeddable":true,"href":"https:\/\/radiozapatista.org\/index.php?rest_route=%2Fwp%2Fv2%2Fcomments&post=12452"}],"version-history":[{"count":0,"href":"https:\/\/radiozapatista.org\/index.php?rest_route=\/wp\/v2\/posts\/12452\/revisions"}],"wp:attachment":[{"href":"https:\/\/radiozapatista.org\/index.php?rest_route=%2Fwp%2Fv2%2Fmedia&parent=12452"}],"wp:term":[{"taxonomy":"category","embeddable":true,"href":"https:\/\/radiozapatista.org\/index.php?rest_route=%2Fwp%2Fv2%2Fcategories&post=12452"},{"taxonomy":"post_tag","embeddable":true,"href":"https:\/\/radiozapatista.org\/index.php?rest_route=%2Fwp%2Fv2%2Ftags&post=12452"}],"curies":[{"name":"wp","href":"https:\/\/api.w.org\/{rel}","templated":true}]}}