{"id":12419,"date":"2015-03-22T01:23:04","date_gmt":"2015-03-22T07:23:04","guid":{"rendered":"https:\/\/radiozapatista.org\/?p=12419"},"modified":"2015-11-29T19:26:07","modified_gmt":"2015-11-30T01:26:07","slug":"policia-incendia-nueva-sede-regional-de-san-sebastian-bachajon","status":"publish","type":"post","link":"https:\/\/radiozapatista.org\/?p=12419","title":{"rendered":"Polic\u00eda incendia nueva sede regional de San Sebasti\u00e1n Bachaj\u00f3n"},"content":{"rendered":"<p><\/p>\n<p style=\"text-align: center;\"><a href=\"https:\/\/radiozapatista.org\/wp-content\/uploads\/2015\/03\/DSCN0678-web-660x330.jpg\"><img loading=\"lazy\" decoding=\"async\" class=\"size-medium wp-image-12420  aligncenter\" title=\"DSCN0678-web-660x330\" src=\"https:\/\/radiozapatista.org\/wp-content\/uploads\/2015\/03\/DSCN0678-web-660x330-300x150.jpg\" alt=\"\" width=\"300\" height=\"150\" srcset=\"https:\/\/radiozapatista.org\/wp-content\/uploads\/2015\/03\/DSCN0678-web-660x330-300x150.jpg 300w, https:\/\/radiozapatista.org\/wp-content\/uploads\/2015\/03\/DSCN0678-web-660x330.jpg 660w\" sizes=\"auto, (max-width: 300px) 100vw, 300px\" \/><\/a><\/p>\n<p>Los ejidatarios de San Sebasti\u00e1n Bachaj\u00f3n, adherentes a la Sexta Declaraci\u00f3n de la Selva Lacandona, denunciaron que este s\u00e1bado 21 de marzo, alrededor de las 8 de la ma\u00f1ana, m\u00e1s de 600 elementos de las fuerzas de seguridad p\u00fablica incendiaron la nueva sede regional de San Sebasti\u00e1n Bachaj\u00f3n, con la participaci\u00f3n de autoridades oficialistas del ejido. Esta sede, <a href=\"https:\/\/radiozapatista.org\/?p=11970\">inaugurada el 29 de enero de este a\u00f1o<\/a>, se encontraba a un kil\u00f3metro entre el crucero de Agua Azul y el l\u00edmite con el municipio oficial de Tumbal\u00e1, y se cre\u00f3 despu\u00e9s del desalojo violento de la caseta de cobro a Agua Azul ese mes, &#8220;para seguir cuidando las tierras y exigir la retirada del mal gobierno&#8221;, seg\u00fan dijeron los ejidatarios en un comunicado.<\/p>\n<p><a href=\"https:\/\/radiozapatista.org\/?p=12417\">Lee el comunicado completo aqu\u00ed<\/a>.<\/p>","protected":false},"excerpt":{"rendered":"<p>Los ejidatarios de San Sebasti\u00e1n Bachaj\u00f3n, adherentes a la Sexta Declaraci\u00f3n de la Selva Lacandona, denunciaron que este s\u00e1bado 21 de marzo, alrededor de las 8 de la ma\u00f1ana, m\u00e1s de 600 elementos de las fuerzas de seguridad p\u00fablica incendiaron la nueva sede regional de San Sebasti\u00e1n Bachaj\u00f3n, con la participaci\u00f3n de autoridades oficialistas del [&hellip;]<\/p>\n","protected":false},"author":1,"featured_media":0,"comment_status":"open","ping_status":"closed","sticky":false,"template":"","format":"standard","meta":{"footnotes":""},"categories":[6,956,190],"tags":[60,61,531],"class_list":["post-12419","post","type-post","status-publish","format-standard","hentry","category-chiapas","category-sexta","category-radiozapatista","tag-agua-azul","tag-bachajon","tag-policia"],"_links":{"self":[{"href":"https:\/\/radiozapatista.org\/index.php?rest_route=\/wp\/v2\/posts\/12419","targetHints":{"allow":["GET"]}}],"collection":[{"href":"https:\/\/radiozapatista.org\/index.php?rest_route=\/wp\/v2\/posts"}],"about":[{"href":"https:\/\/radiozapatista.org\/index.php?rest_route=\/wp\/v2\/types\/post"}],"author":[{"embeddable":true,"href":"https:\/\/radiozapatista.org\/index.php?rest_route=\/wp\/v2\/users\/1"}],"replies":[{"embeddable":true,"href":"https:\/\/radiozapatista.org\/index.php?rest_route=%2Fwp%2Fv2%2Fcomments&post=12419"}],"version-history":[{"count":0,"href":"https:\/\/radiozapatista.org\/index.php?rest_route=\/wp\/v2\/posts\/12419\/revisions"}],"wp:attachment":[{"href":"https:\/\/radiozapatista.org\/index.php?rest_route=%2Fwp%2Fv2%2Fmedia&parent=12419"}],"wp:term":[{"taxonomy":"category","embeddable":true,"href":"https:\/\/radiozapatista.org\/index.php?rest_route=%2Fwp%2Fv2%2Fcategories&post=12419"},{"taxonomy":"post_tag","embeddable":true,"href":"https:\/\/radiozapatista.org\/index.php?rest_route=%2Fwp%2Fv2%2Ftags&post=12419"}],"curies":[{"name":"wp","href":"https:\/\/api.w.org\/{rel}","templated":true}]}}