{"id":1222,"date":"2010-12-16T23:43:57","date_gmt":"2010-12-17T05:43:57","guid":{"rendered":"https:\/\/radiozapatista.org\/?p=1222"},"modified":"2015-08-31T09:11:38","modified_gmt":"2015-08-31T14:11:38","slug":"reporte-frayba-represion-contra-defensores-de-derechos-humanos-organizaciones-sociales-y-medios-independientes","status":"publish","type":"post","link":"https:\/\/radiozapatista.org\/?p=1222","title":{"rendered":"Reporte Frayba: Represi\u00f3n contra defensores de derechos humanos, organizaciones sociales y medios independientes"},"content":{"rendered":"<p>Reporte mensual del <a href=\"http:\/\/www.frayba.org.mx\/\" target=\"_blank\">Centro de Derechos Humanos Fray Bartolom\u00e9 de las Casas<\/a> (<strong>en espa\u00f1ol<\/strong>). En esta ocasi\u00f3n queremos compartir con todas y todos la  preocupaci\u00f3n por los \u00faltimos hechos ocurridos en Chiapas, en donde el  Gobierno del estado, encabezado por Juan Sabines Guerrero, ha apuntado  todos su recursos y aparato estatal para atacar a defensores de derechos  humanos, organizaciones sociales y periodistas en el Estado.<\/p>","protected":false},"excerpt":{"rendered":"<p>Reporte mensual del Centro de Derechos Humanos Fray Bartolom\u00e9 de las Casas (en espa\u00f1ol). En esta ocasi\u00f3n queremos compartir con todas y todos la preocupaci\u00f3n por los \u00faltimos hechos ocurridos en Chiapas, en donde el Gobierno del estado, encabezado por Juan Sabines Guerrero, ha apuntado todos su recursos y aparato estatal para atacar a defensores [&hellip;]<\/p>\n","protected":false},"author":1,"featured_media":0,"comment_status":"open","ping_status":"open","sticky":false,"template":"","format":"standard","meta":{"footnotes":""},"categories":[1,6],"tags":[58,925,18,87],"class_list":["post-1222","post","type-post","status-publish","format-standard","hentry","category-audio","category-chiapas","tag-derechos-humanos","tag-frayba","tag-medios","tag-represion"],"_links":{"self":[{"href":"https:\/\/radiozapatista.org\/index.php?rest_route=\/wp\/v2\/posts\/1222","targetHints":{"allow":["GET"]}}],"collection":[{"href":"https:\/\/radiozapatista.org\/index.php?rest_route=\/wp\/v2\/posts"}],"about":[{"href":"https:\/\/radiozapatista.org\/index.php?rest_route=\/wp\/v2\/types\/post"}],"author":[{"embeddable":true,"href":"https:\/\/radiozapatista.org\/index.php?rest_route=\/wp\/v2\/users\/1"}],"replies":[{"embeddable":true,"href":"https:\/\/radiozapatista.org\/index.php?rest_route=%2Fwp%2Fv2%2Fcomments&post=1222"}],"version-history":[{"count":0,"href":"https:\/\/radiozapatista.org\/index.php?rest_route=\/wp\/v2\/posts\/1222\/revisions"}],"wp:attachment":[{"href":"https:\/\/radiozapatista.org\/index.php?rest_route=%2Fwp%2Fv2%2Fmedia&parent=1222"}],"wp:term":[{"taxonomy":"category","embeddable":true,"href":"https:\/\/radiozapatista.org\/index.php?rest_route=%2Fwp%2Fv2%2Fcategories&post=1222"},{"taxonomy":"post_tag","embeddable":true,"href":"https:\/\/radiozapatista.org\/index.php?rest_route=%2Fwp%2Fv2%2Ftags&post=1222"}],"curies":[{"name":"wp","href":"https:\/\/api.w.org\/{rel}","templated":true}]}}