{"id":12145,"date":"2015-02-21T09:04:11","date_gmt":"2015-02-21T15:04:11","guid":{"rendered":"https:\/\/radiozapatista.org\/?p=12145"},"modified":"2015-11-29T19:47:45","modified_gmt":"2015-11-30T01:47:45","slug":"los-pueblos-tenemos-el-derecho-a-decidir-comunicado-de-la-asamblea-comunitara-de-amilcingo-morelos","status":"publish","type":"post","link":"https:\/\/radiozapatista.org\/?p=12145","title":{"rendered":"Asamblea Comunitara de Amilcingo, Morelos denuncia amenazas de muerte y toma de su Ayudant\u00eda municipal"},"content":{"rendered":"<p><\/p>\n<div>\n<p style=\"text-align: center\"><strong>COMUNICADO  DE LA ASAMBLEA COMUNITARIA DE AMILCINGO Y EL FRENTE DE PUEBLOS EN  DEFENSA DE LA TIERRA Y EL AGUA MORELOS, PUEBLA Y TLAXCALA.-<\/strong><\/p>\n<p><strong>A las  organizaciones sociales, Colectivos, Pueblos solidarios, Estudiantes,  Sociedad en general, <\/strong><\/p>\n<p><strong>El d\u00eda 17 de febrero el Sr. Humberto Sandoval  Zamora Secretario General de la CCC (Central Campesina Cardenista) lanz\u00f3  las amenazas a trav\u00e9s de su hermano en plena asamblea comunitaria al  decir que tomar\u00edan la ayudant\u00eda de la comunidad de Amilcingo el s\u00e1bado  21 con el aval de la fuerza p\u00fablica e incluso recalc\u00f3 que hasta habr\u00eda  muertos. El gobierno del estado que preside Graco Ram\u00edrez Garrido Abreu  ha utilizado a estas personas para cooptar a las autoridades locales y  congregarlas al grupo lidereado por el Sr. Humberto Zandoval Zamora. En  Casa Morelos el gobierno del estado en el mes de marzo del 2014  reconoci\u00f3 a este grupo de ciudadanos integrantes del Consejo de  Desarrollo Comunitario y como el \u00fanico interlocutor y representante de  la comunidad. Este Consejo ha fungido como grupo de choque ante la  resistencia de la comunidad contra la imposici\u00f3n del Gasoducto Morelos.  Adem\u00e1s de que este grupo ha avalado el paso del gasoducto a trav\u00e9s de  aceptar obras p\u00fablicas impuestas con dinero de la Comisi\u00f3n Federal de  Electricidad (CFE) y ha buscado la provocaci\u00f3n para que seamos  reprimidos. Al ver que nuestras autoridades locales en su momento se  subordinaron a los intereses de Elecnor, Enagas, empresas espa\u00f1olas y  Bonatti, Italiana; quienes licitaron la obra, CFE y los gobiernos  municipal, estatal y federal; la comunidad les exigi\u00f3 imparcialidad y  atenci\u00f3n a los intereses del pueblo, mismos que se negaron. Ante esta  situaci\u00f3n se llev\u00f3 a cabo una asamblea en el mes de marzo del 2014 en la  que se determin\u00f3 desconocer al ayudante municipal y reconocer como  nueva autoridad a Aar\u00f3n Aguilar. En ning\u00fan momento quisieron reconocer  los gobiernos a nuestra autoridad leg\u00edtima por lo que nosotros como  comunidad reconocemos a Aar\u00f3n Aguilar como \u00fanica autoridad a pesar que  durante casi un a\u00f1o el gobierno municipal y estatal han rechazado  reconocerlo oficalmente. Nuestra autoridad tiene el respaldo del pueblo  que a diario se re\u00fane en frente de la ayudantia. Ante la situaci\u00f3n  emergente y la amenaza de represi\u00f3n a la comumidad de Amilcingo (que no  ser\u00eda la primera vez, ya que el 13 de abril y el 28 de abril del 2014 se  reprimi\u00f3 y encarcel\u00f3 a 5 personas de la comunidad, entre ellas Aaron  Aguilar) hacemos responsables a los gobiernos municipal, estatal y  federal, al delegado estatal de la CCC (Central Campesina Cardenista ) y  al grupo de choque creado por el Estado por cualquier da\u00f1o o afectaci\u00f3n  a nuestra comunidad. Rechazamos rotundamente la violencia y hacemos un  llamado a los gobiernos de los tres \u00f3rdenes para que detengan estas  acciones que s\u00f3lo violentan nuestros derechos como pueblos originarios. A  las organizaciones sociales, colectivos, pueblos solidarios,  estudiantes, maestros y sociedad en general solicitamos su apoyo de  acuerdo a las formas y capacidades de cada qui\u00e9n, en cuanto a la  denuncia, repudio, a lo que pudiese suceder con el pueblo de Amilcingo, a  su posicionamiento y difusi\u00f3n. A los organismos de derechos humanos les  hacemos un llamado para denuncien las violaciones de derechos humanos a  las que podemos estar expuestos si este acto de violencia se lleva a a  cabo. Al gobierno de Graco Ram\u00edrez le decimos que detenga esta pol\u00edtica  de imposici\u00f3n a trav\u00e9s de la represi\u00f3n. Un gobierno que no respeta la  decisi\u00f3n de a qui\u00e9nes representa es un mal gobierno que traiciona a su  propio pueblo. <\/strong><\/p>\n<p><strong>PORQUE LOS PUEBLOS TENEMOS DERECHO A DECIDIR NUESTRO  DESTINO; NO A LAS IMPOSICIONES A TRAVES DE LA VIOLENCIA DE ESTADO. NO AL  GASODUCTO, SI A LA VIDA. POR QUE VIVOS SE LOS LLEVARON, VIVOS LOS  QUEREMOS. VINH FLORES LAUREANO VIVE, LA LUCHA SIGUE. ZAPATA VIVE, LA  LUCHA SIGUE<\/strong><\/p>\n<\/div>\n<p><\/p>","protected":false},"excerpt":{"rendered":"<p>COMUNICADO DE LA ASAMBLEA COMUNITARIA DE AMILCINGO Y EL FRENTE DE PUEBLOS EN DEFENSA DE LA TIERRA Y EL AGUA MORELOS, PUEBLA Y TLAXCALA.- A las organizaciones sociales, Colectivos, Pueblos solidarios, Estudiantes, Sociedad en general, El d\u00eda 17 de febrero el Sr. Humberto Sandoval Zamora Secretario General de la CCC (Central Campesina Cardenista) lanz\u00f3 las [&hellip;]<\/p>\n","protected":false},"author":13,"featured_media":0,"comment_status":"open","ping_status":"closed","sticky":false,"template":"","format":"standard","meta":{"footnotes":""},"categories":[957,958,954],"tags":[881,79,148],"class_list":["post-12145","post","type-post","status-publish","format-standard","hentry","category-autonomia","category-megaproyectos","category-mexico","tag-amilcingo","tag-autonomia","tag-resistencia"],"_links":{"self":[{"href":"https:\/\/radiozapatista.org\/index.php?rest_route=\/wp\/v2\/posts\/12145","targetHints":{"allow":["GET"]}}],"collection":[{"href":"https:\/\/radiozapatista.org\/index.php?rest_route=\/wp\/v2\/posts"}],"about":[{"href":"https:\/\/radiozapatista.org\/index.php?rest_route=\/wp\/v2\/types\/post"}],"author":[{"embeddable":true,"href":"https:\/\/radiozapatista.org\/index.php?rest_route=\/wp\/v2\/users\/13"}],"replies":[{"embeddable":true,"href":"https:\/\/radiozapatista.org\/index.php?rest_route=%2Fwp%2Fv2%2Fcomments&post=12145"}],"version-history":[{"count":0,"href":"https:\/\/radiozapatista.org\/index.php?rest_route=\/wp\/v2\/posts\/12145\/revisions"}],"wp:attachment":[{"href":"https:\/\/radiozapatista.org\/index.php?rest_route=%2Fwp%2Fv2%2Fmedia&parent=12145"}],"wp:term":[{"taxonomy":"category","embeddable":true,"href":"https:\/\/radiozapatista.org\/index.php?rest_route=%2Fwp%2Fv2%2Fcategories&post=12145"},{"taxonomy":"post_tag","embeddable":true,"href":"https:\/\/radiozapatista.org\/index.php?rest_route=%2Fwp%2Fv2%2Ftags&post=12145"}],"curies":[{"name":"wp","href":"https:\/\/api.w.org\/{rel}","templated":true}]}}