{"id":12002,"date":"2015-02-08T13:41:14","date_gmt":"2015-02-08T19:41:14","guid":{"rendered":"https:\/\/radiozapatista.org\/?p=12002"},"modified":"2015-02-08T13:41:14","modified_gmt":"2015-02-08T19:41:14","slug":"la-resistencia-indigena-de-bachajon-frente-al-megaproyecto-turistico","status":"publish","type":"post","link":"https:\/\/radiozapatista.org\/?p=12002","title":{"rendered":"La resistencia ind\u00edgena de Bachaj\u00f3n frente al megaproyecto tur\u00edstico"},"content":{"rendered":"<p><em>por Ricardo Lagunes y Jessica Davies<\/em><br \/>\n<a href=\"http:\/\/www.jornada.unam.mx\/2015\/02\/07\/opinion\/013a1pol\">La Jornada<\/a>, 7 de febrero, 2015<\/p>\n<p>La digna lucha del pueblo ind\u00edgena tzeltal del ejido San Sebasti\u00e1n Bachaj\u00f3n, adherente a la Sexta Declaraci\u00f3n de la Selva Lacandona, en defensa de su territorio ancestral, su cultura, tradici\u00f3n e identidad, se ha convertido en algo legendario. Han sufrido el asesinato de dos de sus l\u00edderes comunitarios \u2013Juan V\u00e1zquez Guzm\u00e1n, el 24 de abril de 2013, y Juan Carlos G\u00f3mez Silvano, el 21 de marzo de 2014\u2013 as\u00ed como la violencia, la tortura, el encarcelamiento injusto, la desaparici\u00f3n forzada, los ataques, las amenazas, el acoso, la intimidaci\u00f3n y la presencia policial continua, pero su resistencia digna en contra del despojo de su territorio para la construcci\u00f3n de un megaproyecto tur\u00edstico sigue vigente.<\/p>\n<p>El 21 de diciembre de 2014, m\u00e1s de 400 ejidatarios recuperaron pac\u00edficamente las tierras de uso com\u00fan de que hab\u00edan sido despojados ilegalmente el 2 de febrero de 2011 por los tres niveles de gobierno y sus partidarios locales. La fecha de la recuperaci\u00f3n es muy emblem\u00e1tica: el segundo aniversario de la marcha silenciosa de los zapatistas y el mismo d\u00eda de la inauguraci\u00f3n del Festival Mundial de las Resistencias y Rebeld\u00edas, convocado por el Congreso Nacional Ind\u00edgena (CNI) y el Ej\u00e9rcito Zapatista de Liberaci\u00f3n Nacional (EZLN).<\/p>\n<p>En las tierras despojadas por el gobierno cruza el camino de acceso al centro ecotur\u00edstico de las espectaculares cascadas de Agua Azul, ubicado en el municipio de Tumbal\u00e1, rodeado de una selva hermosa, rica en vida silvestre y en recursos naturales. Por ello, los gobiernos y las corporaciones no quieren esperar para aprovecharse de estas tierras e instalar un desarrollo tur\u00edstico de \u00e9lite con hoteles de lujo, campos de golf y una autopista. Pero las tierras de uso com\u00fan legal y leg\u00edtimamente pertenecen a los ejidatarios, como pueblos ind\u00edgenas que son.<\/p>\n<p>Las tierras de Bachaj\u00f3n est\u00e1n protegidas legalmente por la suspensi\u00f3n de plano otorgada en su amparo 274\/2011. La resoluci\u00f3n jur\u00eddica de este amparo est\u00e1 por resolverse en pr\u00f3ximas semanas y es muy probable que se dicte una sentencia favorable a la protecci\u00f3n de los derechos colectivos de los ind\u00edgenas. Es importante destacar que los ejidatarios han optado por tomar la v\u00eda legal y pac\u00edfica, buscando siempre el di\u00e1logo dentro de las comunidades locales.<\/p>\n<p>Durante 18 d\u00edas y noches, en rotaci\u00f3n, 500 mujeres, hombres, j\u00f3venes y ancianos han formado cordones para vigilar su territorio recuperado. Recibieron varias amenazas e intimidaciones, y existe el temor continuo de ataque y desalojo por parte de la fuerza p\u00fablica y grupos paramilitares organizados por el comisario ejidal Alejandro Moreno G\u00f3mez y el consejero de vigilancia Samuel D\u00edaz Guzm\u00e1n.<\/p>\n<p>En la madrugada del 9 de enero de 2015, m\u00e1s de 900 elementos de fuerzas estatales y federales desalojaron de manera violenta a los ejidatarios, lo que oblig\u00f3 a muchos a huir a los cerros y bosques. Al denunciar el ataque, los pobladores confirmaron que \u00e9ste solamente reforzar\u00eda su convicci\u00f3n de mantener su lucha y resistencia.<\/p>\n<p>El 11 de enero de 2015, los ind\u00edgenas de San Sebasti\u00e1n Bachaj\u00f3n, en se\u00f1al de protesta y resistencia pac\u00edfica, bloquearon la carretera Ocosingo-Palenque, a la altura del crucero de Agua Azul. La polic\u00eda estatal de Chiapas dispar\u00f3 a los ejidatarios durante 20 minutos, utilizando armas de grueso calibre y de goma. Tres personas resultaron heridas. A pesar de esto, despu\u00e9s de una hora de resistencia, los adherentes a la Sexta de Bachaj\u00f3n hicieron retroceder a las fuerzas del gobierno y mantienen su presencia hasta el momento.<\/p>\n<p>Los ejidatarios y sus compa\u00f1eros en todo el mundo han declarado que hacen responsable a los tres niveles de gobierno de cualquier agresi\u00f3n a su vida e integridad personal por sus acciones en defensa de la tierra. Actualmente se mantienen firmes en su lucha digna, y est\u00e1n llamando a la solidaridad y acciones de apoyo nacional e internacional. Un ejemplo de estas acciones es el Foro Mundial, que se celebr\u00f3 el 18 de enero pasado en el Cideci Unitierra, en San Crist\u00f3bal de Las Casas, Chiapas.<\/p>\n<p>En un comunicado del 10 de enero de 2015, los ejidatarios se\u00f1alaron contundentemente lo que mueve su lucha: \u201cQueremos decirle al mal gobierno (\u2026) que nuestras tierras no est\u00e1n en venta; en nuestro territorio no van hacer sus grandes negocios de ecoturismo y supercarreteras, no vamos a permitir que se desplacen comunidades y aumente la pobreza solamente para que ustedes se hagan m\u00e1s ricos a costa de nuestro sufrimiento\u201d.<\/p>","protected":false},"excerpt":{"rendered":"<p>por Ricardo Lagunes y Jessica Davies La Jornada, 7 de febrero, 2015 La digna lucha del pueblo ind\u00edgena tzeltal del ejido San Sebasti\u00e1n Bachaj\u00f3n, adherente a la Sexta Declaraci\u00f3n de la Selva Lacandona, en defensa de su territorio ancestral, su cultura, tradici\u00f3n e identidad, se ha convertido en algo legendario. Han sufrido el asesinato de [&hellip;]<\/p>\n","protected":false},"author":1,"featured_media":0,"comment_status":"open","ping_status":"closed","sticky":false,"template":"","format":"standard","meta":{"footnotes":""},"categories":[183],"tags":[60,61],"class_list":["post-12002","post","type-post","status-publish","format-standard","hentry","category-blog","tag-agua-azul","tag-bachajon"],"_links":{"self":[{"href":"https:\/\/radiozapatista.org\/index.php?rest_route=\/wp\/v2\/posts\/12002","targetHints":{"allow":["GET"]}}],"collection":[{"href":"https:\/\/radiozapatista.org\/index.php?rest_route=\/wp\/v2\/posts"}],"about":[{"href":"https:\/\/radiozapatista.org\/index.php?rest_route=\/wp\/v2\/types\/post"}],"author":[{"embeddable":true,"href":"https:\/\/radiozapatista.org\/index.php?rest_route=\/wp\/v2\/users\/1"}],"replies":[{"embeddable":true,"href":"https:\/\/radiozapatista.org\/index.php?rest_route=%2Fwp%2Fv2%2Fcomments&post=12002"}],"version-history":[{"count":0,"href":"https:\/\/radiozapatista.org\/index.php?rest_route=\/wp\/v2\/posts\/12002\/revisions"}],"wp:attachment":[{"href":"https:\/\/radiozapatista.org\/index.php?rest_route=%2Fwp%2Fv2%2Fmedia&parent=12002"}],"wp:term":[{"taxonomy":"category","embeddable":true,"href":"https:\/\/radiozapatista.org\/index.php?rest_route=%2Fwp%2Fv2%2Fcategories&post=12002"},{"taxonomy":"post_tag","embeddable":true,"href":"https:\/\/radiozapatista.org\/index.php?rest_route=%2Fwp%2Fv2%2Ftags&post=12002"}],"curies":[{"name":"wp","href":"https:\/\/api.w.org\/{rel}","templated":true}]}}