{"id":1190,"date":"2010-12-13T13:01:13","date_gmt":"2010-12-13T19:01:13","guid":{"rendered":"https:\/\/radiozapatista.org\/?p=1190"},"modified":"2011-02-23T23:20:33","modified_gmt":"2011-02-24T05:20:33","slug":"invitacion-de-las-abejas-coro-de-acteal-y-sak-tzevul","status":"publish","type":"post","link":"https:\/\/radiozapatista.org\/?p=1190","title":{"rendered":"Invitaci\u00f3n de Las Abejas: Coro de Acteal y Sak Tzevul"},"content":{"rendered":"<p>En conferencia de prensa en el Caf\u00e9 Museo Caf\u00e9 en San Crist\u00f3bal de las Casas, Las Abejas de Acteal invitan al concierto del Coro de Acteal y Sak Tzevul, para celebrar su caminar conjunto en el so\u00f1ar y construir musical y recaudar fondos para la producci\u00f3n del disco del Coro de Acteal. Este pr\u00f3ximo 16 de diciembre de 2010 en la Casa de las Im\u00e1genes, Belisario Dominguez #9, Colonia Centro, San Crist\u00f3bal de las Casas, a las 18:00.[podcast]http:\/\/www.radiozapatista.org\/Audios\/invitacion_las_abejas.mp3[\/podcast]<\/p>\n<p style=\"text-align: center;\"><!--more--><br \/>\n<a href=\"https:\/\/radiozapatista.org\/wp-content\/uploads\/2010\/12\/cartel_concierto_lasabejas_2010.jpg\"><img loading=\"lazy\" decoding=\"async\" class=\"aligncenter size-large wp-image-1191\" title=\"cartel_concierto_lasabejas_2010\" src=\"https:\/\/radiozapatista.org\/wp-content\/uploads\/2010\/12\/cartel_concierto_lasabejas_2010-663x1024.jpg\" alt=\"Concierto Coror de Acteal y Sak Tzevul\" width=\"398\" height=\"614\" srcset=\"https:\/\/radiozapatista.org\/wp-content\/uploads\/2010\/12\/cartel_concierto_lasabejas_2010-663x1024.jpg 663w, https:\/\/radiozapatista.org\/wp-content\/uploads\/2010\/12\/cartel_concierto_lasabejas_2010-194x300.jpg 194w, https:\/\/radiozapatista.org\/wp-content\/uploads\/2010\/12\/cartel_concierto_lasabejas_2010-768x1185.jpg 768w, https:\/\/radiozapatista.org\/wp-content\/uploads\/2010\/12\/cartel_concierto_lasabejas_2010-664x1024.jpg 664w, https:\/\/radiozapatista.org\/wp-content\/uploads\/2010\/12\/cartel_concierto_lasabejas_2010.jpg 794w\" sizes=\"auto, (max-width: 398px) 100vw, 398px\" \/><\/a><\/p>\n<p><object classid=\"clsid:d27cdb6e-ae6d-11cf-96b8-444553540000\" width=\"480\" height=\"385\" codebase=\"http:\/\/download.macromedia.com\/pub\/shockwave\/cabs\/flash\/swflash.cab#version=6,0,40,0\"><param name=\"allowFullScreen\" value=\"true\" \/><param name=\"allowscriptaccess\" value=\"always\" \/><param name=\"src\" value=\"http:\/\/www.youtube.com\/v\/_RcQb5hUJKU?fs=1&amp;hl=es_ES\" \/><param name=\"allowfullscreen\" value=\"true\" \/><embed type=\"application\/x-shockwave-flash\" width=\"480\" height=\"385\" src=\"http:\/\/www.youtube.com\/v\/_RcQb5hUJKU?fs=1&amp;hl=es_ES\" allowscriptaccess=\"always\" allowfullscreen=\"true\"><\/embed><\/object><\/p>","protected":false},"excerpt":{"rendered":"<p>En conferencia de prensa en el Caf\u00e9 Museo Caf\u00e9 en San Crist\u00f3bal de las Casas, Las Abejas de Acteal invitan al concierto del Coro de Acteal y Sak Tzevul, para celebrar su caminar conjunto en el so\u00f1ar y construir musical y recaudar fondos para la producci\u00f3n del disco del Coro de Acteal. Este pr\u00f3ximo 16 [&hellip;]<\/p>\n","protected":false},"author":1,"featured_media":0,"comment_status":"open","ping_status":"open","sticky":false,"template":"","format":"standard","meta":{"footnotes":""},"categories":[1,6,190],"tags":[100,106],"class_list":["post-1190","post","type-post","status-publish","format-standard","hentry","category-audio","category-chiapas","category-radiozapatista","tag-acteal","tag-las-abejas-de-acteal"],"_links":{"self":[{"href":"https:\/\/radiozapatista.org\/index.php?rest_route=\/wp\/v2\/posts\/1190","targetHints":{"allow":["GET"]}}],"collection":[{"href":"https:\/\/radiozapatista.org\/index.php?rest_route=\/wp\/v2\/posts"}],"about":[{"href":"https:\/\/radiozapatista.org\/index.php?rest_route=\/wp\/v2\/types\/post"}],"author":[{"embeddable":true,"href":"https:\/\/radiozapatista.org\/index.php?rest_route=\/wp\/v2\/users\/1"}],"replies":[{"embeddable":true,"href":"https:\/\/radiozapatista.org\/index.php?rest_route=%2Fwp%2Fv2%2Fcomments&post=1190"}],"version-history":[{"count":0,"href":"https:\/\/radiozapatista.org\/index.php?rest_route=\/wp\/v2\/posts\/1190\/revisions"}],"wp:attachment":[{"href":"https:\/\/radiozapatista.org\/index.php?rest_route=%2Fwp%2Fv2%2Fmedia&parent=1190"}],"wp:term":[{"taxonomy":"category","embeddable":true,"href":"https:\/\/radiozapatista.org\/index.php?rest_route=%2Fwp%2Fv2%2Fcategories&post=1190"},{"taxonomy":"post_tag","embeddable":true,"href":"https:\/\/radiozapatista.org\/index.php?rest_route=%2Fwp%2Fv2%2Ftags&post=1190"}],"curies":[{"name":"wp","href":"https:\/\/api.w.org\/{rel}","templated":true}]}}