{"id":11613,"date":"2015-01-01T21:10:58","date_gmt":"2015-01-02T03:10:58","guid":{"rendered":"https:\/\/radiozapatista.org\/?p=11613"},"modified":"2015-11-29T20:15:33","modified_gmt":"2015-11-30T02:15:33","slug":"palabras-del-ezln-en-el-21-aniversario-del-inicio-de-la-guerra-contra-el-olvido-subcomandante-insurgente-moises","status":"publish","type":"post","link":"https:\/\/radiozapatista.org\/?p=11613","title":{"rendered":"Palabras del EZLN en el 21 aniversario del inicio de la guerra contra el olvido. Subcomandante Insurgente Mois\u00e9s."},"content":{"rendered":"<p><\/p>\n<p style=\"text-align: center;\"><a href=\"https:\/\/radiozapatista.org\/wp-content\/uploads\/2015\/01\/DSC04935.jpg\"><img loading=\"lazy\" decoding=\"async\" class=\"size-medium wp-image-11614  aligncenter\" title=\"DSC04935\" src=\"https:\/\/radiozapatista.org\/wp-content\/uploads\/2015\/01\/DSC04935-300x199.jpg\" alt=\"\" width=\"300\" height=\"199\" srcset=\"https:\/\/radiozapatista.org\/wp-content\/uploads\/2015\/01\/DSC04935-300x199.jpg 300w, https:\/\/radiozapatista.org\/wp-content\/uploads\/2015\/01\/DSC04935-1024x680.jpg 1024w, https:\/\/radiozapatista.org\/wp-content\/uploads\/2015\/01\/DSC04935.jpg 1474w\" sizes=\"auto, (max-width: 300px) 100vw, 300px\" \/><\/a><\/p>\n<p><strong>Escucha el audio aqu\u00ed:<\/strong><br \/>\n[podcast]https:\/\/radiozapatista.org\/Audios\/FestivalRyR_oventic4.MP3[\/podcast]<\/p>\n<hr \/>\n<p style=\"text-align: center;\"><strong>EJ\u00c9RCITO ZAPATISTA DE LIBERACI\u00d3N NACIONAL.<br \/>\nM\u00c9XICO.<\/strong><\/p>\n<p>31 de Diciembre del 2014 y 1 de Enero del 2015.<\/p>\n<p>Compa\u00f1eras y compa\u00f1eros familiares de los estudiantes de Ayotzinapa asesinados y desaparecidos por el mal gobierno de este sistema capitalista:<br \/>\nCompa\u00f1eras y compa\u00f1eros del Congreso Nacional Ind\u00edgena:<br \/>\nCompa\u00f1eras, compa\u00f1eros y compa\u00f1eroas de la Sexta de M\u00e9xico y del mundo:<br \/>\nCompa\u00f1eras y compa\u00f1eros Bases de Apoyo del Ej\u00e9rcito Zapatista de Liberaci\u00f3n Nacional:<br \/>\nCompa\u00f1eras y compa\u00f1eros comandantes y comandantas, jefas y jefes del Comit\u00e9 Clandestino Revolucionario Ind\u00edgena-Comandancia General del EZLN:<br \/>\nCompa\u00f1eras y compa\u00f1eros milicianas y milicianos:<br \/>\nCompa\u00f1eras y compa\u00f1eros insurgentes e insurgentas:<\/p>\n<p>Compas:<\/p>\n<p>Por mi voz habla la voz del Ej\u00e9rcito Zapatista de Liberaci\u00f3n Nacional.<\/p>\n<p>Reciban todas, todos y todoas que est\u00e1n y no est\u00e1n presentes, el saludo de los hombres, mujeres, ni\u00f1os y ni\u00f1as, ancianos y ancianas zapatistas.<\/p>\n<p>Sea bienvenido el paso, la voz, el o\u00eddo, la mirada, el coraz\u00f3n colectivo de abajo y a la izquierda.<\/p>\n<p>Tenemos como invitados de honor a los familiares de quienes nos hacen falta en Ayotzinapa, en M\u00e9xico y en el mundo.<\/p>\n<p><strong><!--more--><\/strong><\/p>\n<p>Agradecemos de coraz\u00f3n el honor que nos hacen al estar presentes aqu\u00ed con nuestros pueblos zapatistas que somos.<\/p>\n<p>Nos honran tambi\u00e9n sus silencios y palabras.<\/p>\n<p>Nos hermanan su dolor y su rabia.<\/p>\n<p>Nosotros, nosotras las zapatistas, no perdemos de vista ni cerramos nuestros o\u00eddos a la pena y el coraje de Ayotzinapa que nos muestran y nos hablan los familiares.<\/p>\n<p>La pena por las muertes y desapariciones.  El coraje por los malos gobiernos que esconden la verdad y niegan la justicia.<\/p>\n<p>Lo que sabemos y recordamos en esta lucha de Ayotzinapa es que s\u00f3lo como pueblos organizados vamos a encontrar la verdad.<\/p>\n<p>No s\u00f3lo la verdad desaparecida en Ayotzinapa, tambi\u00e9n todas las verdades que han sido secuestradas, encarceladas y asesinadas en todos los rincones del planeta Tierra.<\/p>\n<p>Sobre esa verdad ahora ausente podremos construir la justicia.<\/p>\n<p>Porque nosotras, nosotros los zapatistas, pensamos que ya no hay que confiar m\u00e1s en los malos gobiernos que hay en todo el mundo.<\/p>\n<p>Esos malos gobiernos que s\u00f3lo sirven a los grandes capitalistas.<\/p>\n<p>Esos malos gobiernos que s\u00f3lo son los empleados del capital.  Los capataces, mayordomos y caporales de la gran hacienda capitalista.<\/p>\n<p>Estos malos gobiernos no van a hacer nunca un bien para los pueblos.<\/p>\n<p>No importa qu\u00e9 tantas palabras digan, esos gobiernos no mandan, porque el mero Mand\u00f3n es el capitalismo neoliberal.<\/p>\n<p>Por eso no hay que creerles nada a los malos gobiernos.<\/p>\n<p>Todo lo que queramos como pueblos lo tenemos que construir entre nosotros.<\/p>\n<p>As\u00ed como los familiares de los asesinados y desaparecidos de Ayotzinapa est\u00e1n construyendo su b\u00fasqueda de verdad y justicia.<\/p>\n<p>As\u00ed como est\u00e1n construyendo su propia lucha.<\/p>\n<p>Queremos decirles a los padres y madres de los compa\u00f1eros desaparecidos que no descansen de luchar y no dejen de luchar por la verdad y la justicia para los 43.<\/p>\n<p>Su lucha de los familiares de Ayotzinapa es el ejemplo y el alimento que nos dan a quienes queremos verdad y justicia en todos los suelos del planeta.<\/p>\n<p>Quiere que tomemos el ejemplo de los pap\u00e1s y mam\u00e1s, de dejar la casa y la familia por trabajar y encontrarse con otras familias que tienen iguales sus dolores, rabias y resistencias.<\/p>\n<p>La esperanza no est\u00e1 en un hombre o una mujer individuales, como nos hacen creer y dicen \u201cvoten por m\u00ed\u201d o \u201cvengan a esta organizaci\u00f3n porque nosotros vamos a ganar la lucha\u201d.<\/p>\n<p>As\u00ed dicen.<\/p>\n<p>Pero, \u00bfcu\u00e1l lucha?  Si lo sabemos que ellos lo que quieren es llegar al Poder y ya despu\u00e9s se olvidan de todo y de todos.<\/p>\n<p>Por eso es mejor que tomemos el ejemplo de los familiares de Ayotzinapa de organizarse.<\/p>\n<p>Hay que construir y crecer organizaci\u00f3n en cada lugar donde vivimos.<\/p>\n<p>Imaginemos c\u00f3mo puede ser una nueva sociedad.<\/p>\n<p>Para eso tenemos que estudiar c\u00f3mo estamos en esta sociedad en que vivimos.<\/p>\n<p>Nosotras y nosotros los zapatistas decimos que estamos en una sociedad donde somos explotados, reprimidos, despreciados y despojados por siglos de patrones y l\u00edderes, y hasta hoy, finales del 2014 y principios del 2015, as\u00ed sigue la sociedad.<\/p>\n<p>Desde entonces nos han querido enga\u00f1ar dici\u00e9ndonos que ellos, los de arriba, son los m\u00e1s chingones y que nosotros, nosotras, no servimos para nada.<\/p>\n<p>Que somos tontos y tontas, as\u00ed nos dicen.<\/p>\n<p>Que ellos s\u00ed saben pensar, imaginar, crear, y que nosotros y nosotras s\u00f3lo somos los peones en lo que hacen.<\/p>\n<p>\u201c\u00a1Al carajo con eso!\u201d, \u201c\u00a1Ya basta!\u201d, as\u00ed dijimos nosotros, nosotras las zapatistas, en el a\u00f1o 1994, y entonces  nos tuvimos que gobernarnos aut\u00f3nomamente.<\/p>\n<p>As\u00ed lo vemos nosotras, nosotros los zapatistas, que el esfuerzo de trabajo y lucha con rebeld\u00eda y resistencia con dignidad de los familiares de los compa\u00f1eros estudiantes desaparecidos, es que nos est\u00e1n llamando a organizarnos para que no nos pase igual.<\/p>\n<p>O para que sepamos qu\u00e9 hacer antes de que nos pase igual.<\/p>\n<p>O qu\u00e9 hacer para que nunca le pase a nadie esto lo que les pas\u00f3 por este sistema en que estamos.<\/p>\n<p>Porque lo han explicado muy bien los familiares de Ayotzinapa.  Como buenos maestros los familiares han explicado que el responsable del crimen es el sistema por medio de sus capataces.<\/p>\n<p>Y el sistema lo tiene tambi\u00e9n sus escuelas para capataces, mayordomos y caporales, y esas escuelas son los partidos pol\u00edticos que s\u00f3lo buscan cargos, puestos, puestecitos.<\/p>\n<p>Ah\u00ed es donde se preparan los serviles de los malos gobiernos.  Ah\u00ed aprenden a robar, a enga\u00f1ar, a imponer, a mandar.<\/p>\n<p>De ah\u00ed salen los que hacen las leyes, que son los legisladores.<\/p>\n<p>De ah\u00ed salen los que obligan a cumplir esas leyes con la violencia, que son los presidentes grandes, medianos y peque\u00f1os, con sus ej\u00e9rcitos y polic\u00edas.<\/p>\n<p>De ah\u00ed salen los que juzgan y condenan a los que no obedecen esas leyes, que son los jueces.<\/p>\n<p>Y pues lo vemos que no importa si esos capataces, mayordomos y caporales son hombres o mujeres, si son blancos, negros, amarillos, rojos, verdes, azules, caf\u00e9s, cualquier color.<\/p>\n<p>Su trabajo de ellos all\u00e1 arriba es no dejarnos respirar a los que estamos abajo.<\/p>\n<p>En veces tiene el mismo color de piel el que manda matar que el que es matado.<\/p>\n<p>En veces tienen el mismo color y lengua el asesino y la v\u00edctima.<\/p>\n<p>Y no importan ni el calendario ni la geograf\u00eda.<\/p>\n<p>Lo que nos ha hecho pensar la lucha de los familiares y compa\u00f1eros de Ayotzinapa es que quienes secuestran, asesinan y mienten son los mismos.<\/p>\n<p>Que no va a buscar la verdad quien predica la mentira.<\/p>\n<p>Que no va a hacer justicia quien impone la injusticia.<\/p>\n<p>Y es que pensamos que esto ya no puede ser que siga siempre as\u00ed, en todas partes y en todos los niveles.<\/p>\n<p>Y esto es lo que nos ense\u00f1an los familiares de Ayotzinapa, que es mejor que nos busquemos y nos encontremos quienes padecemos esta enfermedad que se llama capitalismo.<\/p>\n<p>De su mano de los familiares de Ayotzinapa buscamos a las desaparecidas que hay en todos los mundos que somos.<\/p>\n<p>Porque las desaparecidas y asesinadas todos los d\u00edas y a todas horas y en todas partes son la verdad y la justicia.<\/p>\n<p>De su mano de los familiares de los 43 entendimos que Ayotzinapa no est\u00e1 en el estado mexicano de Guerrero, sino que est\u00e1 en todo el mundo de abajo.<\/p>\n<p>De su mano entendemos que el enemigo com\u00fan del campo y de la ciudad es el capitalismo, no s\u00f3lo en un pa\u00eds sino en todo el mundo.<\/p>\n<p>Pero esta guerra mundial capitalista encuentra en todos los rincones a gente que se rebela y resiste.<\/p>\n<p>Esta gente en rebeld\u00eda y resistencia se va organizando seg\u00fan su propio pensamiento, seg\u00fan su lugar, seg\u00fan su historia, seg\u00fan su modo.<\/p>\n<p>Y en sus luchas de rebeld\u00eda y resistencia se van conociendo entre s\u00ed y hacen sus acuerdos para lograr lo que se quiere.<\/p>\n<p>Se conocen pero no se juzgan entre s\u00ed.<\/p>\n<p>No entran en competencia a ver qui\u00e9n es mejor.  No se preguntan qui\u00e9n ha hecho m\u00e1s, qui\u00e9n va adelante, qui\u00e9n es vanguardia, qui\u00e9n manda.<\/p>\n<p>Lo que se preguntan entre s\u00ed es si hay alg\u00fan bien en lo que hace el capitalismo.<\/p>\n<p>Y como la respuesta que encuentran es que NO hay nada de un bien, sino todo lo contrario, nos hace mil formas de males, entonces es l\u00f3gico que tenemos mil formas de respuesta a ese mal.<\/p>\n<p>O sea que la pregunta pasa a ser \u00bfc\u00f3mo se hace para rebelarse contra el mal?  \u00bfC\u00f3mo se resiste para que ese mal del capitalismo no destruya?  \u00bfC\u00f3mo se hace para volver a construir lo destruido de modo que no quede igual sino que sea mejor?  \u00bfC\u00f3mo se levanta al ca\u00eddo?  \u00bfC\u00f3mo se encuentra al desaparecido? \u00bfC\u00f3mo se libera al preso?  \u00bfC\u00f3mo viven los muertos? \u00bfC\u00f3mo se construyen la democracia, la justicia, la libertad?<\/p>\n<p>No hay una respuesta sola.  No hay un manual.  No hay un dogma.  No hay un credo.<\/p>\n<p>Hay muchas respuestas, muchos modos, muchas formas.<\/p>\n<p>Y cada quien va viendo sus resultados y va aprendiendo de su propia lucha y de otras luchas.<\/p>\n<p>Mientras los de arriba se enriquecen con paga, los de abajo se enriquecen con experiencias de lucha.<\/p>\n<p>Y, hermanas y hermanos, les decimos claro lo que nosotras, nosotros los zapatistas, hemos aprendido de mirarnos y escucharnos, y de mirar y escuchar al mundo.<\/p>\n<p>No ha sido, ni es, ni ser\u00e1 por un individuo o individua que nos va a llegar el regalo de la libertad, de la verdad, de la justicia.<\/p>\n<p>Porque resulta, amigos y enemigos, que la libertad, la verdad y la justicia no son regalos, sino derechos que hay que conquistar y defender.<\/p>\n<p>Y son los colectivos los que lo logran.<\/p>\n<p>Somos ya los pueblos, mujeres, hombres y otroas del campo y la ciudad quienes tenemos que tener en la mano la libertad, la democracia y la justicia para una sociedad nueva.<\/p>\n<p>Eso es lo que nos est\u00e1n planteando los padres y madres de los compa\u00f1eros desaparecidos.<\/p>\n<p>Con mil formas vamos a tener que luchar para conquistar esa nueva sociedad. Con distintos grados de compromiso vamos a tener que participar por esa sociedad nueva.<\/p>\n<p>Todos debemos acompa\u00f1ar en la lucha a los familiares de Ayotzinapa en su b\u00fasqueda de la verdad y la justicia, simple y sencillamente porque eso es el deber de cualquiera que sea de abajo y a la izquierda,<\/p>\n<p>Y decimos acompa\u00f1ar, porque no se trata de dirigirlos, de manipularlos, de manejarlos, de usarlos, de despreciarlos.<\/p>\n<p>Se trata de luchar junto con ellos.<\/p>\n<p>Porque ning\u00fan ser humano honesto puede festejar este dolor y esta rabia, esta injusticia.<\/p>\n<p>Hermanas y hermanos familiares de los ausentes de Ayotzinapa:<\/p>\n<p>Las zapatistas, los zapatistas, los apoyamos porque su lucha es justa y es verdadera.  Porque su lucha debe ser de toda la humanidad.<\/p>\n<p>Han sido ustedes y nadie m\u00e1s quienes han puesto la palabra \u201cAyotzinapa\u201d en el vocabulario mundial.<\/p>\n<p>Ustedes, con su palabra sencilla.  Ustedes sin m\u00e1s caudillo que su coraz\u00f3n adolorido e indignado.<\/p>\n<p>Y eso que han mostrado nos ha dado mucha fuerza y \u00e1nimo a la gente sencilla de abajo y a la izquierda.<\/p>\n<p>Porque all\u00e1 afuera se dicen y se gritan que s\u00f3lo los cabezas grandes saben c\u00f3mo, que s\u00f3lo con l\u00edderes y caudillos, que s\u00f3lo con partidos pol\u00edticos, que s\u00f3lo con las elecciones.<\/p>\n<p>Y ah\u00ed est\u00e1n en su gritadera que ni se escuchan entre ellos, que ni escuchan la realidad.<\/p>\n<p>Y entonces apareci\u00f3 su dolor de ustedes, su rabia de ustedes.<\/p>\n<p>Y entonces nos ense\u00f1aron que era y es tambi\u00e9n nuestro dolor, que era y es tambi\u00e9n nuestra rabia.<\/p>\n<p>Por eso fue que les pedimos que tuvieran nuestra representaci\u00f3n en estos d\u00edas del Primer Festival Mundial de las Resistencias y las Rebeld\u00edas contra el Capitalismo.<\/p>\n<p>No s\u00f3lo deseamos que se consiga el noble objetivo de que regresen con vida quienes hoy todav\u00eda nos hacen falta.<\/p>\n<p>Tambi\u00e9n seguiremos apoyando con nuestras peque\u00f1as fuerzas.<\/p>\n<p>Como zapatistas estamos seguros de que sus ausentes, que son tambi\u00e9n nuestros, cuando se hagan de nuevo presentes no se maravillar\u00e1n tanto porque sus nombres tomaron muchas lenguas y muchas geograf\u00edas.  Tampoco porque sus rostros recorrieron el mundo.  Ni porque la lucha por su aparici\u00f3n con vida fue y es global.  Ni porque su ausencia haya derrumbado la mentira hecha gobierno y denunciado el terror hecho sistema.<\/p>\n<p>Se maravillar\u00e1n s\u00ed, pero al darse cuenta de la estatura moral de sus familiares, de ustedes, que en ning\u00fan momento dejaron caer sus nombres.  Y que, sin rendirse, sin venderse, sin claudicar, siguieron busc\u00e1ndolos hasta encontrarlos.<\/p>\n<p>Entonces, ese d\u00eda o esa noche, sus ausentes les dar\u00e1n el mismo abrazo que ahora les damos las zapatistas, los zapatistas.<\/p>\n<p>Un abrazo de cari\u00f1o, de respeto, de admiraci\u00f3n.<\/p>\n<p>Y adem\u00e1s, les damos 46 abrazos, uno por cada uno de los ausentes.<\/p>\n<p>&#8211; Abel Garc\u00eda Hern\u00e1ndez<\/p>\n<p>&#8211; Abelardo V\u00e1zquez Peniten<\/p>\n<p>&#8211; Ad\u00e1n Abraj\u00e1n de la Cruz<\/p>\n<p>&#8211; Antonio Santana Maestro<\/p>\n<p>&#8211; Benjam\u00edn Ascencio Bautista<\/p>\n<p>&#8211; Bernardo Flores Alcaraz<\/p>\n<p>&#8211; Carlos Iv\u00e1n Ram\u00edrez Villarreal<\/p>\n<p>&#8211; Carlos Lorenzo Hern\u00e1ndez Mu\u00f1oz<\/p>\n<p>&#8211; C\u00e9sar Manuel Gonz\u00e1lez Hern\u00e1ndez<\/p>\n<p>&#8211; Christian Alfonso Rodr\u00edguez Telumbre<\/p>\n<p>&#8211; Christian Tom\u00e1s Col\u00f3n Garnica<\/p>\n<p>&#8211; Cutberto Ortiz Ramos<\/p>\n<p>&#8211; Dorian Gonz\u00e1lez Parral<\/p>\n<p>&#8211; Emiliano Alen Gaspar de la Cruz.<\/p>\n<p>&#8211; Everardo Rodr\u00edguez Bello<\/p>\n<p>&#8211; Felipe Arnulfo Rosas<\/p>\n<p>&#8211; Giovanni Galindes Guerrero<\/p>\n<p>&#8211; Israel Caballero S\u00e1nchez<\/p>\n<p>&#8211; Israel Jacinto Lugardo<\/p>\n<p>&#8211; Jes\u00fas Jovany Rodr\u00edguez Tlatempa<\/p>\n<p>&#8211; Jon\u00e1s Trujillo Gonz\u00e1lez<\/p>\n<p>&#8211; Jorge \u00c1lvarez Nava<\/p>\n<p>&#8211; Jorge An\u00edbal Cruz Mendoza<\/p>\n<p>&#8211; Jorge Antonio Tizapa Legide\u00f1o<\/p>\n<p>&#8211; Jorge Luis Gonz\u00e1lez Parral<\/p>\n<p>&#8211; Jos\u00e9 \u00c1ngel Campos Cantor<\/p>\n<p>&#8211; Jos\u00e9 \u00c1ngel Navarrete Gonz\u00e1lez<\/p>\n<p>-Jos\u00e9 Eduardo Bartolo Tlatempa<\/p>\n<p>-Jos\u00e9 Luis Luna Torres<\/p>\n<p>-Jhosivani Guerrero de la Cruz<\/p>\n<p>-Julio C\u00e9sar L\u00f3pez Patolzin<\/p>\n<p>-Leonel Castro Abarca<\/p>\n<p>-Luis \u00c1ngel Abarca Carrillo<\/p>\n<p>-Luis \u00c1ngel Francisco Arzola<\/p>\n<p>-Magdaleno Rub\u00e9n Lauro Villegas<\/p>\n<p>-Marcial Pablo Baranda<\/p>\n<p>-Marco Antonio G\u00f3mez Molina<\/p>\n<p>-Mart\u00edn Getsemany S\u00e1nchez Garc\u00eda<\/p>\n<p>-Mauricio Ortega Valerio<\/p>\n<p>-Miguel \u00c1ngel Hern\u00e1ndez Mart\u00ednez<\/p>\n<p>-Miguel \u00c1ngel Mendoza Zacar\u00edas<\/p>\n<p>.-Sa\u00fal Bruno Garc\u00eda<\/p>\n<p>.- Julio C\u00e9sar Mondrag\u00f3n Fontes<\/p>\n<p>.- Daniel Sol\u00eds Gallardo<\/p>\n<p>.- Julio C\u00e9sar Ram\u00edrez Nava<\/p>\n<p>.- Alexander Mora Venancio<\/p>\n<p style=\"text-align: center;\">-*-<\/p>\n<p>Compas todas, todos, todoas:<\/p>\n<p>Est\u00e1n aqu\u00ed con nosotras y nosotros, las hermanas y hermanos de los pueblos originarios que luchan en el gran acuerdo que se llama Congreso Nacional Ind\u00edgena.<\/p>\n<p>Desde hace m\u00e1s de 500 a\u00f1os nos hemos buscado como pueblos originarios en los caminos de la rebeld\u00eda y la resistencia,<\/p>\n<p>Desde hace m\u00e1s de 500 a\u00f1os han sido el dolor y la rabia el d\u00eda y la noche en nuestro camino.<\/p>\n<p>Desde hace m\u00e1s de 500 a\u00f1os ha sido nuestro empe\u00f1o el de conquistar la libertad, la verdad y la justicia.<\/p>\n<p>Desde hace m\u00e1s de 18 a\u00f1os nos hemos encontrado como Congreso Nacional Ind\u00edgena de la mano de la finada Comandanta Ramona.<\/p>\n<p>Desde entonces hemos tratado de ser alumnos de su sabidur\u00eda, de su historia, de su empe\u00f1o.<\/p>\n<p>Desde entonces hemos ido revelando, juntos, el andar de la t\u00e9trica carroza del capitalismo sobre nuestros huesos, nuestra sangre, nuestra historia.<\/p>\n<p>Y nombramos la explotaci\u00f3n, el despojo, la represi\u00f3n y la discriminaci\u00f3n.<\/p>\n<p>Y nombramos el crimen y al criminal: el sistema capitalista.<\/p>\n<p>Pero no s\u00f3lo, tambi\u00e9n con nuestros huesos, sangre e historia nombramos la rebeld\u00eda y la resistencia de los pueblos originarios.<\/p>\n<p>Con el Congreso Nacional Ind\u00edgena levantamos el digno color de la tierra que somos.<\/p>\n<p>Con el Congreso Nacional Ind\u00edgena aprendimos que tenemos que saber respetarnos, que todos vamos a tener nuestro lugar en nuestras demandas.<\/p>\n<p>Entendemos que ahora lo m\u00e1s urgente es la verdad y la justicia para Ayotzinapa.<\/p>\n<p>Hoy lo m\u00e1s doloroso e indignante es que no est\u00e1n con nosotros los 43.<\/p>\n<p>Ma\u00f1ana no queremos que nos pase as\u00ed tambi\u00e9n, por eso difundamos all\u00e1 en nuestros pueblos, naciones, barrios y tribus.<\/p>\n<p>Llamemos a nuestros pueblos a ya no permitir que nos sigan enga\u00f1ando con miserables migajas, s\u00f3lo para mantenernos callados y que los Mandones se sigan enriqueciendo a costa nuestra.<\/p>\n<p>Juntemos nuestras rabias y organicemos y luchemos dignamente sin vendernos, sin rendirnos y sin claudicar por nuestros presos pol\u00edticos, que por luchar por las injusticias en que vivimos los tienen en la c\u00e1rcel.<\/p>\n<p>Como pueblos originarios peleamos por lo que es nuestro derecho, sabemos c\u00f3mo hacer esto, as\u00ed nos ense\u00f1aron nuestros tatarabuelos que no los pudieron acabar como originarios que somos de estos suelos.<\/p>\n<p>Por eso existimos tantas lenguas, porque supieron c\u00f3mo no dejarse acabar nuestros antepasados, ahora nos toca a nosotros lo mismo ahora.<\/p>\n<p>Todos debemos decirle NO a las transnacionales.<\/p>\n<p>Desde nuestros pueblos, naciones, barrios y tribus, todos tenemos que pensar qu\u00e9 vamos a hacer, c\u00f3mo lo vamos a hacer, tenemos que pensar c\u00f3mo tenemos que comunicarnos de lo que nos hacen los malos gobiernos.<\/p>\n<p>Quiere que nos organicemos y nos cuidemos.<\/p>\n<p>Porque nos van a querer comprar, nos van a regalar migajas, nos van a ofrecer puestecitos.<\/p>\n<p>Nos van a buscar todas las formas de dividirnos y que nos peleemos y nos matemos entre nosotros mismos.<\/p>\n<p>Nos van a querer dominar y controlarnos con otras ideas.<\/p>\n<p>Nos van a espiar y nos van a querer meter todos los tipos de miedos.<\/p>\n<p>Y nos van a poner miles de trampas con tal de que caigamos y dejemos de luchar por nuestro pueblo.<\/p>\n<p>\u00bfPero acaso vamos a permitir que sigan otros 520 a\u00f1os de tratarnos como sus basuras?<\/p>\n<p>S\u00f3lo queremos vivir en paz, sin explotaci\u00f3n del hombre por el hombre, queremos igualdad entre hombres y mujeres, respeto a lo diferente, y que decidamos juntos nuestro destino, el mundo que queremos del campo y la ciudad.<\/p>\n<p>Seguros estamos de que vamos a saber la mejor forma de vida que queremos diferente a la que nos imponen.<\/p>\n<p>Nosotros los zapatistas, las zapatistas, queremos pedirles a los pueblos originarios del Congreso Nacional Ind\u00edgena que abracen a los familiares de Ayotzinapa recibi\u00e9ndolos en sus territorios.<\/p>\n<p>Les pedimos que inviten sus pasos y sus corazones.<\/p>\n<p>Les pedimos para ellos el honor de su palabra y de su o\u00eddo.<\/p>\n<p>Grande es la sabidur\u00eda que anida en los corazones de los pueblos originarios, y se crecer\u00e1 m\u00e1s al compartir la palabra de dolor y de rabia con estas personas.<\/p>\n<p>Como guardianes y guardianas que somos de la madre tierra, bien lo sabemos que nuestro paso es largo y necesita compa\u00f1\u00eda.<\/p>\n<p>Hay tanto por caminar a\u00fan y no podemos detenernos.<\/p>\n<p>As\u00ed que seguiremos caminando.<\/p>\n<p>Como pueblos originarios la sabemos bien a la tierra, trabajemos a la madre tierra vivamos con lo que nos da, sin que explotemos.<\/p>\n<p>Cuidemos, amemos y que descansemos en paz en ella.<\/p>\n<p>Somos las guardianas y guardianes de la madre tierra.<\/p>\n<p>Con ella todo podemos, sin ella todo se muere in\u00fatilmente.<\/p>\n<p>Como pueblos originarios es nuestra hora ahora y siempre.<\/p>\n<p style=\"text-align: center;\">-*-<\/p>\n<p>Compa\u00f1eras, compa\u00f1eros y compa\u00f1eroas de la Sexta nacional e internacional:<\/p>\n<p>En estos d\u00edas, estando y no estando, se ha dado una compartici\u00f3n que no es sino uno m\u00e1s de los pasos que tenemos que dar juntos como Sexta y cada quien en su propio lugar de lucha, con sus modos, con su historia.<\/p>\n<p>Hay veces en que la historia que corre nos pone ante algo en lo que nos unimos, sin importar la geograf\u00eda que ande nuestro sue\u00f1o y sin importar el calendario de nuestra lucha.<\/p>\n<p>Ayotzinapa ha sido un punto donde nos hemos reunido.<\/p>\n<p>No basta.<\/p>\n<p>Trabajemos, organicemos y luchemos por nuestr@s compa\u00f1er@s desaparecid@s y luchemos por nuestr@s pres@s.<\/p>\n<p>Formemos un remolino de vientos en el mundo, para que nos entreguen con vida a nuestros desaparecidos.<\/p>\n<p>Hagamos uno solo de por s\u00ed.  Uno solo somos de por s\u00ed como seres humanos, pero hay unos bestias que nos desaparecen, son los capitalistas.<\/p>\n<p>Formemos una sola ola y envolvamos a esas bestias y ahogu\u00e9moslos a esos malvados que tanto da\u00f1o nos han hecho en el mundo.<\/p>\n<p>Nos import\u00e9monos, como nos est\u00e1 ense\u00f1ando los familiares de Ayotzinapa.<\/p>\n<p>Sin descansar como ellos, sin aprovechar para sacar otras tajadas por otros intereses.<\/p>\n<p>Compa\u00f1eros y compa\u00f1eras, quitemos en nuestras cabezas el mal sentido de la palabra \u201caprovechar\u201d.<\/p>\n<p>Pensemos el buen sentido de la palabra, aprovechemos nuestro bien com\u00fan.  Ya lo vivimos el mal que hacen los que se han aprovechado al explotarnos.<\/p>\n<p>Y todav\u00eda nos desaparece, nos tortura, nos encarcela.<\/p>\n<p>Libertad, justicia, democracia y paz es nuestro destino.<\/p>\n<p>Es hora ahora que nosotros los pobres del mundo empecemos ya por construir otro mundo m\u00e1s justo, donde dejemos preparadas las generaciones que no permitan que vuelva el salvaje capitalista neoliberal.<\/p>\n<p>Oigamos el grito de los 43 compa\u00f1eros j\u00f3venes estudiantes, que nos dicen \u201cb\u00fasquenos y encu\u00e9ntranos, no permitan que tapen nuestro grito los 43 que somos igual que ustedes, que nos privaron de nuestra libertad, que los estamos viendo si van a luchar por nosotros y si no luchan, quiere decir que no van a luchar por los dem\u00e1s que le va a pasar por los suyos\u201d.<\/p>\n<p>El grito de los 43 compa\u00f1eros nos est\u00e1 diciendo. \u201cayuden, acompa\u00f1en, luchen, organicen, trabajen, mu\u00e9vanse junto a nuestros familiares, que ya los est\u00e1n dejando solos porque ya se acercan las elecciones, esto es lo que nos est\u00e1 haciendo que se olviden de nosotros\u201d.<\/p>\n<p>Sumemos a nuestras luchas que tenemos, la lucha por los desaparecidos y desaparecidas.  Nombremos a los ausentes.  Se\u00f1alemos claramente el crimen.  Se\u00f1alemos al criminal.<\/p>\n<p>Los familiares de Ayotzinapa nos han alimentado nuestra fuerza de rebeld\u00eda y resistencia, nos han abierto m\u00e1s nuestros ojos y nos han hecho crecer nuestra digna rabia.<\/p>\n<p>Ellos est\u00e1n se\u00f1alando un camino y nos est\u00e1n diciendo que no les importa dar la vida si es necesario por sus desaparecidos.<\/p>\n<p>Y nos muestran tambi\u00e9n eso de que hay que organizarnos todos los que tienen desaparecidos y tambi\u00e9n los que no tienen por ahora desaparecidos, pero lo van a tener si no nos organizamos, porque ah\u00ed siguen los narcogobiernos.<\/p>\n<p>Nos muestran que hay que luchar, que no nos importe si no salimos en los medios de comunicaci\u00f3n de paga, lo que nos importa es la vida y no m\u00e1s muertes y desapariciones.<\/p>\n<p>Nos muestran que es hora de organizarnos.<\/p>\n<p>Que es hora de que decidamos nosotras, nosotros mismos, nuestro destino.<\/p>\n<p>As\u00ed de simple y complicado.<\/p>\n<p>Porque eso quiere organizaci\u00f3n, trabajo, lucha, rebeld\u00eda y resistencia.<\/p>\n<p>S\u00f3lo con movimiento y organizaci\u00f3n los de abajo podremos defendernos y liberarnos.<\/p>\n<p style=\"text-align: center;\">-*-<\/p>\n<p>Compa\u00f1eras y compa\u00f1eros del Ej\u00e9rcito Zapatista de Liberaci\u00f3n Nacional:<\/p>\n<p>Ha sido un a\u00f1o dif\u00edcil.<\/p>\n<p>Sigue la guerra contra nuestro \u00e1nimo de paz.<\/p>\n<p>Sigue el Mand\u00f3n queriendo matar nuestra libertad.<\/p>\n<p>Sigue la mentira queriendo esconder nuestro empe\u00f1o.<\/p>\n<p>Siguen nuestra sangre y nuestra muerte abonando nuestras monta\u00f1as.<\/p>\n<p>Como desde hace ya un tiempo, el dolor y la muerte que antes eran s\u00f3lo para nosotros siguen extendi\u00e9ndose a otras partes y alcanzando a otras, otros, otroas en el campo y la ciudad.<\/p>\n<p>La oscuridad se hace m\u00e1s larga y pesada en el mundo que nos toca a cada quien.<\/p>\n<p>De por s\u00ed lo sab\u00edamos.<\/p>\n<p>De por s\u00ed lo sabemos.<\/p>\n<p>Para esto nos preparamos a\u00f1os, d\u00e9cadas, siglos.<\/p>\n<p>No mira s\u00f3lo cerca nuestra mirada.<\/p>\n<p>No s\u00f3lo el hoy mira, ni s\u00f3lo nuestro suelo.<\/p>\n<p>Lejos en el calendario y la geograf\u00eda miramos y as\u00ed nos pensamos.<\/p>\n<p>Cada vez con m\u00e1s nos unen el dolor, pero tambi\u00e9n la rabia.<\/p>\n<p>Porque ahora y desde hace ya un tiempo, vemos que en muchos rincones se encienden luces.<\/p>\n<p>Luces de rebeld\u00eda y resistencia.<\/p>\n<p>A veces peque\u00f1as como la nuestra.<\/p>\n<p>A veces grandes.<\/p>\n<p>A veces tardan.<\/p>\n<p>A veces son s\u00f3lo un chispazo que r\u00e1pido se apaga.<\/p>\n<p>A veces siguen y siguen, sin apagarse en la memoria.<\/p>\n<p>Y en todas esas luces se adivina que el ma\u00f1ana que siga ser\u00e1 muy otro.<\/p>\n<p>De por s\u00ed lo sab\u00edamos hace 21 a\u00f1os, hace 31 a\u00f1os, hace 100 a\u00f1os, hace 500 a\u00f1os.<\/p>\n<p>De por s\u00ed lo sabemos que tenemos que luchar todos los d\u00edas, a todas horas, en todos los lugares.<\/p>\n<p>De por s\u00ed sabemos que no nos rendiremos, que no nos venderemos y que no claudicaremos.<\/p>\n<p>De por s\u00ed sabemos que falta lo que falta.<\/p>\n<p style=\"text-align: center;\">-*-<\/p>\n<p>Compas todas, todos, todoas:<\/p>\n<p>En los pr\u00f3ximos d\u00edas, semanas, meses, saldr\u00e1 m\u00e1s de nuestra palabra, de nuestro pensamiento de c\u00f3mo vemos el mundo peque\u00f1o y el mundo grande.<\/p>\n<p>Ser\u00e1n palabras y pensamientos dif\u00edciles porque son sencillos.<\/p>\n<p>Porque lo vemos claro que el mundo ya no es el de hace 100 a\u00f1os, vaya ni siquiera es el mismo de hace 20 a\u00f1os.<\/p>\n<p>Como zapatistas que somos, aunque peque\u00f1as y peque\u00f1os, lo pensamos el mundo.<\/p>\n<p>Lo estudiamos en sus calendarios y geograf\u00edas.<\/p>\n<p>El pensamiento cr\u00edtico es necesario para la lucha.<\/p>\n<p>Teor\u00eda le dicen al pensamiento cr\u00edtico.<\/p>\n<p>No el pensamiento harag\u00e1n, que se conforma con lo que hay.<\/p>\n<p>No el pensamiento dogm\u00e1tico, que se hace Mand\u00f3n e impone.<\/p>\n<p>No el pensamiento tramposo, que argumenta mentiras.<\/p>\n<p>S\u00ed el pensamiento que pregunta, que cuestiona, que duda.<\/p>\n<p>Ni en las condiciones m\u00e1s dif\u00edciles se deben abandonar el estudio y el an\u00e1lisis de la realidad.<\/p>\n<p>El estudio y el an\u00e1lisis son tambi\u00e9n armas para la lucha.<\/p>\n<p>Pero ni sola la pr\u00e1ctica, ni sola la teor\u00eda.<\/p>\n<p>El pensamiento que no lucha, nada hace m\u00e1s que ruido.<\/p>\n<p>La lucha que no piensa, se repite en los errores y no se levanta despu\u00e9s de caer.<\/p>\n<p>Y lucha y pensamiento se juntan en las guerreras y guerreros, en la rebeld\u00eda y resistencia que hoy sacude al mundo aunque sea silencio su sonido.<\/p>\n<p>Pensamos y luchamos las zapatistas, los zapatistas.<\/p>\n<p>Luchamos y pensamos en el coraz\u00f3n colectivo que somos.<\/p>\n<p style=\"text-align: center;\">-*-<\/p>\n<p>Compa\u00f1eras, compa\u00f1eros, compa\u00f1eroas:<\/p>\n<p>No hay un s\u00f3lo camino.<\/p>\n<p>No hay un paso \u00fanico.<\/p>\n<p>No tiene el mismo modo quien camina y lucha.<\/p>\n<p>No es uno el caminante.<\/p>\n<p>Son diversos los tiempos y los lugares y muchos los colores que brillan abajo y a la izquierda en la tierra que duele.<\/p>\n<p>Pero el destino es el mismo: la libertad.  La Libertad.  LA LIBERTAD.<\/p>\n<p style=\"text-align: center;\">-*-<\/p>\n<p>Compa\u00f1eros, compa\u00f1eras, compa\u00f1eroas:<\/p>\n<p>Hermanas y hermanos:<\/p>\n<p>21 a\u00f1os despu\u00e9s del inicio de nuestra guerra contra el olvido, \u00e9sta es nuestra palabra:<\/p>\n<p style=\"text-align: center;\">\u00a1VERDAD Y JUSTICIA PARA AYOTZINAPA!<br \/>\n\u00a1VERDAD Y JUSTICIA PARA M\u00c9XICO Y EL MUNDO!<br \/>\n\u00a1QUE MUERA LA MUERTE QUE EL CAPITALISMO IMPONE!<br \/>\n\u00a1QUE VIVA LA VIDA QUE LA RESISTENCIA CREA!<br \/>\n\u00a1POR LA HUMANIDAD Y CONTRA EL CAPITALISMO!<br \/>\n\u00a1REBELD\u00cdA Y RESISTENCIA!<\/p>\n<p style=\"text-align: center;\">Desde las monta\u00f1as del Sureste Mexicano.<\/p>\n<p style=\"text-align: center;\">Por el Comit\u00e9 Clandestino Revolucionario Ind\u00edgena-Comandancia General del Ej\u00e9rcito Zapatista de Liberaci\u00f3n Nacional.<\/p>\n<p style=\"text-align: center;\">Subcomandante Insurgente Mois\u00e9s.<\/p>\n<p style=\"text-align: center;\">M\u00e9xico, Enero del 2015.<\/p>\n<p><strong> <\/strong><\/p>","protected":false},"excerpt":{"rendered":"<p>Escucha el audio aqu\u00ed: [podcast]https:\/\/radiozapatista.org\/Audios\/FestivalRyR_oventic4.MP3[\/podcast] EJ\u00c9RCITO ZAPATISTA DE LIBERACI\u00d3N NACIONAL. M\u00c9XICO. 31 de Diciembre del 2014 y 1 de Enero del 2015. Compa\u00f1eras y compa\u00f1eros familiares de los estudiantes de Ayotzinapa asesinados y desaparecidos por el mal gobierno de este sistema capitalista: Compa\u00f1eras y compa\u00f1eros del Congreso Nacional Ind\u00edgena: Compa\u00f1eras, compa\u00f1eros y compa\u00f1eroas de la [&hellip;]<\/p>\n","protected":false},"author":1,"featured_media":0,"comment_status":"open","ping_status":"closed","sticky":false,"template":"","format":"standard","meta":{"footnotes":""},"categories":[1,6,955,118],"tags":[929,644,56,926,848],"class_list":["post-11613","post","type-post","status-publish","format-standard","hentry","category-audio","category-chiapas","category-ezln-temas","category-ezln","tag-ayotzinapa","tag-comunicados-ezln","tag-encuentros","tag-ezln","tag-festival-de-las-resistencias"],"_links":{"self":[{"href":"https:\/\/radiozapatista.org\/index.php?rest_route=\/wp\/v2\/posts\/11613","targetHints":{"allow":["GET"]}}],"collection":[{"href":"https:\/\/radiozapatista.org\/index.php?rest_route=\/wp\/v2\/posts"}],"about":[{"href":"https:\/\/radiozapatista.org\/index.php?rest_route=\/wp\/v2\/types\/post"}],"author":[{"embeddable":true,"href":"https:\/\/radiozapatista.org\/index.php?rest_route=\/wp\/v2\/users\/1"}],"replies":[{"embeddable":true,"href":"https:\/\/radiozapatista.org\/index.php?rest_route=%2Fwp%2Fv2%2Fcomments&post=11613"}],"version-history":[{"count":0,"href":"https:\/\/radiozapatista.org\/index.php?rest_route=\/wp\/v2\/posts\/11613\/revisions"}],"wp:attachment":[{"href":"https:\/\/radiozapatista.org\/index.php?rest_route=%2Fwp%2Fv2%2Fmedia&parent=11613"}],"wp:term":[{"taxonomy":"category","embeddable":true,"href":"https:\/\/radiozapatista.org\/index.php?rest_route=%2Fwp%2Fv2%2Fcategories&post=11613"},{"taxonomy":"post_tag","embeddable":true,"href":"https:\/\/radiozapatista.org\/index.php?rest_route=%2Fwp%2Fv2%2Ftags&post=11613"}],"curies":[{"name":"wp","href":"https:\/\/api.w.org\/{rel}","templated":true}]}}