{"id":11394,"date":"2014-12-20T21:13:55","date_gmt":"2014-12-21T03:13:55","guid":{"rendered":"https:\/\/radiozapatista.org\/?p=11394"},"modified":"2015-11-29T20:48:15","modified_gmt":"2015-11-30T02:48:15","slug":"esas-piedras-que-provoquen-esas-chispas","status":"publish","type":"post","link":"https:\/\/radiozapatista.org\/?p=11394","title":{"rendered":"<!--:es-->Esas piedras que provoquen esas chispas<!--:--><!--:en-->Esas piedras que provoquen esas chispas<!--:-->"},"content":{"rendered":"<p><!--:es--><\/p>\n<div>\n<p style=\"text-align: center;\"><a href=\"https:\/\/radiozapatista.org\/wp-content\/uploads\/2014\/12\/DSC03924sm.jpg\"><img loading=\"lazy\" decoding=\"async\" class=\"size-medium wp-image-11395  aligncenter\" title=\"DSC03924sm\" src=\"https:\/\/radiozapatista.org\/wp-content\/uploads\/2014\/12\/DSC03924sm-300x199.jpg\" alt=\"\" width=\"300\" height=\"199\" srcset=\"https:\/\/radiozapatista.org\/wp-content\/uploads\/2014\/12\/DSC03924sm-300x199.jpg 300w, https:\/\/radiozapatista.org\/wp-content\/uploads\/2014\/12\/DSC03924sm.jpg 983w\" sizes=\"auto, (max-width: 300px) 100vw, 300px\" \/><\/a><\/p>\n<p>A mediados del 2011, en el Lagartijero de la Escuela Nacional de  Antropolog\u00eda e Historia de la Ciudad de M\u00e9xico, durante la presentaci\u00f3n  del libro \u201cLa rabia, el amor y la lucha contra el silencio\u201d de Lalo  Cisneros (1984-2008), el padre de Alexis Benhumea adelant\u00f3 justo cuando  nos inundaba la indignaci\u00f3n y el dolor que en M\u00e9xico seguir\u00eda habiendo  j\u00f3venes asesinados. \u201cEso se los puedo asegurar\u201d, lanz\u00f3 el balde de agua  helada. Se refer\u00eda a j\u00f3venes brillantes, chispeantes y chingones como su  hijo, asesinado al acudir al llamado para acompa\u00f1ar a los ejidatarios  de Atenco en 2006, y como Lalo, abatido por polic\u00edas de Chalco, Estado  de M\u00e9xico. Como Lalo y Alexis, otrxs tantxs j\u00f3venes, adultos e incluso  ni\u00f1xs han ca\u00eddo estos a\u00f1os durante la brutal y desenfrenada guerra por  el control de divisas (drogas, capital, mercanc\u00eda humana) desatada por  las elites empresariales nacionales, esas elites que a su vez dependen y  trabajan para grupos y mafias transnacionales a\u00fan m\u00e1s violentas,  racistas y genocidas.<\/p>\n<p><!--:--><!--:en--><\/p>\n<p><p><!--:--><!--more--><!--:es-->En ese escenario de capitalismo en su m\u00e1xima expresi\u00f3n \u2013algunos leen  en \u00e9l su crisis terminal- , la desaparici\u00f3n de los normalistas de  Ayotzinapa en Iguala, Guerrero confirm\u00f3 que el Estado -con sus agentes  federales, sus soldados y sus instituciones- es el asesino. La noche del  26 de septiembre en Iguala, Guerrero remat\u00f3 lo que investigaciones como  \u201cLos se\u00f1ores del narco\u201d, los Comunicados Zapatistas y otras masacres en  estados como Chihuahua, Coahuila, Chiapas y el Estado de M\u00e9xico  anunciaban desde hace varios a\u00f1os. Por ello, ante tal guerra de  exterminio frontal y desmesurada, desde hace d\u00e9cadas el M\u00e9xico de abajo  viene aprendiendo, a golpes y a costa de sangre, que no puede haber  futuro \u2013ni presente- en una sociedad organizada, orquestada,  estructurada o jerarquizada bajo la l\u00f3gica y la tutela del Estado. A  diferencia de otras historias y otros contextos latinoamericanos, en  M\u00e9xico sobrevivir y transformar la vida cotidiana no pasa por la toma  del poder para administrar desde all\u00ed la barbarie, sino en desmantelar  el Estado para al menos frenar la barbarie.<\/p>\n<p>Quienes han convertido sus fuerzas y su rabia en organizaci\u00f3n para  exigirle cambios al Estado han terminado en el mejor de los casos  enga\u00f1ados o traicionados. Sucedi\u00f3 en el 96 con los Acuerdos de San  Andr\u00e9s o en el 2011 en el Castillo de Chapultepec con el Movimiento por  la Paz con Justicia y Dignidad, ese tenaz grito colectivo que exig\u00eda  parar la vor\u00e1gine de sangre mexicana. Entonces, ante la traici\u00f3n de San  Andr\u00e9s, lxs zapatistas entendieron que hab\u00eda momentos para pedir, otros  para exigir y otros \u2013el de ellxs, el de M\u00e9xico- para hacer; y, a  diferencia de los besos conspirativos, la escucha y la entrega de  rosarios del 2011 en el Castillo de Chapultepec -narrativa que  privilegi\u00f3 futuras estrategias de atenci\u00f3n a las v\u00edctimas pero que  desmoron\u00f3 l\u00edneas de acci\u00f3n y dolor social organizado-, en el 2014 los  padres de los normalistas de Ayotzinapa no aceptaron como interlocutores  a los senadores en turno. \u201cNo nos escucharon pero es nuestro deber  responder\u201d, se qued\u00f3 hablando solo el \u201cl\u00edder\u201d del senado, vociferando  palabras que no encontraron m\u00e1s quien creyera en ellas ni quien las  esperara ni quien les diera valor.<\/p>\n<p>\u00bfSer\u00e1 que, ante los soldados de Tlatlaya, de Chalco, de Guerrero y  del ahora INE, ante los ej\u00e9rcitos de la Democracia, el Leviathan y el  Estado, nuestra generaci\u00f3n \u2013la de Lalo, Alexis, Anayeli, Edith,  Alexander, Ayotzinapa, la de tod\u00edsimxs todxs nuestrxs muertxs y nuestrxs  vivxs, la de la Sexta, la de lxs so\u00f1adorxs invencibles, la de lxs de  Abajo- es la generaci\u00f3n que dar\u00e1 la vuelta a la trampa del Estado, la  que no tolerar\u00e1 m\u00e1s los argumentos de que el asunto es sanear sus  instituciones, vigilarlo, democratizarlo o dem\u00e1s excusas no ya s\u00f3lo de  clase sino inevitablemente homicidas? \u00bfY si lo que le toc\u00f3 a nuestra  generaci\u00f3n es mera esa chamb\u00edsima urgente e impostergable de defender  formas nuevas y no tan nuevas de estar juntxs sin el Estado? Cuando en  el z\u00f3calo de la ciudad de M\u00e9xico, en una de las primeras marchas para  hallar a los compas de Ayotzinapa, alg\u00fan colectivo traz\u00f3 con claridad y  firmeza la tremenda y sint\u00e9tica frase \u201cFue el Estado\u201d, \u00bfacaso no estaba  trazando la declaraci\u00f3n de guerra, de batalla, de lucha, la luz que gu\u00eda  el camino de toda una nueva generaci\u00f3n? \u00bfSer\u00e1 que de pronto M\u00e9xico  descubri\u00f3 que ten\u00eda d\u00e9cadas metido en un nuevo proceso revolucionario y  fue por ello que, casi por su propia cuenta, nuestra \u00e1guila comenz\u00f3 a  emerger en las calles acompa\u00f1ada por el negro en lugar del verde y el  rojo que surgieron tras la primera revoluci\u00f3n mexicana?<\/p>\n<p>Esa otra segunda revoluci\u00f3n lenta y dolorosa, atacada y vilipendiada,  es sin duda la de aquellos esfuerzos organizativos que viven y ejercen  la Autonom\u00eda como sin\u00f3nimo de madurez pol\u00edtica. La de los grupos,  comunidades, espacios y proyectos que se organizan no para mirar hacia  arriba sino hacia los lados, como menciona Ignacio del Valle \u2013\u201cMiren a  qui\u00e9n tienen a un lado. La respuesta est\u00e1 all\u00ed\u201d- en sus comparticiones  p\u00fablicas. En realidad lo que sigue ya est\u00e1. En realidad esos otros  mundos posibles ya existen. Que \u00e9stos sean chicos, peque\u00f1os, medianos o  grandes depende (est\u00e1 dependiendo, como en el poema de la regiomontana  Ofelia P\u00e9rez para con la vida) de los deseos, las ausencias y las  estaturas de cada uno de los espacios que los impulsan, construyen y  defienden. Y estos espacios coinciden en decidir ellos mismos cuales son  sus monstruos a enfrentar, cu\u00e1les sus batallas, cu\u00e1les sus l\u00edmites. En  M\u00e9xico la Autonom\u00eda es un paso, una decisi\u00f3n y una acci\u00f3n revolucionaria  dur\u00edsima pero impostergable. Y es tambi\u00e9n, sobre todo, una lucha  constante. En M\u00e9xico lxs compas congruentes, dignos y rabiosamente  so\u00f1adorxs tienen claro que el estado ha muerto. Y de pronto saben que,  a\u00fan antes que ser la chispa que encienda un nuevo fuego, les toca ser  apenas las piedras que provoquen esa chispa. Saben pues que el estado es  el asesino y por tanto preguntan qu\u00e9 habr\u00e1 en su lugar. Mejor a\u00fan,  preguntan y responden qu\u00e9 otras cosas, proyectos u experimentos habr\u00e1 en  su lugar. A\u00fan a costa de golpes y sangre, si habr\u00e1 otras cosas o  proyectos en lugar del estado, las respuestas son y ser\u00e1n nuestras.<\/p>\n<\/div>\n<p><!--:--><!--:en--><\/p>\n<\/p>\n<p><!--:--><\/p>\n","protected":false},"excerpt":{"rendered":"<p>A mediados del 2011, en el Lagartijero de la Escuela Nacional de Antropolog\u00eda e Historia de la Ciudad de M\u00e9xico, durante la presentaci\u00f3n del libro \u201cLa rabia, el amor y la lucha contra el silencio\u201d de Lalo Cisneros (1984-2008), el padre de Alexis Benhumea adelant\u00f3 justo cuando nos inundaba la indignaci\u00f3n y el dolor que [&hellip;]<\/p>\n","protected":false},"author":1,"featured_media":0,"comment_status":"open","ping_status":"closed","sticky":false,"template":"","format":"standard","meta":{"footnotes":""},"categories":[957,954,190],"tags":[79,929,926,848,10],"class_list":["post-11394","post","type-post","status-publish","format-standard","hentry","category-autonomia","category-mexico","category-radiozapatista","tag-autonomia","tag-ayotzinapa","tag-ezln","tag-festival-de-las-resistencias","tag-zapatismo"],"_links":{"self":[{"href":"https:\/\/radiozapatista.org\/index.php?rest_route=\/wp\/v2\/posts\/11394","targetHints":{"allow":["GET"]}}],"collection":[{"href":"https:\/\/radiozapatista.org\/index.php?rest_route=\/wp\/v2\/posts"}],"about":[{"href":"https:\/\/radiozapatista.org\/index.php?rest_route=\/wp\/v2\/types\/post"}],"author":[{"embeddable":true,"href":"https:\/\/radiozapatista.org\/index.php?rest_route=\/wp\/v2\/users\/1"}],"replies":[{"embeddable":true,"href":"https:\/\/radiozapatista.org\/index.php?rest_route=%2Fwp%2Fv2%2Fcomments&post=11394"}],"version-history":[{"count":0,"href":"https:\/\/radiozapatista.org\/index.php?rest_route=\/wp\/v2\/posts\/11394\/revisions"}],"wp:attachment":[{"href":"https:\/\/radiozapatista.org\/index.php?rest_route=%2Fwp%2Fv2%2Fmedia&parent=11394"}],"wp:term":[{"taxonomy":"category","embeddable":true,"href":"https:\/\/radiozapatista.org\/index.php?rest_route=%2Fwp%2Fv2%2Fcategories&post=11394"},{"taxonomy":"post_tag","embeddable":true,"href":"https:\/\/radiozapatista.org\/index.php?rest_route=%2Fwp%2Fv2%2Ftags&post=11394"}],"curies":[{"name":"wp","href":"https:\/\/api.w.org\/{rel}","templated":true}]}}