{"id":11293,"date":"2014-12-01T12:51:04","date_gmt":"2014-12-01T18:51:04","guid":{"rendered":"https:\/\/radiozapatista.org\/?p=11293"},"modified":"2015-11-26T12:58:53","modified_gmt":"2015-11-26T18:58:53","slug":"dialogo-online-entre-ayotzinapa-y-universidades-y-organizaciones-comunitarias-en-eu-y-mexico-dic-2","status":"publish","type":"post","link":"https:\/\/radiozapatista.org\/?p=11293","title":{"rendered":"Di\u00e1logo online entre Ayotzinapa y universidades y organizaciones comunitarias en EU y M\u00e9xico &#8211; Dic. 2"},"content":{"rendered":"<p><\/p>\n<h3 style=\"text-align: center;\">Mexico Speaks: Ayotzinapa students and parents of the 43<br \/>\n2 de diciembre de 2014 &#8211; 19:30 a 22:30 (hora de M\u00e9xico)<\/h3>\n<p style=\"text-align: center;\"><strong>ASISTE EN VIVO<br \/>\nEspa\u00f1ol: <a href=\"http:\/\/www.ustream.tv\/channel\/yo5oymexico\">http:\/\/www.ustream.tv\/channel\/yo5oymexico<\/a><br \/>\nEnglish: <a href=\"http:\/\/www.ustream.tv\/channel\/c5m-usa\">http:\/\/www.ustream.tv\/channel\/c5m-usa<\/a><\/strong><\/p>\n<p style=\"text-align: center;\"><strong><a href=\"https:\/\/radiozapatista.org\/wp-content\/uploads\/2014\/12\/ustired2.jpg\"><img loading=\"lazy\" decoding=\"async\" class=\"aligncenter size-medium wp-image-11294\" title=\"ustired2\" src=\"https:\/\/radiozapatista.org\/wp-content\/uploads\/2014\/12\/ustired2-219x300.jpg\" alt=\"\" width=\"219\" height=\"300\" srcset=\"https:\/\/radiozapatista.org\/wp-content\/uploads\/2014\/12\/ustired2-219x300.jpg 219w, https:\/\/radiozapatista.org\/wp-content\/uploads\/2014\/12\/ustired2-750x1024.jpg 750w, https:\/\/radiozapatista.org\/wp-content\/uploads\/2014\/12\/ustired2.jpg 1099w\" sizes=\"auto, (max-width: 219px) 100vw, 219px\" \/><\/a><br \/>\n<\/strong><\/p>\n<p>Los estudiantes de Ayotzinapa y los padres de los 43 dan su palabra en un di\u00e1logo internacional con organizaciones universitarias y comunitarias en M\u00e9xico y EEUU.<\/p>\n<h4>AGENDA:<\/h4>\n<p>1) 6:30 pm &#8211; 7:30pm. Talleres de arte con artistas comunitarios (buscando artistas)<\/p>\n<p><strong>Inicio de llamada internacional<\/strong>:<\/p>\n<p>2) 7:30 p.m. &#8211; 7:40 p.m. Introducci\u00f3n por <a href=\"https:\/\/www.facebook.com\/chidopapa\" target=\"_blank\">Juan Carlos Ruiz<\/a><\/p>\n<p>3) 7:40 p.m. &#8211; 7:50 p.m. Introducci\u00f3n del contexto de Ayotzinapa, la  violencia del estado en M\u00e9xico y el Plan M\u00e9xico (10 min)<\/p>\n<p>4) 7:50 &#8211; 8 pm. Introducci\u00f3n al contexto de Ferguson, la militarizaci\u00f3n y violencia de la polic\u00eda en EEUU (10 min)<\/p>\n<p>5) 8 pm &#8211; 8:30 pm se abren los micr\u00f3fonos a madres y padres de Ayotzinapa y Ferguson.<\/p>\n<p>6) 8:30 pm &#8211; 9:30 pm se abren los micr\u00f3fonos a los estudiantes y todxs  quienes est\u00e1n organizando las acciones del 3 y del futuro a conversar.<\/p>\n<p>Tuiteen sus preguntas! | Tweet your questions!<\/p>\n<p>Tuiteen sus comentarios! | Tweet your comments!<\/p>\n<p>Espa\u00f1ol: <a href=\"http:\/\/www.ustream.tv\/channel\/yo5oymexico\" target=\"_blank\">http:\/\/www.ustream.tv\/channel\/yo5oymexico<\/a><br \/>\nEnglish: <a href=\"http:\/\/www.ustream.tv\/channel\/c5m-usa\" target=\"_blank\">http:\/\/www.ustream.tv\/channel\/c5m-usa<\/a><\/p>\n<p>Brought to you by the YA NOS CANSAMOS SOLIDARITY NETWORK<br \/>\nCover art by Jess X. Chen <a href=\"http:\/\/www.jessxchen.com\" target=\"_blank\">www.jessxchen.com<\/a> #justseeds  #illustration  #MX43<\/p>","protected":false},"excerpt":{"rendered":"<p>Mexico Speaks: Ayotzinapa students and parents of the 43 2 de diciembre de 2014 &#8211; 19:30 a 22:30 (hora de M\u00e9xico) ASISTE EN VIVO Espa\u00f1ol: http:\/\/www.ustream.tv\/channel\/yo5oymexico English: http:\/\/www.ustream.tv\/channel\/c5m-usa Los estudiantes de Ayotzinapa y los padres de los 43 dan su palabra en un di\u00e1logo internacional con organizaciones universitarias y comunitarias en M\u00e9xico y EEUU. AGENDA: [&hellip;]<\/p>\n","protected":false},"author":1,"featured_media":0,"comment_status":"open","ping_status":"closed","sticky":false,"template":"","format":"standard","meta":{"footnotes":""},"categories":[826,954,953],"tags":[929,682,145,136,27],"class_list":["post-11293","post","type-post","status-publish","format-standard","hentry","category-medios-libres-2","category-mexico","category-mundo","tag-ayotzinapa","tag-desaparicion-forzada","tag-iniciativa-merida","tag-plan-mexico","tag-solidaridad"],"_links":{"self":[{"href":"https:\/\/radiozapatista.org\/index.php?rest_route=\/wp\/v2\/posts\/11293","targetHints":{"allow":["GET"]}}],"collection":[{"href":"https:\/\/radiozapatista.org\/index.php?rest_route=\/wp\/v2\/posts"}],"about":[{"href":"https:\/\/radiozapatista.org\/index.php?rest_route=\/wp\/v2\/types\/post"}],"author":[{"embeddable":true,"href":"https:\/\/radiozapatista.org\/index.php?rest_route=\/wp\/v2\/users\/1"}],"replies":[{"embeddable":true,"href":"https:\/\/radiozapatista.org\/index.php?rest_route=%2Fwp%2Fv2%2Fcomments&post=11293"}],"version-history":[{"count":0,"href":"https:\/\/radiozapatista.org\/index.php?rest_route=\/wp\/v2\/posts\/11293\/revisions"}],"wp:attachment":[{"href":"https:\/\/radiozapatista.org\/index.php?rest_route=%2Fwp%2Fv2%2Fmedia&parent=11293"}],"wp:term":[{"taxonomy":"category","embeddable":true,"href":"https:\/\/radiozapatista.org\/index.php?rest_route=%2Fwp%2Fv2%2Fcategories&post=11293"},{"taxonomy":"post_tag","embeddable":true,"href":"https:\/\/radiozapatista.org\/index.php?rest_route=%2Fwp%2Fv2%2Ftags&post=11293"}],"curies":[{"name":"wp","href":"https:\/\/api.w.org\/{rel}","templated":true}]}}