{"id":11196,"date":"2014-11-22T15:59:59","date_gmt":"2014-11-22T21:59:59","guid":{"rendered":"https:\/\/radiozapatista.org\/?p=11196"},"modified":"2015-11-29T21:12:19","modified_gmt":"2015-11-30T03:12:19","slug":"fragmentos-de-una-jornada-de-solidaridad-y-protesta","status":"publish","type":"post","link":"https:\/\/radiozapatista.org\/?p=11196","title":{"rendered":"Fragmentos de una jornada de solidaridad y protesta"},"content":{"rendered":"<p><em>Por: <a href=\"http:\/\/subversiones.org\/archivos\/109271\" target=\"_blank\">Agencia SubVersiones<\/a><br \/>\nTexto de Elis Monroy, Romeo LopCam y Jer\u00f3nimo D\u00edaz<br \/>\nFotograf\u00edas de Gustavo Ruiz, Lucero Mendiz\u00e1bal, Juan Manuel Garc\u00eda, Yollotl G\u00f3mez Alvarado, Kino Luiggi, Heriberto Paredes, Amaranta Marentes y Elis Monroy<\/em><\/p>\n<p>Como parte de la <strong>#Acci\u00f3nGlobalPorAyotzinapa<\/strong> convocada por los familiares y compa\u00f1eros de los\u00a0estudiantes desaparecidos de la <a title=\"Masacre de estudiantes en Iguala: las manos de Aguirre est\u00e1n te\u00f1idas de sangre\" href=\"http:\/\/subversiones.org\/archivos\/92365\" target=\"_blank\">Normal de Ayotzinapa<\/a>, este 20 de noviembre se realizaron manifestaciones solidarias tanto en M\u00e9xico, como en muchas ciudades del mundo.<\/p>\n<p style=\"text-align: center;\"><img loading=\"lazy\" decoding=\"async\" class=\"aligncenter size-medium wp-image-11229\" src=\"https:\/\/radiozapatista.org\/wp-content\/uploads\/2014\/11\/Marcha-20nov-02-300x200.jpg\" alt=\"Hasta encontrarlos\" width=\"300\" height=\"200\" srcset=\"https:\/\/radiozapatista.org\/wp-content\/uploads\/2014\/11\/Marcha-20nov-02-300x200.jpg 300w, https:\/\/radiozapatista.org\/wp-content\/uploads\/2014\/11\/Marcha-20nov-02.jpg 747w\" sizes=\"auto, (max-width: 300px) 100vw, 300px\" \/><\/p>\n<p>&nbsp;<\/p>\n<h3>R\u00edos de gente con un destino com\u00fan<\/h3>\n<p>En la Ciudad de M\u00e9xico, tuvieron lugar tres marchas con destino al Z\u00f3calo capitalino. Adem\u00e1s, durante todo el d\u00eda, hubo distintas manifestaciones, entre ellas,\u00a0la que se llev\u00f3 a cabo afuera de Televisa Chapultepec\u00a0por parte de estudiantes de la Universidad del Claustro de Sor Juana, la Universidad Aut\u00f3noma de la Ciudad de M\u00e9xico (UACM) y la Preparatoria n\u00famero 7 de la Universidad Nacional Aut\u00f3noma de M\u00e9xico (UNAM); otra que tuvo lugar en la puerta principal de la Secretar\u00eda de Educaci\u00f3n P\u00fablica (SEP), donde estudiantes del Instituto Polit\u00e9cnico Nacional (IPN) levantaron un muro con tabiques y concreto; y una m\u00e1s en las cercan\u00edas del Aeropuerto Internacional de la Ciudad de M\u00e9xico, en la que cientos de estudiantes de diversas escuelas, intentaron bloquear el acceso al mismo, cosa que lograron parcialmente con la ayuda involuntaria del gran despliegue policiaco que en teor\u00eda deb\u00eda evitarlo. En \u00e9sta \u00faltima movilizaci\u00f3n, tuvieron lugar los primeros enfrentamientos y las primeras detenciones de la jornada.<\/p>\n<h4><!--more--><\/h4>\n<p id=\"magicdomid15\">Las im\u00e1genes de camiones del ej\u00e9rcito cargados de soldados vestidos de civil que estuvieron circulando en las redes sociales \u2014tal vez como una estrategia de intimidaci\u00f3n deliberada por parte del gobierno\u2014\u00a0no fueron suficientes para amedrentar al pueblo. Cientos\u00a0de contingentes se hicieron presentes para recordar que en M\u00e9xico, no s\u00f3lo faltan 43 sino muchos y muchas m\u00e1s.<\/p>\n<p>La primera marcha, convocada a las cinco de la tarde, parti\u00f3 del \u00c1ngel de la Independencia, encabezada por la <a href=\"http:\/\/subversiones.org\/archivos\/109064\" target=\"_blank\">caravana\u00abJulio C\u00e9sar Mondrag\u00f3n Fontes\u00bb<\/a> \u2014que recorri\u00f3 el norte del pa\u00eds\u2014 \u00a0y estaba integrada por m\u00faltiples contingentes de la \u00absociedad civil\u00bb. Al frente marcharon las y los familiares de los normalistas desaparecidos, seguidos por los estudiantes de la Normal Rural de Ayotzinapa. Poco despu\u00e9s se encontraban maestros de la misma normal, quienes iban con el rostro cubierto debido al clima de persecuci\u00f3n que se vive actualmente en el estado de Guerrero.<\/p>\n<div>Durante aproximadamente tres horas, la gente sigui\u00f3 saliendo del \u00c1ngel de la Independencia. La diversidad de contingentes fue enorme, entre ellos la comunidad budista, el contingente carreola, la comunidad LGBT, danzantes de capoeira, danzantes aztecas, la comunidad cristiana, maestras de yoga, ind\u00edgenas de diferentes estados, hare krishnas, artistas, ciclistas, personas a caballo, varios grupos ambientando con su m\u00fasica y miles de personas que no se quedaron en casa a ver como se escrib\u00eda la historia. Dentro de estas, se encontraba el contingente feminista, integrado por mujeres y hombres que recordaron que los feminicidios \u2014que se han multiplicado a lo largo de los \u00faltimos a\u00f1os\u2014 muchas veces quedan olvidados, incluso dentro de lo propios movimientos sociales.<\/div>\n<p><iframe loading=\"lazy\" src=\"\/\/www.youtube.com\/embed\/qXoPXcdofck\" width=\"480\" height=\"270\" frameborder=\"0\" allowfullscreen=\"allowfullscreen\"><\/iframe><\/p>\n<p id=\"magicdomid24\">\u00abNosotras queremos decir que los feminicidios no son 43, no son 100, son muchos m\u00e1s, entonces estamos s\u00ed siendo solidarias, pero tambi\u00e9n queremos una solidaridad de vuelta\u00bb, nos expres\u00f3 una de las manifestantes. Los feminicidios son un problema de Estado, producto de un sistema que promueve situaciones de violencia hacia las mujeres, situaciones a las que no se atiende debidamente ni se les da la importancia que merecen, a\u00fan si se paga <a href=\"http:\/\/observatoriofeminicidio.blogspot.mx\/\" target=\"_blank\">con la vida de hasta 7 mujeres al d\u00eda<\/a>. \u00abEs una problem\u00e1tica que atraviesa a todas las dem\u00e1s y es necesario visibilizarla\u00bb, concluy\u00f3 otra compa\u00f1era.<\/p>\n<p>La segunda marcha, convocada a las seis de la tarde, sali\u00f3 de la Plaza de las Tres Culturas de Tlatelolco, encabezada por la <a href=\"http:\/\/subversiones.org\/archivos\/108939\" target=\"_blank\">caravana \u00abJulio C\u00e9sar Ram\u00edrez Nava\u00bb<\/a> \u2014que recorri\u00f3 el estado de Guerrero\u2014 e integrada principalmente por contingentes de las diversas escuelas que se sumaron al gran Paro Nacional impulsado por los normalistas de Ayotzinapa y gente solidaria con su causa. Entre estos, se encontraban diversas escuelas y facultades de la UNAM, el IPN, la Universidad Aut\u00f3noma Metropolitana (UAM), la Escuela Nacional de Antropolog\u00eda e Historia (ENAH), la Universidad del Claustro de Sor Juana, la Universidad Iberoamericana, la Universidad Aut\u00f3noma de la Ciudad de M\u00e9xico (UACM), el Centro Cultural Ollin Yoliztli, el Colegio de Bachilleres, la Univerisdad Aut\u00f3noma de Chapingo (UACh) y la Universidad Pedag\u00f3gica Nacional (UPN), entre otras. Como suele suceder, la vitalidad y alegr\u00eda de la juventud se hicieron presentes y contagiaron al resto de los y las manifestantes cuando dicha marcha se mezcl\u00f3 con las otras dos, ya en el Z\u00f3calo capitalino.<\/p>\n<p>Minutos antes de que las movilizaciones comenzaran a salir de sus puntos de reuni\u00f3n, un grupo de ni\u00f1os de diferentes edades, acompa\u00f1ados de sus pap\u00e1s, se encontraron en el Hemiciclo a Ju\u00e1rez, ah\u00ed, con crayolas pintaron caricaturas y consignas como \u00ab\u00a1Vivos los queremos!\u00bb y sobre todo su sentir respecto de lo que pasa en su pa\u00eds.<\/p>\n<p>Una ni\u00f1a de 9 a\u00f1os comentaba que lo que pasaba era injusto: mientras un ni\u00f1o un poco mayor (12 a\u00f1os) dibujaba un Pe\u00f1a Nieto mal encarado, acartonado, junto con un mensaje de rechazo, los m\u00e1s peque\u00f1os (ni\u00f1os de 2 o 3 a\u00f1os) s\u00f3lo pon\u00edan color a una manta que iba a encabezar su contingente con el lema \u00abNi\u00f1os con Ayotzinapa\u00bb. Al terminar sus carteles, los padres de los infantes hicieron vaya para acompa\u00f1arlos e integrarlos a la manifestaci\u00f3n.<\/p>\n<p><iframe loading=\"lazy\" src=\"\/\/www.youtube.com\/embed\/xh96O6pMIC4\" width=\"480\" height=\"270\" frameborder=\"0\" allowfullscreen=\"allowfullscreen\"><\/iframe><\/p>\n<p>Finalmente, la tercera movilizaci\u00f3n parti\u00f3 del Monumento a la Revoluci\u00f3n a las cinco de la tarde, aunque en varios carteles estaba anunciada a las seis, encabezada por la <a href=\"http:\/\/subversiones.org\/archivos\/109039\" target=\"_blank\">caravana \u00abDaniel Sol\u00eds Gallardo\u00bb<\/a> \u2014que recorri\u00f3 el sur del pa\u00eds\u2014, e integrada por organizaciones campesinas, sindicales y del movimiento urbano popular, como el Frente Popular Francisco Villa Independiente (FPFVI), el Sindicato Mexicano de Electricistas (SME), o el Sindicato de Trabajadores de la UAM (Situam), destacando la presencia de amplios contingentes integrados por campesinos de Tlaxcala y Guerrero. Fue en este sector en donde la presencia de familias enteras era notable. Padres, madres, hijos, abuelos, contaban una y otra vez hasta el n\u00famero 43, en alusi\u00f3n a los normalistas desparecidos, finalizando con el reclamo que nos ha venido uniendo como sociedad en los \u00faltimos d\u00edas: \u00ab\u00a1Justicia!\u00bb. \u00c9sta movilizaci\u00f3n fue una de las m\u00e1s nutridas, ya que una gran cantidad trabajadores y trabajadoras se unieron a ella en virtud de que tambi\u00e9n se sumaron al Paro Nacional, como fue el caso de los que pertenecen al Sindicato de Trabajadores de la UNAM (STUNAM).<\/p>\n<p>La plancha del Z\u00f3calo fue llen\u00e1ndose sin pausa, con r\u00edos de gente que entraban al mismo tiempo por 5 de mayo, Tacuba y 20 de noviembre. Los primeros contingentes llegaron poco despu\u00e9s de las seis de la tarde, mientras que los \u00faltimos segu\u00edan\u00a0atascados en Avenida Ju\u00e1rez, a un lado de La Alameda Central y frente al Palacio de Bellas Artes, poco antes de las nueve de la noche. Al final muchos desistieron, mientras otros esperaron pacientemente para entrar, cosa que lograron gracias a que el flujo de gente que sal\u00eda del Z\u00f3calo por las calles de Madero y 16 de septiembre empez\u00f3 a crecer. Lo grandioso fue que aunque la gente entraba y sal\u00eda, el espacio se mostr\u00f3 lleno durante horas.<\/p>\n<p>Es necesario destacar que el ambiente que se respiraba era de esperanza y comuni\u00f3n, al ver a tanta gente compartiendo su indignaci\u00f3n y solidariz\u00e1ndose con una causa como la de Ayotzinapa, que tan s\u00f3lo es una muestra del da\u00f1o que vivimos desde hace d\u00e9cadas en este\u00a0pa\u00eds. Un momento culminante, fue cuando un contingente que llevaba una enorme figura de Enrique Pe\u00f1a Nieto, realizada con alambre y cart\u00f3n piedra, ingres\u00f3 al m\u00edtin por el lado de 20 de noviembre buscando un lugar m\u00e1s o menos central, la coloc\u00f3 en el suelo y le prendi\u00f3 fuego. Luego de un primer momento de sorpresa, la multitud aplaudi\u00f3 y grit\u00f3 consignas como \u00ab\u00a1Fuera Pe\u00f1a!\u00bb, saludando la acci\u00f3n. Los que estaban m\u00e1s cerca grababan el suceso o tomaban fotos del mismo en sus celulares, al fondo, viendo hacia el edificio en donde se localiza el Portal de Mercaderes, las figuras de Francisco Villa y Emiliano Zapata dispuestas como parte de la iluminaci\u00f3n para los festejos del aniversario de la Revoluci\u00f3n Mexicana, <a href=\"http:\/\/aristeguinoticias.com\/2011\/mexico\/y-la-efigie-presidencial-ardio-en-el-zocalo\/\" target=\"_blank\">vigilaban la escena<\/a>.<\/p>\n<p>Despu\u00e9s de cierto tiempo, cientos de manifestantes se congregaron frente a las vallas reforzadas que elementos del Estado Mayor Presidencial hab\u00edan instalado frente a Palacio Nacional, mismo que estaba custiodado por decenas de \u00e9stos. A lo largo de todas ellas, la gente se recargaba y\u00a0gritaba a los uniformados. No eran solo j\u00f3venes a los que por su actitud y vestimenta se tiende a asociar al movimiento anarcopunk, hab\u00eda se\u00f1oras y se\u00f1ores mayores, adolescentes, amas de casa, trabajadores, normalistas. Ocasionalmente algunos grupos llamaban a la calma y a la no-violencia, desde el templete se llamaba a \u00abno caer en provocaciones\u00bb. Y as\u00ed se mantuvo durante un buen rato, lo m\u00e1s que suced\u00eda era que alg\u00fan brazo les aventara\u00a0a los uniformados los restos de un elote, o una botella de pl\u00e1stico vac\u00eda. Sin embargo con el paso de los minutos la tensi\u00f3n escal\u00f3.<\/p>\n<p>Primero se escucharon algunos cohetones, luego un grupo empez\u00f3 a jalar las vallas y a hacerlas caer. Se lanzaron algunas bombas molotov. Al poco rato, granaderos que estaban apostados sobre la calle de Corregidora hicieron su incursi\u00f3n, siendo casi inmediatamente secundados por otro grupo de la Secretar\u00eda de Seguridad P\u00fablica del Distrito Federal (SSP-DF) que llego por 20 de noviembre. Los granaderos, armados con palos y toletes, lanzaron gas lacrim\u00f3geno y polvo de extinguidor a los manifestantes en repetidas ocasiones, la gente sin embargo aguant\u00f3 lo m\u00e1s que pudo, con miedo pero sin caer en p\u00e1nico. Sin embargo al final, en una operaci\u00f3n que dur\u00f3 como mucho unos 20 minutos, los uniformados comenzaron a avanzar a lo largo de toda la plancha golpeando a las personas que se encontraban a su paso, encontrando resistencias fugaces por algunos grupos de manifestantes aguerridos. La gente les gritaba en\u00e9rgicamente, cuestionando su \u00ablealtad\u00bb y el que protegieran ese edificio que hoy tan s\u00f3lo es un monumento al mal gobierno.<\/p>\n<p>Al final, los cuerpos policiacos se ensa\u00f1aron con aquellos que se quedaron atr\u00e1s, ya sea porque decidieron confrontarlos para dar pie a que el resto de la gente corriera, o porque no pudieron avanzar\u00a0lo suficientemente r\u00e1pido. Los granaderos agredieron incluso a personas que estaban en los restaurantes de las calles aleda\u00f1as al Z\u00f3calo que nada ten\u00edan que ver con la manifestaci\u00f3n.<\/p>\n<p>Comenzaron entonces las detenciones arbitrarias, tan habituales en un pa\u00eds en el que las instituciones est\u00e1n ah\u00ed solo para proteger los intereses de pol\u00edticos corruptos -y al parecer, los de sus parejas- asociados con los peores criminales. Con todo, esta no es la conclusi\u00f3n de la jornada, no puede serlo, porque de lo todo lo que observamos conclu\u00edmos que la gente est\u00e1 perdiendo el miedo poco a poco, abriendo los ojos a una relidad dolorosa y promoviendo acciones de apoyo mutuo y solidaridad. Nade dijo que ser\u00eda f\u00e1cil lograr un cambio, pero este ya empez\u00f3.<\/p>\n<p><iframe loading=\"lazy\" src=\"\/\/www.youtube.com\/embed\/rz3ygBi0qcc\" width=\"480\" height=\"270\" frameborder=\"0\" allowfullscreen=\"allowfullscreen\"><\/iframe><\/p>\n<h3 id=\"magicdomid4224\">Solidaridad en un pa\u00eds lastimado<\/h3>\n<p id=\"magicdomid4261\">Acciones de protesta grandes, peque\u00f1as y medianas, tuvieron lugar en muchas ciudades de la Rep\u00fablica, desde Ensenada hasta San Crist\u00f3bal. Gracias a las redes sociales y al trabajo de compilaci\u00f3n de <a href=\"https:\/\/www.facebook.com\/Desinformemonos?fref=ts\" target=\"_blank\">algunos medios libres<\/a>,\u00a0podemos mencionar las siguientes:<\/p>\n<p id=\"magicdomid4228\">En Monterrey, estudiantes de la Universidad Aut\u00f3noma de Nuevo Le\u00f3n (UANL), organizaciones como las Fuerzas Unidas por Nuestros Desaparecidos y miles de manifestantes, marcharon de Plaza La Pur\u00edsima a la Procuradur\u00eda General de Justicia del estado. En Tamaulipas, tuvieron lugar importantes movilizaciones en Tampico, Ciudad Madero y El Mante, a pesar de que el contubernio entre el C\u00e1rtel del Los Zetas y el gobierno de dicho estado, mantiene desde hace a\u00f1os asolada a la regi\u00f3n. De igual modo, la gente sali\u00f3 a las calles en lugares como Torre\u00f3n y Ciudad Acu\u00f1a, en Coahuila; Los Mochis, Sinaloa; <a title=\"Nayarit en linea\" href=\"http:\/\/youtu.be\/pLNrZAZoBPs\" target=\"_blank\">Tepic<\/a>, Nayarit; <a href=\"http:\/\/youtu.be\/Vu5GyDkqRVk\" target=\"_blank\">La Paz<\/a> y <a href=\"http:\/\/youtu.be\/G-3egbmCfYo\" target=\"_blank\">Mexicali<\/a>, Baja California.<\/p>\n<p><iframe loading=\"lazy\" src=\"\/\/www.youtube.com\/embed\/8s8XO1s7O4o\" width=\"480\" height=\"270\" frameborder=\"0\" allowfullscreen=\"allowfullscreen\"><\/iframe><\/p>\n<p id=\"magicdomid4786\">En Chihuahua, adem\u00e1s de la mega-marcha que tuvo como punto de partida la rector\u00eda de la Univesidad Aut\u00f3noma de Chihuahua (UACH), se tomaron diversas casetas y puentes de la entidad en una acci\u00f3n que el partido de Andr\u00e9s Manuel L\u00f3pez Obrador, el Movimiento de Regeneraci\u00f3n Nacional (Morena), se quiso adjudicar por sobre los diversos grupos independientes de la sociedad civil. En dicho contexto se registr\u00f3 tambi\u00e9n una valiente interrupci\u00f3n del desfile militar conmemorativo de la Revoluci\u00f3n de 1910 por parte de estudiantes, tanto <a href=\"https:\/\/www.youtube.com\/watch?v=n3Wr57erbvY\" target=\"_blank\">en la capital de estado<\/a> como en la fronteriza\u00a0Ciudad Ju\u00e1rez (UACJ). Y es que tal parece que las \u00e9lites norte\u00f1as no han entendido, o no quieren entender, que la Revoluci\u00f3n sigue en marcha, desde Creel hasta Camargo.<\/p>\n<p id=\"magicdomid4957\">En <a href=\"http:\/\/youtu.be\/5i9aasrUFEY\" target=\"_blank\">Sonora<\/a>, m\u00e1s de cinco mil manifestantes, entre los que se encontraban estudiantes y trabajadores de la universidad del estado, padres de las v\u00edctimas del incendio en la Guarder\u00eda ABC de Hermosillo y damnificados por el derrame minero en el r\u00edo Sonora, consiguieron tomar el congreso local y proclamar desde la tribuna el \u00abreinicio de la Revoluci\u00f3n\u00bb. En Guadalajara, miles de personas se unieron al coro de los normalistas \u00abPueblo, despierta, la muerte est\u00e1 en tus puertas\u00bb. Otras manifestaciones tambi\u00e9n interrumpieron la \u00abnormalidad\u00bb en diversas ciudades como <a href=\"http:\/\/youtu.be\/RmrP-KxFl7g\" target=\"_blank\">Cuernavaca<\/a>, <a href=\"http:\/\/youtu.be\/vJjhoYyTQ_Q\" target=\"_blank\">Colima<\/a>, <a href=\"http:\/\/youtu.be\/VvZOnUJGefk\" target=\"_blank\">San Luis Potos\u00ed<\/a> y poblados de Guanajuato, Hidalgo, Jalisco, Aguascalientes, Quer\u00e9taro, Oaxaca, Chiapas, Morelos, Yuact\u00e1n, Michoac\u00e1n, Campeche, Quintana Roo.<\/p>\n<p>En Xalapa, Veracruz, las intensas lluvias no lograron contener la marea humana que arrib\u00f3 a la Plaza Lerdo. Tambi\u00e9n se registraron algunas actividades peque\u00f1as en el Puerto de Veracruz. En Coatzacoalcos y Tuxpan los\u00a0 telefonistas se unieron al Paro Nacional, mientras que en Orizaba y Poza\u00a0 Rica los universitarios llevaron la batuta. Desde la capital veracruzana, el Comit\u00e9 Universitario de Lucha emiti\u00f3 <a href=\"https:\/\/zapateando.wordpress.com\/2014\/11\/20\/comite-universitario-de-lucha-en-veracruz-en-lucha-con-ayotzinapa\/\" target=\"_blank\">un llamado a la comunidad\u00a0 internacional:<\/a> \u00abEstamos en sus manos y en nuestras manos tambi\u00e9n que se alzan con la\u00a0 digna rabia en defensa del mundo nuevo que llevamos en nuestros\u00a0 corazones\u00bb.<\/p>\n<h3 id=\"magicdomid4236\">Los ojos del mundo siguen mirando a Ayotzinapa<\/h3>\n<p>Destacan las acciones realizadas en Am\u00e9rica Latina. En ciudades como <a title=\"La Prensa\" href=\"http:\/\/mediacenter.laprensagrafica.com\/videos\/v\/jvenes-salvadoreos-piden-justicia-por-43-estudiantes-desaparecidos-en-mxico\" target=\"_blank\">San Salvador<\/a>, El Salvador; y Managua, Nicaragua; en donde los centroamericanos manifestaron su solidaridad con el pueblo mexicano. Por ejemplo, precisamente desde El Salvador, j\u00f3venes universitarios dijeron con claridad:\u00a0\u00abExpresamos nuestra inconformidad con la versi\u00f3n que ha dado la Procuradur\u00eda General de la Rep\u00fablica, consideramos, al igual que los familiares y amigos de los desparecidos, que no se puede dar a los 43 normalistas por muertos, sin que esa afirmaci\u00f3n sea sostenida con argumentos y evidencias cient\u00edficas s\u00f3lidas\u00bb \u2014aseguraron los estudiantes salvadore\u00f1os en un comunicado.<\/p>\n<p>En otras ciudades como <a href=\"https:\/\/www.youtube.com\/watch?v=Gqqa1nKXeR4\" target=\"_blank\">Santiago<\/a>, Atacama, Temuco, en Chile; Lima, <a title=\"llaqta vocero del pueblo\" href=\"http:\/\/youtu.be\/--buiH97V-E\" target=\"_blank\">Per\u00fa<\/a>; <a title=\"Comit\u00e9 de Solidaridad con M\u00e9xico\" href=\"http:\/\/youtu.be\/G5PhrNoO3-A\" target=\"_blank\">La Paz<\/a> y Cochabamba, en Bolivia; Quito y Guayaquil, en Ecuador; Asunci\u00f3n, Paraguay; Montevideo y Maldonado, en Uruguay; y Bogot\u00e1, Colombia; activistas mexicanos acompa\u00f1ados por gente sensible a la causa hicieron actos de presencia frente a embajadas y consulados. Particular fuerza cobraron las marchas en <a href=\"http:\/\/youtu.be\/9kvkDoWYMQY\" target=\"_blank\">Buenos Aires<\/a> y La Plata, en Argentina; as\u00ed como en La Paz, en Bolivia; donde pudieron verse tremendas demostraciones de creatividad y solidaridad.<\/p>\n<p>En Puerto Rico, adem\u00e1s del apoyo rendido por Calle 13 durante la entrega de los Premios Grammy Latino, el rector de la universidad nacional aprob\u00f3 que la principal torre de dicha instituci\u00f3n acad\u00e9mica se mantuviera <a href=\"http:\/\/www.eluniversal.com.mx\/nacion-mexico\/2014\/ayotzinapa-mundo-1055667.html.\" target=\"_blank\">iluminada con los colores verde, blanco y rojo<\/a>, durante los pr\u00f3ximos 43 d\u00edas.<\/p>\n<p>En Estados Unidos, hubo importantes demostraciones de apoyo como la de Nueva York, Washinton DC, Seattle, Bost\u00f3n, <a href=\"https:\/\/www.youtube.com\/watch?v=BqJ3MHjLYZc\" target=\"_blank\">Chicago<\/a>, Atlanta, Salt Lake City, Raleigh, Miami, Indian\u00e1polis, Dallas, Houston, San Antonio, Denver, El Paso, Berkley, Santa Ana, San Diego, Los \u00c1ngeles, tan solo por citar algunas de las que han dejado rastro de sus actividades en las redes sociales, por medio de fotograf\u00edas y videos. Las im\u00e1genes de Tampa Bay, por ejemplo, revelan importantes contingentes tomando la calle con los retratos de los normalistas y bajo\u00a0 una consigna que se hace cada vez m\u00e1s habitual: \u00ab!Fuera EPN\u00a1\u00bb.<\/p>\n<p>Tambi\u00e9n se realizaron actos de protesta en varias de las capitales europeas, entre las cuales destacan Par\u00eds, <a href=\"http:\/\/youtu.be\/qmUH8TwaO7c\" target=\"_blank\">Madrid<\/a>, <a href=\"http:\/\/youtu.be\/dNGOyI7y7RY\" target=\"_blank\">Barcelona<\/a> y Londres, donde las concentraciones alcanzaron centenares de personas. En la Plaza de la Rep\u00fablica de la capital francesa, ondearon banderas mexicanas, peruanas, mapuches y cubanas en una demostraci\u00f3n de solidaridad internacional sin precedentes.<\/p>\n<p>En menor medida, pero no menos importantes, fueron los actos realizados por peque\u00f1os grupos en Hong Kong, Delhi, Melbourne, <a title=\"Excelsior\" href=\"http:\/\/youtu.be\/5_4Fr7C0cCw\" target=\"_blank\">Amsterdam<\/a>, <a href=\"http:\/\/youtu.be\/EHyV4uot0_E\" target=\"_blank\">Estocolmo<\/a>, G\u00f6teborgs, <a title=\"Colectivo Ayotzinapa Dinamarca\" href=\"http:\/\/youtu.be\/wKSxlpfyWG8?list=UUkejUW-ZfE7StpbmuvwcQrA\" target=\"_blank\">Copenhague<\/a>, Helsinki, Ginebra, Oslo, Viena, Praga, Atenas, Belfast, Munich, Santiago de Compostela, Murcia, Colonia, Leipzig, Postdam, Frankfurt y Nottingham. En Roma, la comunidad cat\u00f3lica mexicana y miembros de la asociaci\u00f3n italiana Libera \u2014que promueve\u00a0 una campa\u00f1a denominada Paz por M\u00e9xico\u2014 protagorizaron una acci\u00f3n solemne. Asimismo, se registraron actividades en en Bolo\u00f1a, Italia, a cargo de Ya Basta Bologna, Centro sociale TPO y L\u00e0bas Occupato. En <a href=\"http:\/\/youtu.be\/9oJi7Y92BNk\" target=\"_blank\">Trento<\/a>, individuos y colectivos se fotografiaron vestidos de negro y lanzaron mensajes de apoyo con pancartas. Lo mismo se hizo en ciudades como Toulouse, Marsella, Lyon, Lille, Niza y Estrasburgo, donde los manifestantes recibieron el apoyo de varios sindicatos franceses de trabajadores de la educaci\u00f3n.<\/p>\n<h3>Falta lo que falta<\/h3>\n<p>Este despliegue de solidaridad nacional e internacional en donde las y los pocos nos\u00a0encontramos para descubrirnos en otros-<a href=\"http:\/\/enlacezapatista.ezln.org.mx\/2014\/11\/15\/palabras-de-la-comandancia-general-del-ezln-en-voz-del-subcomandante-insurgente-moises-al-terminar-el-acto-con-la-caravana-de-familiares-de-desaparecidos-y-estudiantes-de-ayotzinapa-en-el-caracol-d\/\" target=\"_blank\">como dir\u00edan los zapatistas<\/a>&#8211; ,\u00a0es uno de\u00a0los pasos en la construcci\u00f3n de alternativas para deshacernos de este gobierno injusto y corrupto, al que es absurdo pedirle justicia, pues est\u00e1 instaurado gracias a la falta de ella. Nadie dice que este camino es f\u00e1cil de andar, o que ser\u00e1 sencillo llegar a acuerdos entre nuestras opiniones y formas de lucha, pero ahora, poco a poco, tenemos m\u00e1s claro quienes somos y quienes son ellos.<\/p>\n<p>\n\t\t<style type=\"text\/css\">\n\t\t\t#gallery-1 {\n\t\t\t\tmargin: auto;\n\t\t\t}\n\t\t\t#gallery-1 .gallery-item {\n\t\t\t\tfloat: left;\n\t\t\t\tmargin-top: 10px;\n\t\t\t\ttext-align: center;\n\t\t\t\twidth: 33%;\n\t\t\t}\n\t\t\t#gallery-1 img {\n\t\t\t\tborder: 2px solid #cfcfcf;\n\t\t\t}\n\t\t\t#gallery-1 .gallery-caption {\n\t\t\t\tmargin-left: 0;\n\t\t\t}\n\t\t\t\/* see gallery_shortcode() in wp-includes\/media.php *\/\n\t\t<\/style>\n\t\t<div id='gallery-1' class='gallery galleryid-11196 gallery-columns-3 gallery-size-thumbnail'><dl class='gallery-item'>\n\t\t\t<dt class='gallery-icon landscape'>\n\t\t\t\t<a href='https:\/\/radiozapatista.org\/?attachment_id=11198'><img loading=\"lazy\" decoding=\"async\" width=\"150\" height=\"150\" src=\"https:\/\/radiozapatista.org\/wp-content\/uploads\/2014\/11\/16-150x150.jpg\" class=\"attachment-thumbnail size-thumbnail\" alt=\"\" \/><\/a>\n\t\t\t<\/dt><\/dl><dl class='gallery-item'>\n\t\t\t<dt class='gallery-icon landscape'>\n\t\t\t\t<a href='https:\/\/radiozapatista.org\/?attachment_id=11199'><img loading=\"lazy\" decoding=\"async\" width=\"150\" height=\"150\" src=\"https:\/\/radiozapatista.org\/wp-content\/uploads\/2014\/11\/22-150x150.jpg\" class=\"attachment-thumbnail size-thumbnail\" alt=\"\" \/><\/a>\n\t\t\t<\/dt><\/dl><dl class='gallery-item'>\n\t\t\t<dt class='gallery-icon landscape'>\n\t\t\t\t<a href='https:\/\/radiozapatista.org\/?attachment_id=11200'><img loading=\"lazy\" decoding=\"async\" width=\"150\" height=\"150\" src=\"https:\/\/radiozapatista.org\/wp-content\/uploads\/2014\/11\/32-150x150.jpg\" class=\"attachment-thumbnail size-thumbnail\" alt=\"\" \/><\/a>\n\t\t\t<\/dt><\/dl><br style=\"clear: both\" \/><dl class='gallery-item'>\n\t\t\t<dt class='gallery-icon landscape'>\n\t\t\t\t<a href='https:\/\/radiozapatista.org\/?attachment_id=11201'><img loading=\"lazy\" decoding=\"async\" width=\"150\" height=\"150\" src=\"https:\/\/radiozapatista.org\/wp-content\/uploads\/2014\/11\/1743455_581075958691778_3982395268984273091_n-150x150.jpg\" class=\"attachment-thumbnail size-thumbnail\" alt=\"\" \/><\/a>\n\t\t\t<\/dt><\/dl><dl class='gallery-item'>\n\t\t\t<dt class='gallery-icon landscape'>\n\t\t\t\t<a href='https:\/\/radiozapatista.org\/?attachment_id=11202'><img loading=\"lazy\" decoding=\"async\" width=\"150\" height=\"150\" src=\"https:\/\/radiozapatista.org\/wp-content\/uploads\/2014\/11\/1796438_867962636576723_3790730346792046147_n-150x150.jpg\" class=\"attachment-thumbnail size-thumbnail\" alt=\"\" \/><\/a>\n\t\t\t<\/dt><\/dl><dl class='gallery-item'>\n\t\t\t<dt class='gallery-icon portrait'>\n\t\t\t\t<a href='https:\/\/radiozapatista.org\/?attachment_id=11203'><img loading=\"lazy\" decoding=\"async\" width=\"150\" height=\"150\" src=\"https:\/\/radiozapatista.org\/wp-content\/uploads\/2014\/11\/10376326_998010840214290_6855626336845596372_n-150x150.jpg\" class=\"attachment-thumbnail size-thumbnail\" alt=\"\" \/><\/a>\n\t\t\t<\/dt><\/dl><br style=\"clear: both\" \/><dl class='gallery-item'>\n\t\t\t<dt class='gallery-icon landscape'>\n\t\t\t\t<a href='https:\/\/radiozapatista.org\/?attachment_id=11204'><img loading=\"lazy\" decoding=\"async\" width=\"150\" height=\"150\" src=\"https:\/\/radiozapatista.org\/wp-content\/uploads\/2014\/11\/10385287_998010633547644_305756761881760119_n-150x150.jpg\" class=\"attachment-thumbnail size-thumbnail\" alt=\"\" \/><\/a>\n\t\t\t<\/dt><\/dl><dl class='gallery-item'>\n\t\t\t<dt class='gallery-icon portrait'>\n\t\t\t\t<a href='https:\/\/radiozapatista.org\/?attachment_id=11205'><img loading=\"lazy\" decoding=\"async\" width=\"150\" height=\"150\" src=\"https:\/\/radiozapatista.org\/wp-content\/uploads\/2014\/11\/10402574_581073715358669_8294707052900188806_n-150x150.jpg\" class=\"attachment-thumbnail size-thumbnail\" alt=\"\" \/><\/a>\n\t\t\t<\/dt><\/dl><dl class='gallery-item'>\n\t\t\t<dt class='gallery-icon portrait'>\n\t\t\t\t<a href='https:\/\/radiozapatista.org\/?attachment_id=11206'><img loading=\"lazy\" decoding=\"async\" width=\"150\" height=\"150\" src=\"https:\/\/radiozapatista.org\/wp-content\/uploads\/2014\/11\/10404262_867962536576733_5023253111671328425_n-150x150.jpg\" class=\"attachment-thumbnail size-thumbnail\" alt=\"\" \/><\/a>\n\t\t\t<\/dt><\/dl><br style=\"clear: both\" \/><dl class='gallery-item'>\n\t\t\t<dt class='gallery-icon landscape'>\n\t\t\t\t<a href='https:\/\/radiozapatista.org\/?attachment_id=11207'><img loading=\"lazy\" decoding=\"async\" width=\"150\" height=\"150\" src=\"https:\/\/radiozapatista.org\/wp-content\/uploads\/2014\/11\/10500524_998011256880915_3906215623398387820_n-150x150.jpg\" class=\"attachment-thumbnail size-thumbnail\" alt=\"\" \/><\/a>\n\t\t\t<\/dt><\/dl><dl class='gallery-item'>\n\t\t\t<dt class='gallery-icon landscape'>\n\t\t\t\t<a href='https:\/\/radiozapatista.org\/?attachment_id=11208'><img loading=\"lazy\" decoding=\"async\" width=\"150\" height=\"150\" src=\"https:\/\/radiozapatista.org\/wp-content\/uploads\/2014\/11\/10671354_998015636880477_5232633462431363607_n-150x150.jpg\" class=\"attachment-thumbnail size-thumbnail\" alt=\"\" \/><\/a>\n\t\t\t<\/dt><\/dl><dl class='gallery-item'>\n\t\t\t<dt class='gallery-icon landscape'>\n\t\t\t\t<a href='https:\/\/radiozapatista.org\/?attachment_id=11209'><img loading=\"lazy\" decoding=\"async\" width=\"150\" height=\"150\" src=\"https:\/\/radiozapatista.org\/wp-content\/uploads\/2014\/11\/cartagena1-150x150.jpg\" class=\"attachment-thumbnail size-thumbnail\" alt=\"\" \/><\/a>\n\t\t\t<\/dt><\/dl><br style=\"clear: both\" \/><dl class='gallery-item'>\n\t\t\t<dt class='gallery-icon landscape'>\n\t\t\t\t<a href='https:\/\/radiozapatista.org\/?attachment_id=11210'><img loading=\"lazy\" decoding=\"async\" width=\"150\" height=\"150\" src=\"https:\/\/radiozapatista.org\/wp-content\/uploads\/2014\/11\/cartagena4-150x150.jpg\" class=\"attachment-thumbnail size-thumbnail\" alt=\"\" \/><\/a>\n\t\t\t<\/dt><\/dl><dl class='gallery-item'>\n\t\t\t<dt class='gallery-icon landscape'>\n\t\t\t\t<a href='https:\/\/radiozapatista.org\/?attachment_id=11211'><img loading=\"lazy\" decoding=\"async\" width=\"150\" height=\"150\" src=\"https:\/\/radiozapatista.org\/wp-content\/uploads\/2014\/11\/dinamarca2-150x150.jpg\" class=\"attachment-thumbnail size-thumbnail\" alt=\"\" \/><\/a>\n\t\t\t<\/dt><\/dl><dl class='gallery-item'>\n\t\t\t<dt class='gallery-icon landscape'>\n\t\t\t\t<a href='https:\/\/radiozapatista.org\/?attachment_id=11212'><img loading=\"lazy\" decoding=\"async\" width=\"150\" height=\"150\" src=\"https:\/\/radiozapatista.org\/wp-content\/uploads\/2014\/11\/dinamarca3-150x150.jpg\" class=\"attachment-thumbnail size-thumbnail\" alt=\"\" \/><\/a>\n\t\t\t<\/dt><\/dl><br style=\"clear: both\" \/><dl class='gallery-item'>\n\t\t\t<dt class='gallery-icon landscape'>\n\t\t\t\t<a href='https:\/\/radiozapatista.org\/?attachment_id=11213'><img loading=\"lazy\" decoding=\"async\" width=\"150\" height=\"150\" src=\"https:\/\/radiozapatista.org\/wp-content\/uploads\/2014\/11\/ElAbecedariodelterror-150x150.jpg\" class=\"attachment-thumbnail size-thumbnail\" alt=\"\" \/><\/a>\n\t\t\t<\/dt><\/dl><dl class='gallery-item'>\n\t\t\t<dt class='gallery-icon landscape'>\n\t\t\t\t<a href='https:\/\/radiozapatista.org\/?attachment_id=11214'><img loading=\"lazy\" decoding=\"async\" width=\"150\" height=\"150\" src=\"https:\/\/radiozapatista.org\/wp-content\/uploads\/2014\/11\/IMG_3599-150x150.jpg\" class=\"attachment-thumbnail size-thumbnail\" alt=\"\" \/><\/a>\n\t\t\t<\/dt><\/dl><dl class='gallery-item'>\n\t\t\t<dt class='gallery-icon landscape'>\n\t\t\t\t<a href='https:\/\/radiozapatista.org\/?attachment_id=11215'><img loading=\"lazy\" decoding=\"async\" width=\"150\" height=\"150\" src=\"https:\/\/radiozapatista.org\/wp-content\/uploads\/2014\/11\/IMG_3643-150x150.jpg\" class=\"attachment-thumbnail size-thumbnail\" alt=\"\" \/><\/a>\n\t\t\t<\/dt><\/dl><br style=\"clear: both\" \/><dl class='gallery-item'>\n\t\t\t<dt class='gallery-icon landscape'>\n\t\t\t\t<a href='https:\/\/radiozapatista.org\/?attachment_id=11216'><img loading=\"lazy\" decoding=\"async\" width=\"150\" height=\"150\" src=\"https:\/\/radiozapatista.org\/wp-content\/uploads\/2014\/11\/IMG_3712-150x150.jpg\" class=\"attachment-thumbnail size-thumbnail\" alt=\"\" \/><\/a>\n\t\t\t<\/dt><\/dl><dl class='gallery-item'>\n\t\t\t<dt class='gallery-icon landscape'>\n\t\t\t\t<a href='https:\/\/radiozapatista.org\/?attachment_id=11217'><img loading=\"lazy\" decoding=\"async\" width=\"150\" height=\"150\" src=\"https:\/\/radiozapatista.org\/wp-content\/uploads\/2014\/11\/IMG_3721-150x150.jpg\" class=\"attachment-thumbnail size-thumbnail\" alt=\"\" \/><\/a>\n\t\t\t<\/dt><\/dl><dl class='gallery-item'>\n\t\t\t<dt class='gallery-icon landscape'>\n\t\t\t\t<a href='https:\/\/radiozapatista.org\/?attachment_id=11218'><img loading=\"lazy\" decoding=\"async\" width=\"150\" height=\"150\" src=\"https:\/\/radiozapatista.org\/wp-content\/uploads\/2014\/11\/IMG_3731-150x150.jpg\" class=\"attachment-thumbnail size-thumbnail\" alt=\"\" \/><\/a>\n\t\t\t<\/dt><\/dl><br style=\"clear: both\" \/><dl class='gallery-item'>\n\t\t\t<dt class='gallery-icon landscape'>\n\t\t\t\t<a href='https:\/\/radiozapatista.org\/?attachment_id=11219'><img loading=\"lazy\" decoding=\"async\" width=\"150\" height=\"150\" src=\"https:\/\/radiozapatista.org\/wp-content\/uploads\/2014\/11\/IMG_4077-150x150.jpg\" class=\"attachment-thumbnail size-thumbnail\" alt=\"\" \/><\/a>\n\t\t\t<\/dt><\/dl><dl class='gallery-item'>\n\t\t\t<dt class='gallery-icon landscape'>\n\t\t\t\t<a href='https:\/\/radiozapatista.org\/?attachment_id=11220'><img loading=\"lazy\" decoding=\"async\" width=\"150\" height=\"150\" src=\"https:\/\/radiozapatista.org\/wp-content\/uploads\/2014\/11\/IMG_4122-150x150.jpg\" class=\"attachment-thumbnail size-thumbnail\" alt=\"\" \/><\/a>\n\t\t\t<\/dt><\/dl><dl class='gallery-item'>\n\t\t\t<dt class='gallery-icon landscape'>\n\t\t\t\t<a href='https:\/\/radiozapatista.org\/?attachment_id=11221'><img loading=\"lazy\" decoding=\"async\" width=\"150\" height=\"150\" src=\"https:\/\/radiozapatista.org\/wp-content\/uploads\/2014\/11\/IMG_4134-150x150.jpg\" class=\"attachment-thumbnail size-thumbnail\" alt=\"\" \/><\/a>\n\t\t\t<\/dt><\/dl><br style=\"clear: both\" \/><dl class='gallery-item'>\n\t\t\t<dt class='gallery-icon landscape'>\n\t\t\t\t<a href='https:\/\/radiozapatista.org\/?attachment_id=11222'><img loading=\"lazy\" decoding=\"async\" width=\"150\" height=\"150\" src=\"https:\/\/radiozapatista.org\/wp-content\/uploads\/2014\/11\/IMG_8658-150x150.jpg\" class=\"attachment-thumbnail size-thumbnail\" alt=\"\" \/><\/a>\n\t\t\t<\/dt><\/dl><dl class='gallery-item'>\n\t\t\t<dt class='gallery-icon landscape'>\n\t\t\t\t<a href='https:\/\/radiozapatista.org\/?attachment_id=11223'><img loading=\"lazy\" decoding=\"async\" width=\"150\" height=\"150\" src=\"https:\/\/radiozapatista.org\/wp-content\/uploads\/2014\/11\/IMG_8660-150x150.jpg\" class=\"attachment-thumbnail size-thumbnail\" alt=\"\" \/><\/a>\n\t\t\t<\/dt><\/dl><dl class='gallery-item'>\n\t\t\t<dt class='gallery-icon landscape'>\n\t\t\t\t<a href='https:\/\/radiozapatista.org\/?attachment_id=11224'><img loading=\"lazy\" decoding=\"async\" width=\"150\" height=\"150\" src=\"https:\/\/radiozapatista.org\/wp-content\/uploads\/2014\/11\/IMG_8665-150x150.jpg\" class=\"attachment-thumbnail size-thumbnail\" alt=\"\" \/><\/a>\n\t\t\t<\/dt><\/dl><br style=\"clear: both\" \/><dl class='gallery-item'>\n\t\t\t<dt class='gallery-icon landscape'>\n\t\t\t\t<a href='https:\/\/radiozapatista.org\/?attachment_id=11225'><img loading=\"lazy\" decoding=\"async\" width=\"150\" height=\"150\" src=\"https:\/\/radiozapatista.org\/wp-content\/uploads\/2014\/11\/IMG_8695-150x150.jpg\" class=\"attachment-thumbnail size-thumbnail\" alt=\"\" \/><\/a>\n\t\t\t<\/dt><\/dl><dl class='gallery-item'>\n\t\t\t<dt class='gallery-icon landscape'>\n\t\t\t\t<a href='https:\/\/radiozapatista.org\/?attachment_id=11227'><img loading=\"lazy\" decoding=\"async\" width=\"150\" height=\"150\" src=\"https:\/\/radiozapatista.org\/wp-content\/uploads\/2014\/11\/Indignado-150x150.jpg\" class=\"attachment-thumbnail size-thumbnail\" alt=\"\" \/><\/a>\n\t\t\t<\/dt><\/dl><dl class='gallery-item'>\n\t\t\t<dt class='gallery-icon landscape'>\n\t\t\t\t<a href='https:\/\/radiozapatista.org\/?attachment_id=11228'><img loading=\"lazy\" decoding=\"async\" width=\"150\" height=\"150\" src=\"https:\/\/radiozapatista.org\/wp-content\/uploads\/2014\/11\/Marcha-20nov-01-150x150.jpg\" class=\"attachment-thumbnail size-thumbnail\" alt=\"\" \/><\/a>\n\t\t\t<\/dt><\/dl><br style=\"clear: both\" \/><dl class='gallery-item'>\n\t\t\t<dt class='gallery-icon landscape'>\n\t\t\t\t<a href='https:\/\/radiozapatista.org\/?attachment_id=11229'><img loading=\"lazy\" decoding=\"async\" width=\"150\" height=\"150\" src=\"https:\/\/radiozapatista.org\/wp-content\/uploads\/2014\/11\/Marcha-20nov-02-150x150.jpg\" class=\"attachment-thumbnail size-thumbnail\" alt=\"\" \/><\/a>\n\t\t\t<\/dt><\/dl><dl class='gallery-item'>\n\t\t\t<dt class='gallery-icon portrait'>\n\t\t\t\t<a href='https:\/\/radiozapatista.org\/?attachment_id=11230'><img loading=\"lazy\" decoding=\"async\" width=\"150\" height=\"150\" src=\"https:\/\/radiozapatista.org\/wp-content\/uploads\/2014\/11\/Marcha-20nov-03-150x150.jpg\" class=\"attachment-thumbnail size-thumbnail\" alt=\"\" \/><\/a>\n\t\t\t<\/dt><\/dl><dl class='gallery-item'>\n\t\t\t<dt class='gallery-icon landscape'>\n\t\t\t\t<a href='https:\/\/radiozapatista.org\/?attachment_id=11231'><img loading=\"lazy\" decoding=\"async\" width=\"150\" height=\"150\" src=\"https:\/\/radiozapatista.org\/wp-content\/uploads\/2014\/11\/Marcha-20nov-07-150x150.jpg\" class=\"attachment-thumbnail size-thumbnail\" alt=\"\" \/><\/a>\n\t\t\t<\/dt><\/dl><br style=\"clear: both\" \/><dl class='gallery-item'>\n\t\t\t<dt class='gallery-icon landscape'>\n\t\t\t\t<a href='https:\/\/radiozapatista.org\/?attachment_id=11232'><img loading=\"lazy\" decoding=\"async\" width=\"150\" height=\"150\" src=\"https:\/\/radiozapatista.org\/wp-content\/uploads\/2014\/11\/Marcha-20nov-09-150x150.jpg\" class=\"attachment-thumbnail size-thumbnail\" alt=\"\" \/><\/a>\n\t\t\t<\/dt><\/dl><dl class='gallery-item'>\n\t\t\t<dt class='gallery-icon landscape'>\n\t\t\t\t<a href='https:\/\/radiozapatista.org\/?attachment_id=11233'><img loading=\"lazy\" decoding=\"async\" width=\"150\" height=\"150\" src=\"https:\/\/radiozapatista.org\/wp-content\/uploads\/2014\/11\/Marcha-20nov-13-150x150.jpg\" class=\"attachment-thumbnail size-thumbnail\" alt=\"\" \/><\/a>\n\t\t\t<\/dt><\/dl><dl class='gallery-item'>\n\t\t\t<dt class='gallery-icon landscape'>\n\t\t\t\t<a href='https:\/\/radiozapatista.org\/?attachment_id=11234'><img loading=\"lazy\" decoding=\"async\" width=\"150\" height=\"150\" src=\"https:\/\/radiozapatista.org\/wp-content\/uploads\/2014\/11\/MG_6265-150x150.jpg\" class=\"attachment-thumbnail size-thumbnail\" alt=\"\" \/><\/a>\n\t\t\t<\/dt><\/dl><br style=\"clear: both\" \/><dl class='gallery-item'>\n\t\t\t<dt class='gallery-icon landscape'>\n\t\t\t\t<a href='https:\/\/radiozapatista.org\/?attachment_id=11235'><img loading=\"lazy\" decoding=\"async\" width=\"150\" height=\"150\" src=\"https:\/\/radiozapatista.org\/wp-content\/uploads\/2014\/11\/MG_6437-150x150.jpg\" class=\"attachment-thumbnail size-thumbnail\" alt=\"\" \/><\/a>\n\t\t\t<\/dt><\/dl><dl class='gallery-item'>\n\t\t\t<dt class='gallery-icon landscape'>\n\t\t\t\t<a href='https:\/\/radiozapatista.org\/?attachment_id=11236'><img loading=\"lazy\" decoding=\"async\" width=\"150\" height=\"150\" src=\"https:\/\/radiozapatista.org\/wp-content\/uploads\/2014\/11\/MG_6447-150x150.jpg\" class=\"attachment-thumbnail size-thumbnail\" alt=\"\" \/><\/a>\n\t\t\t<\/dt><\/dl><dl class='gallery-item'>\n\t\t\t<dt class='gallery-icon landscape'>\n\t\t\t\t<a href='https:\/\/radiozapatista.org\/?attachment_id=11237'><img loading=\"lazy\" decoding=\"async\" width=\"150\" height=\"150\" src=\"https:\/\/radiozapatista.org\/wp-content\/uploads\/2014\/11\/MG_6523-150x150.jpg\" class=\"attachment-thumbnail size-thumbnail\" alt=\"\" \/><\/a>\n\t\t\t<\/dt><\/dl><br style=\"clear: both\" \/><dl class='gallery-item'>\n\t\t\t<dt class='gallery-icon landscape'>\n\t\t\t\t<a href='https:\/\/radiozapatista.org\/?attachment_id=11239'><img loading=\"lazy\" decoding=\"async\" width=\"150\" height=\"150\" src=\"https:\/\/radiozapatista.org\/wp-content\/uploads\/2014\/11\/Por-Elis-Monroy-2-150x150.jpg\" class=\"attachment-thumbnail size-thumbnail\" alt=\"\" \/><\/a>\n\t\t\t<\/dt><\/dl><dl class='gallery-item'>\n\t\t\t<dt class='gallery-icon landscape'>\n\t\t\t\t<a href='https:\/\/radiozapatista.org\/?attachment_id=11238'><img loading=\"lazy\" decoding=\"async\" width=\"150\" height=\"150\" src=\"https:\/\/radiozapatista.org\/wp-content\/uploads\/2014\/11\/Por-Elis-Monroy-1-150x150.jpg\" class=\"attachment-thumbnail size-thumbnail\" alt=\"\" \/><\/a>\n\t\t\t<\/dt><\/dl><dl class='gallery-item'>\n\t\t\t<dt class='gallery-icon landscape'>\n\t\t\t\t<a href='https:\/\/radiozapatista.org\/?attachment_id=11240'><img loading=\"lazy\" decoding=\"async\" width=\"150\" height=\"150\" src=\"https:\/\/radiozapatista.org\/wp-content\/uploads\/2014\/11\/Por-Elis-Monroy-4-150x150.jpg\" class=\"attachment-thumbnail size-thumbnail\" alt=\"\" \/><\/a>\n\t\t\t<\/dt><\/dl><br style=\"clear: both\" \/><dl class='gallery-item'>\n\t\t\t<dt class='gallery-icon landscape'>\n\t\t\t\t<a href='https:\/\/radiozapatista.org\/?attachment_id=11241'><img loading=\"lazy\" decoding=\"async\" width=\"150\" height=\"150\" src=\"https:\/\/radiozapatista.org\/wp-content\/uploads\/2014\/11\/Por-Elis-Monroy-5-150x150.jpg\" class=\"attachment-thumbnail size-thumbnail\" alt=\"\" \/><\/a>\n\t\t\t<\/dt><\/dl><dl class='gallery-item'>\n\t\t\t<dt class='gallery-icon landscape'>\n\t\t\t\t<a href='https:\/\/radiozapatista.org\/?attachment_id=11242'><img loading=\"lazy\" decoding=\"async\" width=\"150\" height=\"150\" src=\"https:\/\/radiozapatista.org\/wp-content\/uploads\/2014\/11\/Por-Elis-Monroy-6-150x150.jpg\" class=\"attachment-thumbnail size-thumbnail\" alt=\"\" \/><\/a>\n\t\t\t<\/dt><\/dl><dl class='gallery-item'>\n\t\t\t<dt class='gallery-icon landscape'>\n\t\t\t\t<a href='https:\/\/radiozapatista.org\/?attachment_id=11243'><img loading=\"lazy\" decoding=\"async\" width=\"150\" height=\"150\" src=\"https:\/\/radiozapatista.org\/wp-content\/uploads\/2014\/11\/Quesevayantodxs-150x150.jpg\" class=\"attachment-thumbnail size-thumbnail\" alt=\"\" \/><\/a>\n\t\t\t<\/dt><\/dl><br style=\"clear: both\" \/><dl class='gallery-item'>\n\t\t\t<dt class='gallery-icon portrait'>\n\t\t\t\t<a href='https:\/\/radiozapatista.org\/?attachment_id=11244'><img loading=\"lazy\" decoding=\"async\" width=\"150\" height=\"150\" src=\"https:\/\/radiozapatista.org\/wp-content\/uploads\/2014\/11\/seleccio\u00ecn-5-150x150.jpg\" class=\"attachment-thumbnail size-thumbnail\" alt=\"\" \/><\/a>\n\t\t\t<\/dt><\/dl><dl class='gallery-item'>\n\t\t\t<dt class='gallery-icon landscape'>\n\t\t\t\t<a href='https:\/\/radiozapatista.org\/?attachment_id=11245'><img loading=\"lazy\" decoding=\"async\" width=\"150\" height=\"150\" src=\"https:\/\/radiozapatista.org\/wp-content\/uploads\/2014\/11\/seleccio\u00ecn-16-150x150.jpg\" class=\"attachment-thumbnail size-thumbnail\" alt=\"\" \/><\/a>\n\t\t\t<\/dt><\/dl><dl class='gallery-item'>\n\t\t\t<dt class='gallery-icon landscape'>\n\t\t\t\t<a href='https:\/\/radiozapatista.org\/?attachment_id=11246'><img loading=\"lazy\" decoding=\"async\" width=\"150\" height=\"150\" src=\"https:\/\/radiozapatista.org\/wp-content\/uploads\/2014\/11\/seleccio\u00ecn-26-150x150.jpg\" class=\"attachment-thumbnail size-thumbnail\" alt=\"\" \/><\/a>\n\t\t\t<\/dt><\/dl><br style=\"clear: both\" \/><dl class='gallery-item'>\n\t\t\t<dt class='gallery-icon landscape'>\n\t\t\t\t<a href='https:\/\/radiozapatista.org\/?attachment_id=11247'><img loading=\"lazy\" decoding=\"async\" width=\"150\" height=\"150\" src=\"https:\/\/radiozapatista.org\/wp-content\/uploads\/2014\/11\/seleccio\u00ecn-61-150x150.jpg\" class=\"attachment-thumbnail size-thumbnail\" alt=\"\" \/><\/a>\n\t\t\t<\/dt><\/dl><dl class='gallery-item'>\n\t\t\t<dt class='gallery-icon landscape'>\n\t\t\t\t<a href='https:\/\/radiozapatista.org\/?attachment_id=11248'><img loading=\"lazy\" decoding=\"async\" width=\"150\" height=\"150\" src=\"https:\/\/radiozapatista.org\/wp-content\/uploads\/2014\/11\/toulouse2-150x150.jpg\" class=\"attachment-thumbnail size-thumbnail\" alt=\"\" \/><\/a>\n\t\t\t<\/dt><\/dl>\n\t\t\t<br style='clear: both' \/>\n\t\t<\/div>\n<\/p>","protected":false},"excerpt":{"rendered":"<p>Por: Agencia SubVersiones Texto de Elis Monroy, Romeo LopCam y Jer\u00f3nimo D\u00edaz Fotograf\u00edas de Gustavo Ruiz, Lucero Mendiz\u00e1bal, Juan Manuel Garc\u00eda, Yollotl G\u00f3mez Alvarado, Kino Luiggi, Heriberto Paredes, Amaranta Marentes y Elis Monroy Como parte de la #Acci\u00f3nGlobalPorAyotzinapa convocada por los familiares y compa\u00f1eros de los\u00a0estudiantes desaparecidos de la Normal de Ayotzinapa, este 20 de [&hellip;]<\/p>\n","protected":false},"author":1,"featured_media":0,"comment_status":"open","ping_status":"closed","sticky":false,"template":"","format":"standard","meta":{"footnotes":""},"categories":[949,826,954,222],"tags":[929],"class_list":["post-11196","post","type-post","status-publish","format-standard","hentry","category-fotorreportaje","category-medios-libres-2","category-mexico","category-video","tag-ayotzinapa"],"_links":{"self":[{"href":"https:\/\/radiozapatista.org\/index.php?rest_route=\/wp\/v2\/posts\/11196","targetHints":{"allow":["GET"]}}],"collection":[{"href":"https:\/\/radiozapatista.org\/index.php?rest_route=\/wp\/v2\/posts"}],"about":[{"href":"https:\/\/radiozapatista.org\/index.php?rest_route=\/wp\/v2\/types\/post"}],"author":[{"embeddable":true,"href":"https:\/\/radiozapatista.org\/index.php?rest_route=\/wp\/v2\/users\/1"}],"replies":[{"embeddable":true,"href":"https:\/\/radiozapatista.org\/index.php?rest_route=%2Fwp%2Fv2%2Fcomments&post=11196"}],"version-history":[{"count":0,"href":"https:\/\/radiozapatista.org\/index.php?rest_route=\/wp\/v2\/posts\/11196\/revisions"}],"wp:attachment":[{"href":"https:\/\/radiozapatista.org\/index.php?rest_route=%2Fwp%2Fv2%2Fmedia&parent=11196"}],"wp:term":[{"taxonomy":"category","embeddable":true,"href":"https:\/\/radiozapatista.org\/index.php?rest_route=%2Fwp%2Fv2%2Fcategories&post=11196"},{"taxonomy":"post_tag","embeddable":true,"href":"https:\/\/radiozapatista.org\/index.php?rest_route=%2Fwp%2Fv2%2Ftags&post=11196"}],"curies":[{"name":"wp","href":"https:\/\/api.w.org\/{rel}","templated":true}]}}