{"id":11178,"date":"2014-11-21T12:45:37","date_gmt":"2014-11-21T18:45:37","guid":{"rendered":"https:\/\/radiozapatista.org\/?p=11178"},"modified":"2015-11-29T21:14:47","modified_gmt":"2015-11-30T03:14:47","slug":"un-movimiento-que-cambie-de-una-vez-por-todas-este-pais","status":"publish","type":"post","link":"https:\/\/radiozapatista.org\/?p=11178","title":{"rendered":"Un movimiento que cambie de una vez por todas este pa\u00eds"},"content":{"rendered":"<p><\/p>\n<p style=\"text-align: center;\">Registro visual y sonoro de la llegada de la Caravana por Ayotzinapa a la ciudad de M\u00e9xico<\/p>\n<p style=\"text-align: center;\"><img loading=\"lazy\" decoding=\"async\" class=\"aligncenter size-medium wp-image-11189\" src=\"https:\/\/radiozapatista.org\/wp-content\/uploads\/2014\/11\/DSC02561-300x199.jpg\" alt=\"DSC02561\" width=\"300\" height=\"199\" srcset=\"https:\/\/radiozapatista.org\/wp-content\/uploads\/2014\/11\/DSC02561-300x199.jpg 300w, https:\/\/radiozapatista.org\/wp-content\/uploads\/2014\/11\/DSC02561-1024x680.jpg 1024w\" sizes=\"auto, (max-width: 300px) 100vw, 300px\" \/><\/p>\n<p>[podcast]http:\/\/www.radiozapatista.org\/Audios\/parce\/alumnosayotzinapa.mp3[\/podcast] Compartici\u00f3n de alumnos de la Normal de Ayotzinapa al arribar al Z\u00f3calo de la ciudad de M\u00e9xico.<\/p>\n<p>[podcast]http:\/\/www.radiozapatista.org\/Audios\/parce\/padresayotzinapa.mp3[\/podcast]Compartici\u00f3n de padres de\u00a0 alumnos desaparecidos de la Normal de Ayotzinapa al arribar al Z\u00f3calo de la ciudad de M\u00e9xico.<\/p>\n<p>[podcast]http:\/\/www.radiozapatista.org\/Audios\/parce\/sergiolazcano.mp3[\/podcast]Charla con Sergio Rodr\u00edguez Lazcano antes de iniciar la marcha al Z\u00f3calo de la ciudad de M\u00e9xico<\/p>\n<p>\n\t\t<style type=\"text\/css\">\n\t\t\t#gallery-1 {\n\t\t\t\tmargin: auto;\n\t\t\t}\n\t\t\t#gallery-1 .gallery-item {\n\t\t\t\tfloat: left;\n\t\t\t\tmargin-top: 10px;\n\t\t\t\ttext-align: center;\n\t\t\t\twidth: 33%;\n\t\t\t}\n\t\t\t#gallery-1 img {\n\t\t\t\tborder: 2px solid #cfcfcf;\n\t\t\t}\n\t\t\t#gallery-1 .gallery-caption {\n\t\t\t\tmargin-left: 0;\n\t\t\t}\n\t\t\t\/* see gallery_shortcode() in wp-includes\/media.php *\/\n\t\t<\/style>\n\t\t<div id='gallery-1' class='gallery galleryid-11178 gallery-columns-3 gallery-size-thumbnail'><dl class='gallery-item'>\n\t\t\t<dt class='gallery-icon landscape'>\n\t\t\t\t<a href='https:\/\/radiozapatista.org\/?attachment_id=11179'><img loading=\"lazy\" decoding=\"async\" width=\"150\" height=\"150\" src=\"https:\/\/radiozapatista.org\/wp-content\/uploads\/2014\/11\/DSC02400-150x150.jpg\" class=\"attachment-thumbnail size-thumbnail\" alt=\"\" \/><\/a>\n\t\t\t<\/dt><\/dl><dl class='gallery-item'>\n\t\t\t<dt class='gallery-icon landscape'>\n\t\t\t\t<a href='https:\/\/radiozapatista.org\/?attachment_id=11180'><img loading=\"lazy\" decoding=\"async\" width=\"150\" height=\"150\" src=\"https:\/\/radiozapatista.org\/wp-content\/uploads\/2014\/11\/DSC02401-150x150.jpg\" class=\"attachment-thumbnail size-thumbnail\" alt=\"\" \/><\/a>\n\t\t\t<\/dt><\/dl><dl class='gallery-item'>\n\t\t\t<dt class='gallery-icon landscape'>\n\t\t\t\t<a href='https:\/\/radiozapatista.org\/?attachment_id=11181'><img loading=\"lazy\" decoding=\"async\" width=\"150\" height=\"150\" src=\"https:\/\/radiozapatista.org\/wp-content\/uploads\/2014\/11\/DSC02413-150x150.jpg\" class=\"attachment-thumbnail size-thumbnail\" alt=\"\" \/><\/a>\n\t\t\t<\/dt><\/dl><br style=\"clear: both\" \/><dl class='gallery-item'>\n\t\t\t<dt class='gallery-icon landscape'>\n\t\t\t\t<a href='https:\/\/radiozapatista.org\/?attachment_id=11182'><img loading=\"lazy\" decoding=\"async\" width=\"150\" height=\"150\" src=\"https:\/\/radiozapatista.org\/wp-content\/uploads\/2014\/11\/DSC02424-150x150.jpg\" class=\"attachment-thumbnail size-thumbnail\" alt=\"\" \/><\/a>\n\t\t\t<\/dt><\/dl><dl class='gallery-item'>\n\t\t\t<dt class='gallery-icon landscape'>\n\t\t\t\t<a href='https:\/\/radiozapatista.org\/?attachment_id=11183'><img loading=\"lazy\" decoding=\"async\" width=\"150\" height=\"150\" src=\"https:\/\/radiozapatista.org\/wp-content\/uploads\/2014\/11\/DSC02426-150x150.jpg\" class=\"attachment-thumbnail size-thumbnail\" alt=\"\" \/><\/a>\n\t\t\t<\/dt><\/dl><dl class='gallery-item'>\n\t\t\t<dt class='gallery-icon landscape'>\n\t\t\t\t<a href='https:\/\/radiozapatista.org\/?attachment_id=11184'><img loading=\"lazy\" decoding=\"async\" width=\"150\" height=\"150\" src=\"https:\/\/radiozapatista.org\/wp-content\/uploads\/2014\/11\/DSC02433-150x150.jpg\" class=\"attachment-thumbnail size-thumbnail\" alt=\"\" \/><\/a>\n\t\t\t<\/dt><\/dl><br style=\"clear: both\" \/><dl class='gallery-item'>\n\t\t\t<dt class='gallery-icon landscape'>\n\t\t\t\t<a href='https:\/\/radiozapatista.org\/?attachment_id=11185'><img loading=\"lazy\" decoding=\"async\" width=\"150\" height=\"150\" src=\"https:\/\/radiozapatista.org\/wp-content\/uploads\/2014\/11\/DSC02455-150x150.jpg\" class=\"attachment-thumbnail size-thumbnail\" alt=\"\" \/><\/a>\n\t\t\t<\/dt><\/dl><dl class='gallery-item'>\n\t\t\t<dt class='gallery-icon landscape'>\n\t\t\t\t<a href='https:\/\/radiozapatista.org\/?attachment_id=11186'><img loading=\"lazy\" decoding=\"async\" width=\"150\" height=\"150\" src=\"https:\/\/radiozapatista.org\/wp-content\/uploads\/2014\/11\/DSC02496-150x150.jpg\" class=\"attachment-thumbnail size-thumbnail\" alt=\"\" \/><\/a>\n\t\t\t<\/dt><\/dl><dl class='gallery-item'>\n\t\t\t<dt class='gallery-icon landscape'>\n\t\t\t\t<a href='https:\/\/radiozapatista.org\/?attachment_id=11187'><img loading=\"lazy\" decoding=\"async\" width=\"150\" height=\"150\" src=\"https:\/\/radiozapatista.org\/wp-content\/uploads\/2014\/11\/DSC02503-150x150.jpg\" class=\"attachment-thumbnail size-thumbnail\" alt=\"\" \/><\/a>\n\t\t\t<\/dt><\/dl><br style=\"clear: both\" \/><dl class='gallery-item'>\n\t\t\t<dt class='gallery-icon landscape'>\n\t\t\t\t<a href='https:\/\/radiozapatista.org\/?attachment_id=11188'><img loading=\"lazy\" decoding=\"async\" width=\"150\" height=\"150\" src=\"https:\/\/radiozapatista.org\/wp-content\/uploads\/2014\/11\/DSC02524-150x150.jpg\" class=\"attachment-thumbnail size-thumbnail\" alt=\"\" \/><\/a>\n\t\t\t<\/dt><\/dl><dl class='gallery-item'>\n\t\t\t<dt class='gallery-icon landscape'>\n\t\t\t\t<a href='https:\/\/radiozapatista.org\/?attachment_id=11189'><img loading=\"lazy\" decoding=\"async\" width=\"150\" height=\"150\" src=\"https:\/\/radiozapatista.org\/wp-content\/uploads\/2014\/11\/DSC02561-150x150.jpg\" class=\"attachment-thumbnail size-thumbnail\" alt=\"\" \/><\/a>\n\t\t\t<\/dt><\/dl><dl class='gallery-item'>\n\t\t\t<dt class='gallery-icon landscape'>\n\t\t\t\t<a href='https:\/\/radiozapatista.org\/?attachment_id=11190'><img loading=\"lazy\" decoding=\"async\" width=\"150\" height=\"150\" src=\"https:\/\/radiozapatista.org\/wp-content\/uploads\/2014\/11\/DSC02583-150x150.jpg\" class=\"attachment-thumbnail size-thumbnail\" alt=\"\" \/><\/a>\n\t\t\t<\/dt><\/dl><br style=\"clear: both\" \/><dl class='gallery-item'>\n\t\t\t<dt class='gallery-icon landscape'>\n\t\t\t\t<a href='https:\/\/radiozapatista.org\/?attachment_id=11191'><img loading=\"lazy\" decoding=\"async\" width=\"150\" height=\"150\" src=\"https:\/\/radiozapatista.org\/wp-content\/uploads\/2014\/11\/DSC02596-150x150.jpg\" class=\"attachment-thumbnail size-thumbnail\" alt=\"\" \/><\/a>\n\t\t\t<\/dt><\/dl><dl class='gallery-item'>\n\t\t\t<dt class='gallery-icon landscape'>\n\t\t\t\t<a href='https:\/\/radiozapatista.org\/?attachment_id=11192'><img loading=\"lazy\" decoding=\"async\" width=\"150\" height=\"150\" src=\"https:\/\/radiozapatista.org\/wp-content\/uploads\/2014\/11\/DSC02656-150x150.jpg\" class=\"attachment-thumbnail size-thumbnail\" alt=\"\" \/><\/a>\n\t\t\t<\/dt><\/dl>\n\t\t\t<br style='clear: both' \/>\n\t\t<\/div>\n<\/p>","protected":false},"excerpt":{"rendered":"<p>Registro visual y sonoro de la llegada de la Caravana por Ayotzinapa a la ciudad de M\u00e9xico [podcast]http:\/\/www.radiozapatista.org\/Audios\/parce\/alumnosayotzinapa.mp3[\/podcast] Compartici\u00f3n de alumnos de la Normal de Ayotzinapa al arribar al Z\u00f3calo de la ciudad de M\u00e9xico. [podcast]http:\/\/www.radiozapatista.org\/Audios\/parce\/padresayotzinapa.mp3[\/podcast]Compartici\u00f3n de padres de\u00a0 alumnos desaparecidos de la Normal de Ayotzinapa al arribar al Z\u00f3calo de la ciudad de M\u00e9xico. [&hellip;]<\/p>\n","protected":false},"author":13,"featured_media":0,"comment_status":"open","ping_status":"closed","sticky":false,"template":"","format":"standard","meta":{"footnotes":""},"categories":[1,949,954,190],"tags":[929],"class_list":["post-11178","post","type-post","status-publish","format-standard","hentry","category-audio","category-fotorreportaje","category-mexico","category-radiozapatista","tag-ayotzinapa"],"_links":{"self":[{"href":"https:\/\/radiozapatista.org\/index.php?rest_route=\/wp\/v2\/posts\/11178","targetHints":{"allow":["GET"]}}],"collection":[{"href":"https:\/\/radiozapatista.org\/index.php?rest_route=\/wp\/v2\/posts"}],"about":[{"href":"https:\/\/radiozapatista.org\/index.php?rest_route=\/wp\/v2\/types\/post"}],"author":[{"embeddable":true,"href":"https:\/\/radiozapatista.org\/index.php?rest_route=\/wp\/v2\/users\/13"}],"replies":[{"embeddable":true,"href":"https:\/\/radiozapatista.org\/index.php?rest_route=%2Fwp%2Fv2%2Fcomments&post=11178"}],"version-history":[{"count":0,"href":"https:\/\/radiozapatista.org\/index.php?rest_route=\/wp\/v2\/posts\/11178\/revisions"}],"wp:attachment":[{"href":"https:\/\/radiozapatista.org\/index.php?rest_route=%2Fwp%2Fv2%2Fmedia&parent=11178"}],"wp:term":[{"taxonomy":"category","embeddable":true,"href":"https:\/\/radiozapatista.org\/index.php?rest_route=%2Fwp%2Fv2%2Fcategories&post=11178"},{"taxonomy":"post_tag","embeddable":true,"href":"https:\/\/radiozapatista.org\/index.php?rest_route=%2Fwp%2Fv2%2Ftags&post=11178"}],"curies":[{"name":"wp","href":"https:\/\/api.w.org\/{rel}","templated":true}]}}