{"id":11022,"date":"2014-11-07T17:50:42","date_gmt":"2014-11-07T23:50:42","guid":{"rendered":"https:\/\/radiozapatista.org\/?p=11022"},"modified":"2014-11-07T17:50:42","modified_gmt":"2014-11-07T23:50:42","slug":"%c2%bfpor-que-torturaron-hasta-la-muerte-al-normalista-julio-cesar-mondragon","status":"publish","type":"post","link":"https:\/\/radiozapatista.org\/?p=11022","title":{"rendered":"<!--:es-->\u00bfPor qu\u00e9 torturaron hasta la muerte al normalista Julio C\u00e9sar Mondrag\u00f3n?<!--:--><!--:en-->Why did they torture Julio C\u00e9sar Mondrag\u00f3n to death?<!--:-->"},"content":{"rendered":"<p><!--:es-->Julio C\u00e9sar Mondrag\u00f3n Fontes, estudiante de la normal rural de  Ayotzinapa, perdi\u00f3 la vida en la masacre de Iguala. Nunca fue entregado a  grupo delictivo alguno, como supuestamente ocurri\u00f3 con sus 43  compa\u00f1eros desaparecidos hasta hoy. Fue detenido, torturado y ejecutado  all\u00ed mismo por la polic\u00eda municipal. Para Julio C\u00e9sar no hubo compasi\u00f3n.  Pero habr\u00e1 justicia.<\/p>\n<p><a href=\"http:\/\/www.animalpolitico.com\/blogueros-la-dignidad-en-nuestras-manos\/2014\/11\/05\/memoria-verdad-y-justicia-para-el-normalista-julio-cesar-mondragon-fontes\/\" target=\"_blank\"><strong>Animal Pol\u00edtico<\/strong><\/a><\/p>\n<p><strong>Por: Sayuri Herrera Rom\u00e1n<\/strong><\/p>\n<p style=\"text-align: right;\"><em>Acudieron a \u00e9l veinte, cien, mil, quinientos mil,<\/em><br \/>\n<em> clamando: \u201c\u00a1Tanto amor y no poder nada contra la muerte!\u201d<\/em><br \/>\nMASA<br \/>\nC\u00e9sar Vallejo<\/p>\n<p style=\"text-align: right;\"><em>Veo correr noches, morir los d\u00edas, agonizar las tardes<\/em><br \/>\n<em>Morirse todo de terror y de angustia.<\/em><br \/>\n<em>Porque ha vuelto a correr la sangre de los buenos<\/em><br \/>\n<em>y las c\u00e1rceles y las prisiones militares son para ellos.<\/em><br \/>\n<em>Porque la sombra de los malignos es espesa y amarga<\/em><br \/>\n<em>y hay miedo en los ojos y nadie habla<\/em><br \/>\n<em>y nadie escribe y nadie quiere saber nada de nada,<\/em><br \/>\n<em>porque el plomo de la mentira cae, hirviendo,<\/em><br \/>\n<em>sobre el cuerpo del pueblo persignado.<\/em><br \/>\n<em>Porque hay enga\u00f1o y miseria<\/em><br \/>\n<em>y el territorio es un \u00e1spero ed\u00e9n de muerte cuartelaria.<\/em><br \/>\n<em>\u00a1MI PA\u00cdS, OH MI PA\u00cdS! <\/em><br \/>\nEfra\u00edn Huerta<\/p>\n<p><strong>El mensaje<\/strong><\/p>\n<p>Julio C\u00e9sar Mondrag\u00f3n Fontes, estudiante de la normal rural de  Ayotzinapa, perdi\u00f3 la vida en la masacre de Iguala. Nunca fue entregado a  grupo delictivo alguno, como supuestamente ocurri\u00f3 con sus 43  compa\u00f1eros desaparecidos hasta hoy. Fue detenido, torturado y ejecutado  all\u00ed mismo por la polic\u00eda municipal.<\/p>\n<p>El cuerpo no fue ocultado, sino expuesto, abandonado en una calle de  Iguala. Arrancado el rostro, extra\u00eddos los ojos. Pronto esta imagen  comenz\u00f3 a circular en las redes sociales, alguien, no sabemos qui\u00e9n, le  tom\u00f3 una fotograf\u00eda que pronto se hizo p\u00fablica. El mensaje fue enviado.<\/p>\n<p>Es importante recuperar las significaciones inscritas en el cuerpo de  Julio C\u00e9sar, un mensaje que se ocuparon de allegarnos desde que le  arrancaron la vida. Esa forma de matar, la t\u00e9cnica ocupada, no se  practic\u00f3 y planific\u00f3 para no ser vista. Es la raz\u00f3n por la que  abandonaron el cuerpo y no lo ocultaron, as\u00ed fue desde que se tom\u00f3 la  foto y se reprodujo.<\/p>\n<p style=\"text-align: center;\"><a rel=\"attachment wp-att-333891\" href=\"https:\/\/radiozapatista.org\/?attachment_id=333891\"><img loading=\"lazy\" decoding=\"async\" class=\"aligncenter\" src=\"http:\/\/static.animalpolitico.com\/wp-content\/uploads\/2014\/11\/foto-dos-julio-cesar-441x346.jpg\" alt=\"foto dos julio cesar\" width=\"441\" height=\"346\" \/><\/a><\/p>\n<p><strong>Los torturadores<\/strong><\/p>\n<p>La tortura ha tomado tales proporciones que se ha convertido ya en un instrumento de gobierno. Uno que no debemos ignorar.<\/p>\n<p>Las t\u00e9cnicas de tortura son ense\u00f1adas, mecanizadas y se exportan de  un pa\u00eds a otro. Hay un aprendizaje de la tortura, un entrenamiento en  ello y los \u201cexpertos\u201d van ofreciendo sus servicios de \u201ccapacitaci\u00f3n\u201d de  un gobierno opresor a otro. La tortura generalizada es evidentemente un  asunto pol\u00edtico y econ\u00f3mico, no solamente psicol\u00f3gico.<\/p>\n<p>El psicoanalista Ra\u00fal P\u00e1ramo Ortega, en el art\u00edculo \u201c<a href=\"http:\/\/www.juridicas.unam.mx\/publica\/librev\/rev\/critica\/cont\/34\/cmu\/cmu9.pdf\" target=\"_blank\">Tortura, ant\u00edpoda de la compasi\u00f3n<\/a>\u201d,  nos ofrece valiosas claves para comprender la magnitud de la tragedia a  la que nos enfrentamos, as\u00ed como fundamentos para se\u00f1alar la  responsabilidad del Estado mexicano por practicar la tortura y adem\u00e1s  generar, en distintos niveles y dimensiones, condiciones favorables para  la masificaci\u00f3n de esta pr\u00e1ctica. P\u00e1ramo comenta:<\/p>\n<blockquote><p>\u201c<em>Las explicaciones a  nivel de psicopatolog\u00eda individual siguen fracasando al querer  caracterizar la personalidad del torturador. Ninguna explicaci\u00f3n  individual basta porque en realidad la personalidad del torturador  corresponde a un tipo determinado de sociedad con la que se confunde.  (\u2026) si algo tiene ese tipo de personalidad es precisamente no ser  a-social sino producto neto de un tipo de sociedad<\/em>\u201d.<\/p><\/blockquote>\n<p>La sociedad que crea condiciones propicias para la tortura es aquella  educada para la competencia, el ego\u00edsmo, la obediencia ciega, el  autoritarismo y la violencia. Sin duda, todas esas caracter\u00edsticas las  encontramos en el M\u00e9xico de hoy.<\/p>\n<p>Por otro lado, se\u00f1ala que: <em>\u201cEl presupuesto fundamental, el n\u00facleo  central para que la tortura sea tortura, es el que el otro est\u00e9 a mi  merced. La disponibilidad \u2013ciertamente forzada- del otro es condici\u00f3n  previa para la tortura. En la medida en que se d\u00e9 la situaci\u00f3n de  impotencia total, estar\u00e1 dada la invitaci\u00f3n\/seducci\u00f3n a cierto grado de  tortura\u201d.<\/em><\/p>\n<div id=\"contextly-u1dyp6KVFQ3LVhuKgA4VaFrkmaNvvnE3\">\n<div>\n<div><\/div>\n<\/div>\n<\/div>\n<p>Los  mexicanos se encuentran vulnerables e indefensos ante poderes  arbitrarios y opresores como la delincuencia organizada, la polic\u00eda, el  ej\u00e9rcito y la burocracia, es decir, frente al propio Estado. Esto es  desde ya, nos dice P\u00e1ramo, una tortura incipiente instituida: la  arbitrariedad de las autoridades, el abuso de poder, el desprecio por  los derechos y la dignidad de las personas por parte de los gobernantes  es la antesala de la tortura, \u00e9sta es el abuso de poder llevado al  extremo.<\/p>\n<p>Con estas condiciones de vulnerabilidad, desde luego dadas en Iguala,  los torturadores enviaron su mensaje. De acuerdo con el art\u00edculo, el  torturador \u201c<em>pretende ante todo mostrar y mostrarse que es \u00e9l incuestionablemente el m\u00e1s fuerte. Ese es su prop\u00f3sito fundamental, <\/em>as\u00ed  sea enmascarado con pretextos racionalizadores del tipo de \u201clo hago  para obtener informaci\u00f3n \u00fatil para el Estado\u201d, \u201cestoy obedeciendo\u201d,  \u201ccumplo con mi deber\u201d, \u201cdefiendo los valores de la civilizaci\u00f3n  occidental\u201d. La tortura requiere ideolog\u00eda. <em>La pr\u00e1ctica de la  tortura no viene a ser otra cosa sino la concreci\u00f3n m\u00e1s extrema del uso  del poder. La tortura es la pr\u00e1ctica por excelencia del poder total. <\/em>Los torturadores son poderosos o no son torturadores\u201d.<\/p>\n<p>Para Julio C\u00e9sar no hubo compasi\u00f3n. Pero habr\u00e1 justicia.<\/p>\n<p><strong>Los responsables<\/strong><\/p>\n<p>La tortura y ejecuci\u00f3n extrajudicial de Julio C\u00e9sar Mondrag\u00f3n Fontes  es un crimen de lesa humanidad, uno que por su naturaleza agravia a toda  ella en su conjunto, es un crimen de Estado. Lo es en muchos sentidos.  Por la generaci\u00f3n de condiciones sociales prevalentes para el ejercicio  de la pr\u00e1ctica y su impunidad as\u00ed como por la autor\u00eda intelectual, la  realizaci\u00f3n y comisi\u00f3n del hecho. Es as\u00ed que el deslinde de  responsabilidades abarca desde la polic\u00eda municipal, el alcalde de  Iguala y su esposa, el Gobernador del estado de Guerrero, el ej\u00e9rcito,  hasta el Poder Judicial de la Federaci\u00f3n, el Congreso de la Uni\u00f3n y el  presidente de la Rep\u00fablica y comandante general de las fuerzas armadas,  Enrique Pe\u00f1a Nieto.<\/p>\n<p>El gobierno, m\u00e1s que enfrentar a los c\u00e1rteles, se ha coludido con  ellos y, en cambio, silencia a v\u00edctimas, defensores de derechos humanos,  periodistas y medios de comunicaci\u00f3n. En M\u00e9xico hay guerra, una que el  PRI en su arribo al poder, pretendi\u00f3 ocultar. Una guerra bajo el lema  que alguna vez prevaleci\u00f3 como estrategia de Estado en El Salvador:  \u201cunidos unos contra otros para que acabemos con ellos\u201d. Terrorismo  represivo de contrainsurgencia. Los c\u00e1rteles y el gobierno, tambi\u00e9n los  partidos (PRI, PAN, PRD) est\u00e1n \u201cunidos unos contra otros\u201d para acabar  con el pueblo.<\/p>\n<p style=\"text-align: center;\"><a rel=\"attachment wp-att-333890\" href=\"https:\/\/radiozapatista.org\/?attachment_id=333890\"><img loading=\"lazy\" decoding=\"async\" class=\"aligncenter\" src=\"http:\/\/static.animalpolitico.com\/wp-content\/uploads\/2014\/11\/Foto-uno-julio-c%C3%A9sar.jpg\" alt=\"Foto uno julio c\u00e9sar\" width=\"413\" height=\"546\" \/><\/a><\/p>\n<p><strong>El amor<\/strong><\/p>\n<p>La imagen impactante que circulaba en redes sociales pronto lleg\u00f3 a  los ojos de Marisa, esposa de Julio y madre de su hija, Melisa Sayuri,  de apenas 3 meses de edad. Marisa y el t\u00edo Guillermo Fontes viajaron a  Iguala a reconocer y recoger el cuerpo destrozado, herido, mancillado,  del joven estudiante de 22 a\u00f1os que muri\u00f3 en su deseo de ser maestro. El  m\u00e9dico forense y otros bur\u00f3cratas explicaron: \u201cfue desollado vivo\u201d. La  aseveraci\u00f3n se corrobora, entre otras cosas, por la forma en que sus  restos mantienen los dientes y mand\u00edbula apretados. El dolor debi\u00f3 ser  inimaginable.<\/p>\n<p>Fue pronto y discreto el regreso de Iguala. Ya en casa, la familia  organiz\u00f3 el entierro y novenario para Julio; el levantamiento de la cruz  se realiz\u00f3 el 9 de octubre. Los amigos y familiares que le conocen bien  aseguran que Julio era valiente, entregado, decidido, no dudan que  cuerpo a cuerpo hubiese salido avante en una lucha, \u201c\u00a1pero as\u00ed, armados y  en bola, lo despedazaron!\u201d<\/p>\n<p><strong>\u201c\u00bfQui\u00e9n tortur\u00f3 hasta la muerte a Julio C\u00e9sar? \u00bfQui\u00e9n lo  mat\u00f3?\u201d, preguntaba Marisa, con l\u00e1grimas en los ojos a Enrique Pe\u00f1a Nieto <\/strong>en la reuni\u00f3n sostenida el martes 28 de octubre pasado. El presidente, ante el reclamo, no dio respuesta.<\/p>\n<p><strong>Memoria, Verdad, Justicia <\/strong><\/p>\n<p>Los d\u00edas siguientes al novenario de Julio, Marisa recibi\u00f3 en su casa  la visita imprevista de personal del gobierno de Guerrero; para \u201creparar  el da\u00f1o\u201d se ocuparon de entregarle un cheque por diez mil pesos. Ofende  y lastima profundamente el gesto, la ignorancia, la incompetencia.<\/p>\n<p>El da\u00f1o perpetrado contra el normalista, su familia, el pueblo  mexicano, es profundo, la deuda es hist\u00f3rica: verdad, justicia, memoria.  <strong>Esa es la deuda. \u00bfC\u00f3mo van a pagarla?<\/strong><\/p>\n<p>El Estado est\u00e1 obligado a suprimir las condiciones que alientan la  pr\u00e1ctica de la tortura, es decir, a prevenirla. Acabar con la impunidad y  transformarse. La reparaci\u00f3n debe ser \u00e9tica y jur\u00eddica por medio de la  reivindicaci\u00f3n de la verdad de lo acontecido y el castigo a los  responsables; en cuanto a lo material, los da\u00f1os provocados, el proyecto  de vida alterado, no s\u00f3lo de Julio, sino de su esposa y su hija, debe  ser cubierto a trav\u00e9s de indemnizaciones o restituciones adecuado todo  ello a est\u00e1ndares internacionales.<\/p>\n<p>Tambi\u00e9n nosotras, nosotros podemos reparar. Podemos reparar a cada  paso que damos exigiendo justicia, podemos reparar cuando afrontamos el  mensaje de terror que fue inscrito en el cuerpo de Julio y seguimos  caminando, con cada poema escrito, con cada acopio ofrendado con cari\u00f1o,  con la memoria que guardamos de lo acontecido, con la transmisi\u00f3n y  recuento de la verdad. Por Julio C\u00e9sar Mondrag\u00f3n Fontes y los 43  normalistas desparecidos, ni perd\u00f3n, ni olvido.<\/p>\n<p><iframe loading=\"lazy\" width=\"480\" height=\"270\" src=\"\/\/www.youtube.com\/embed\/1adZVQPwIlI\" frameborder=\"0\" allowfullscreen><\/iframe><\/p>\n<p>* Sayuri Herrera Rom\u00e1n es colaboradora del \u00e1rea jur\u00eddica del Centro de Derechos Humanos Fray Francisco de Vitoria OP, A. C. <a href=\"https:\/\/twitter.com\/CDHVitoria\" target=\"_blank\">@CDHVitoria<\/a><!--:--><\/p>\n","protected":false},"excerpt":{"rendered":"<p>Julio C\u00e9sar Mondrag\u00f3n Fontes, estudiante de la normal rural de Ayotzinapa, perdi\u00f3 la vida en la masacre de Iguala. Nunca fue entregado a grupo delictivo alguno, como supuestamente ocurri\u00f3 con sus 43 compa\u00f1eros desaparecidos hasta hoy. Fue detenido, torturado y ejecutado all\u00ed mismo por la polic\u00eda municipal. Para Julio C\u00e9sar no hubo compasi\u00f3n. Pero habr\u00e1 [&hellip;]<\/p>\n","protected":false},"author":1,"featured_media":0,"comment_status":"open","ping_status":"closed","sticky":false,"template":"","format":"standard","meta":{"footnotes":""},"categories":[183],"tags":[929,77,87,187],"class_list":["post-11022","post","type-post","status-publish","format-standard","hentry","category-blog","tag-ayotzinapa","tag-guerrero","tag-represion","tag-tortura"],"_links":{"self":[{"href":"https:\/\/radiozapatista.org\/index.php?rest_route=\/wp\/v2\/posts\/11022","targetHints":{"allow":["GET"]}}],"collection":[{"href":"https:\/\/radiozapatista.org\/index.php?rest_route=\/wp\/v2\/posts"}],"about":[{"href":"https:\/\/radiozapatista.org\/index.php?rest_route=\/wp\/v2\/types\/post"}],"author":[{"embeddable":true,"href":"https:\/\/radiozapatista.org\/index.php?rest_route=\/wp\/v2\/users\/1"}],"replies":[{"embeddable":true,"href":"https:\/\/radiozapatista.org\/index.php?rest_route=%2Fwp%2Fv2%2Fcomments&post=11022"}],"version-history":[{"count":0,"href":"https:\/\/radiozapatista.org\/index.php?rest_route=\/wp\/v2\/posts\/11022\/revisions"}],"wp:attachment":[{"href":"https:\/\/radiozapatista.org\/index.php?rest_route=%2Fwp%2Fv2%2Fmedia&parent=11022"}],"wp:term":[{"taxonomy":"category","embeddable":true,"href":"https:\/\/radiozapatista.org\/index.php?rest_route=%2Fwp%2Fv2%2Fcategories&post=11022"},{"taxonomy":"post_tag","embeddable":true,"href":"https:\/\/radiozapatista.org\/index.php?rest_route=%2Fwp%2Fv2%2Ftags&post=11022"}],"curies":[{"name":"wp","href":"https:\/\/api.w.org\/{rel}","templated":true}]}}