{"id":10953,"date":"2014-11-04T21:20:24","date_gmt":"2014-11-05T03:20:24","guid":{"rendered":"https:\/\/radiozapatista.org\/?p=10953"},"modified":"2015-08-31T08:30:51","modified_gmt":"2015-08-31T13:30:51","slug":"carta-de-la-crac-pc-de-los-pueblos-fundadores-a-estudiantes-y-padres-de-familia-de-ayotzinapa","status":"publish","type":"post","link":"https:\/\/radiozapatista.org\/?p=10953","title":{"rendered":"Carta de la CRAC-PC de los Pueblos Fundadores a estudiantes y padres de familia de Ayotzinapa"},"content":{"rendered":"<p><a href=\"https:\/\/radiozapatista.org\/wp-content\/uploads\/2014\/11\/crac.png\"><img decoding=\"async\" class=\"aligncenter size-full wp-image-10954\" title=\"crac\" src=\"https:\/\/radiozapatista.org\/wp-content\/uploads\/2014\/11\/crac.png\" alt=\"\" width=\"480\" srcset=\"https:\/\/radiozapatista.org\/wp-content\/uploads\/2014\/11\/crac.png 628w, https:\/\/radiozapatista.org\/wp-content\/uploads\/2014\/11\/crac-350x108.png 350w, https:\/\/radiozapatista.org\/wp-content\/uploads\/2014\/11\/crac-300x92.png 300w\" sizes=\"(max-width: 628px) 100vw, 628px\" \/><\/a><\/p>\n<p>A los estudiantes de Ayotzinapa,<br \/>\nA las madres y padres de los asesinados y desaparecidos,<\/p>\n<p>Hermanos: queremos que sepan que su dolor lo sentimos como nuestro dolor. Reunidos en Asamblea Regional el 18 de octubre las comunidades que integramos la CRAC-PC de los pueblos fundadores del Sistema Comunitario les decimos que no est\u00e1n solos, que cuentan con la solidaridad de nuestras comunidades. Haremos todo lo que est\u00e9 a nuestro alcance para denunciar este crimen del \u201cnarcoestado\u201d y exigir la presentaci\u00f3n con vida de los desaparecidos y la justicia verdadera para Ayotzinapa.<\/p>\n<p>El ej\u00e9rcito mexicano y el gobernador perredista y asesino de \u00c1ngel Aguirre Rivero, sus manos quedar\u00e1n manchadas de sangre al igual que la de los gobiernos de los Figueroa. La guerra sucia en los setentas y ochentas, las masacres de Aguas Blancas y El Charco en los noventas, hacen de nuestro estado no s\u00f3lo uno de los que tiene mayores \u00edndices de miseria de toda Am\u00e9rica Latina, sino uno de los m\u00e1s sangrientos y represivos de la historia contempor\u00e1nea de M\u00e9xico.<\/p>\n<p>Los asesinatos de los normalistas Jorge Alexis Herrera Tino y Gabriel Echeverr\u00eda de Jes\u00fas, el 11 de diciembre de 2011, cuando \u00c1ngel Aguirre Rivero volv\u00eda a asumir el poder en Guerrero; los m\u00e1s de 19 luchadores sociales asesinados en lo que fue su administraci\u00f3n y; bajo la presidencia de Enrique Pe\u00f1a Nieto, la barbarie de disparar r\u00e1fagas y asesinar de manera cobarde y ruin a 3 estudiantes y desaparecer a otros 43, muestran lo que es el Estado mexicano ante el pueblo de M\u00e9xico y los pueblos del mundo.<\/p>\n<p>El silencio c\u00f3mplice y luego el falso deslinde de una izquierda institucional asesina, que es en lo que se convirti\u00f3 el partido PRD, despu\u00e9s de tanta sangre derramada en nuestro estado por construir esa izquierda electoral, nuevamente \u00a0nos demuestra que los partidos pol\u00edticos no sirven mas que para robar y matar a nuestros pueblos.<\/p>\n<p style=\"text-align: center;\"><em>Frente a la destrucci\u00f3n y la muerte de los de arriba, la construcci\u00f3n de los de abajo<\/em><\/p>\n<p style=\"text-align: center;\">\u00a1Presentaci\u00f3n con vida de los desaparecidos!<br \/>\n\u00a1Justicia verdadera para Ayotzinapa!<\/p>\n<p style=\"text-align: center;\">Territorio Comunitario, 18 de octubre de 2014<\/p>\n<p style=\"text-align: center;\">Atentamente<br \/>\n\u201cEl Respeto a Nuestros Derechos es Justicia\u201d<\/p>\n<p style=\"text-align: center;\">Coordinadora Regional de Autoridades Comunitaria \u2013 Polic\u00eda Comunitaria de los pueblos fundadores del Sistema Comunitario de Seguridad y Justicia de la Costa-Monta\u00f1a de Guerrero.<\/p>\n<p><\/p>","protected":false},"excerpt":{"rendered":"<p>A los estudiantes de Ayotzinapa, A las madres y padres de los asesinados y desaparecidos, Hermanos: queremos que sepan que su dolor lo sentimos como nuestro dolor. Reunidos en Asamblea Regional el 18 de octubre las comunidades que integramos la CRAC-PC de los pueblos fundadores del Sistema Comunitario les decimos que no est\u00e1n solos, que [&hellip;]<\/p>\n","protected":false},"author":1,"featured_media":0,"comment_status":"open","ping_status":"closed","sticky":false,"template":"","format":"standard","meta":{"footnotes":""},"categories":[183],"tags":[929,554,77,78,27],"class_list":["post-10953","post","type-post","status-publish","format-standard","hentry","category-blog","tag-ayotzinapa","tag-crac","tag-guerrero","tag-policia-comunitaria","tag-solidaridad"],"_links":{"self":[{"href":"https:\/\/radiozapatista.org\/index.php?rest_route=\/wp\/v2\/posts\/10953","targetHints":{"allow":["GET"]}}],"collection":[{"href":"https:\/\/radiozapatista.org\/index.php?rest_route=\/wp\/v2\/posts"}],"about":[{"href":"https:\/\/radiozapatista.org\/index.php?rest_route=\/wp\/v2\/types\/post"}],"author":[{"embeddable":true,"href":"https:\/\/radiozapatista.org\/index.php?rest_route=\/wp\/v2\/users\/1"}],"replies":[{"embeddable":true,"href":"https:\/\/radiozapatista.org\/index.php?rest_route=%2Fwp%2Fv2%2Fcomments&post=10953"}],"version-history":[{"count":0,"href":"https:\/\/radiozapatista.org\/index.php?rest_route=\/wp\/v2\/posts\/10953\/revisions"}],"wp:attachment":[{"href":"https:\/\/radiozapatista.org\/index.php?rest_route=%2Fwp%2Fv2%2Fmedia&parent=10953"}],"wp:term":[{"taxonomy":"category","embeddable":true,"href":"https:\/\/radiozapatista.org\/index.php?rest_route=%2Fwp%2Fv2%2Fcategories&post=10953"},{"taxonomy":"post_tag","embeddable":true,"href":"https:\/\/radiozapatista.org\/index.php?rest_route=%2Fwp%2Fv2%2Ftags&post=10953"}],"curies":[{"name":"wp","href":"https:\/\/api.w.org\/{rel}","templated":true}]}}