{"id":10946,"date":"2014-11-04T21:06:15","date_gmt":"2014-11-05T03:06:15","guid":{"rendered":"https:\/\/radiozapatista.org\/?p=10946"},"modified":"2017-07-04T08:29:38","modified_gmt":"2017-07-04T13:29:38","slug":"declaracion-conjunta-del-cni-y-el-ezln-sobre-el-ataque-gubernamental-contra-la-comunidad-natho-de-san-francisco-xochicuautla","status":"publish","type":"post","link":"https:\/\/radiozapatista.org\/?p=10946","title":{"rendered":"Declaraci\u00f3n conjunta del CNI y el EZLN sobre el ataque gubernamental contra la comunidad \u00f1atho de San Francisco Xochicuautla"},"content":{"rendered":"<p><\/p>\n<h4 style=\"text-align: center;\">DECLARACI\u00d3N CONJUNTA DEL CONGRESO NACIONAL IND\u00cdGENA Y EL EZLN SOBRE EL COBARDE ATAQUE DE FUERZAS GUBERNAMENTALES CONTRA LA COMUNIDAD IND\u00cdGENA \u00d1ATHO DE SAN FRANCISCO XOCHICUAUTLA, el d\u00eda 3 de noviembre del 2014.<\/h4>\n<p>A la Comunidad ind\u00edgena \u00d1ath\u00f6 San Francisco Xochicuautla<br \/>\nA la Sexta Nacional e Internacional<br \/>\nA los Pueblos del Mundo<\/p>\n<p>Hoy, nuevamente nuestros hermanos y hermanas de la Comunidad Ind\u00edgena \u00d1atho de San Francisco Xochicuautla, han defendido su territorio de la destrucci\u00f3n y ambici\u00f3n voraz que a toda costa quiere imponer una autopista de los de arriba y para los de arriba, violando las leyes mexicanas e internacionales.<\/p>\n<p>No bast\u00e1ndoles con haber arrasado los bosques, los malos gobiernos de Enrique Pe\u00f1a Nieto y Eruviel \u00c1vila Villegas han secuestrado a nuestras hermanas Felipa Guti\u00e9rrez Petra (67 a\u00f1os), Rosa Saavedra Mendoza (54 a\u00f1os), Francisca Reyes Flores (28 a\u00f1os) y a nuestros hermanos Armando Garc\u00eda Salazar (50 a\u00f1os), Venancio Hern\u00e1ndez Ram\u00edrez (57 a\u00f1os), Domingo Hern\u00e1ndez Ram\u00edrez (57 a\u00f1os), Mauricio Reyes Flores (28 a\u00f1os) y Jer\u00f3nimo Flores Arcelino (73 a\u00f1os).<\/p>\n<p>A los de arriba les advertimos, por si se les hab\u00eda olvidado, que como pueblos y comunidades que hemos caminado una larga resistencia en la defensa de lo que somos, fuimos y seremos, no nos cansaremos de sembrar rebeld\u00eda donde ellos corten las flores, los encinos, los oyameles; de levantar resistencia donde ellos impongan maquinaria de destrucci\u00f3n.<\/p>\n<h4><!--more--><\/h4>\n<p>Porque las ra\u00edces de Xochicuautla, y los dem\u00e1s pueblos originarios y comunidades ind\u00edgenas han llegado profundo en nuestros montes, m\u00e1s profundo que sus carreteras y son m\u00e1s fuertes que sus esfuerzos por arrancarnos de este M\u00e9xico que hoy llora a sus j\u00f3venes asesinados y desaparecidos por el Mal Gobierno.<\/p>\n<p>Han vuelto a tomar por la fuerza la libertad de hermanas y hermanos ind\u00edgenas, lo ha vuelto a hacer este mal gobierno que no se sacia de llenar las c\u00e1rceles de hombres, mujeres, ni\u00f1os y ancianos rebeldes. Lo hicieron ya con nuestros hermanos yaquis y nahuas de la regi\u00f3n de los volcanes; y tantos otros que tambi\u00e9n nos duelen. A todos ellos les decimos que caminamos la misma lucha, como pueblos y comunidades que nos llamamos Congreso Nacional Ind\u00edgena. Y a esos o\u00eddos sordos de los malos gobiernos les decimos que sabemos que tienen miedo, pues eso demostraron sus 500 granaderos y helic\u00f3pteros de la polic\u00eda hoy en Xochicuautla, donde en diciembre pr\u00f3ximo convergeremos pueblos y comunidades \u00edndigenas para compartir nuestra rebeld\u00eda, lucha y semilla de resistencia.<\/p>\n<p style=\"text-align: center;\">\u00a1Su dolor es el nuestro, su rabia es la nuestra!<\/p>\n<p style=\"text-align: center;\">A 3 de noviembre de 2014.<\/p>\n<p style=\"text-align: center;\">Nunca M\u00e1s un M\u00e9xico sin Nosotros<\/p>\n<p style=\"text-align: center;\">Congreso Nacional Ind\u00edgena.<br \/>\nComit\u00e9 Clandestino Revolucionario Ind\u00edgena-Comandancia General del Ej\u00e9rcito Zapatista de Liberaci\u00f3n Nacional.<\/p>\n<p><\/p>","protected":false},"excerpt":{"rendered":"<p>DECLARACI\u00d3N CONJUNTA DEL CONGRESO NACIONAL IND\u00cdGENA Y EL EZLN SOBRE EL COBARDE ATAQUE DE FUERZAS GUBERNAMENTALES CONTRA LA COMUNIDAD IND\u00cdGENA \u00d1ATHO DE SAN FRANCISCO XOCHICUAUTLA, el d\u00eda 3 de noviembre del 2014. A la Comunidad ind\u00edgena \u00d1ath\u00f6 San Francisco Xochicuautla A la Sexta Nacional e Internacional A los Pueblos del Mundo Hoy, nuevamente nuestros hermanos [&hellip;]<\/p>\n","protected":false},"author":1,"featured_media":0,"comment_status":"open","ping_status":"closed","sticky":false,"template":"","format":"standard","meta":{"footnotes":""},"categories":[1024,943,955,118,954],"tags":[75,63,644,926,37,545,87,483,724],"class_list":["post-10946","post","type-post","status-publish","format-standard","hentry","category-cni-temas","category-cni","category-ezln-temas","category-ezln","category-mexico","tag-autopistas","tag-cni","tag-comunicados-ezln","tag-ezln","tag-presos-politicos","tag-pueblos-indigenas","tag-represion","tag-tierra-y-territorio","tag-xochicuautla"],"_links":{"self":[{"href":"https:\/\/radiozapatista.org\/index.php?rest_route=\/wp\/v2\/posts\/10946","targetHints":{"allow":["GET"]}}],"collection":[{"href":"https:\/\/radiozapatista.org\/index.php?rest_route=\/wp\/v2\/posts"}],"about":[{"href":"https:\/\/radiozapatista.org\/index.php?rest_route=\/wp\/v2\/types\/post"}],"author":[{"embeddable":true,"href":"https:\/\/radiozapatista.org\/index.php?rest_route=\/wp\/v2\/users\/1"}],"replies":[{"embeddable":true,"href":"https:\/\/radiozapatista.org\/index.php?rest_route=%2Fwp%2Fv2%2Fcomments&post=10946"}],"version-history":[{"count":0,"href":"https:\/\/radiozapatista.org\/index.php?rest_route=\/wp\/v2\/posts\/10946\/revisions"}],"wp:attachment":[{"href":"https:\/\/radiozapatista.org\/index.php?rest_route=%2Fwp%2Fv2%2Fmedia&parent=10946"}],"wp:term":[{"taxonomy":"category","embeddable":true,"href":"https:\/\/radiozapatista.org\/index.php?rest_route=%2Fwp%2Fv2%2Fcategories&post=10946"},{"taxonomy":"post_tag","embeddable":true,"href":"https:\/\/radiozapatista.org\/index.php?rest_route=%2Fwp%2Fv2%2Ftags&post=10946"}],"curies":[{"name":"wp","href":"https:\/\/api.w.org\/{rel}","templated":true}]}}