{"id":10928,"date":"2014-10-29T23:06:58","date_gmt":"2014-10-30T05:06:58","guid":{"rendered":"https:\/\/radiozapatista.org\/?p=10928"},"modified":"2017-07-04T08:30:11","modified_gmt":"2017-07-04T13:30:11","slug":"declaracion-conjunta-del-congreso-nacional-indigena-y-el-ezln-sobre-la-intromision-en-tierras-comunales-de-la-comunidad-indigena-natho-de-san-francisco-xochicuautla-y-el-atentado-contra-el-indigena-ya","status":"publish","type":"post","link":"https:\/\/radiozapatista.org\/?p=10928","title":{"rendered":"DECLARACI\u00d3N CONJUNTA DEL CONGRESO NACIONAL IND\u00cdGENA Y EL EZLN SOBRE LA INTROMISI\u00d3N EN TIERRAS COMUNALES DE LA COMUNIDAD IND\u00cdGENA \u00d1ATHO DE SAN FRANCISCO XOCHICUAUTLA Y EL ATENTADO CONTRA EL IND\u00cdGENA YAQUI LAURO BAUMEA"},"content":{"rendered":"<p>A la Comunidad ind\u00edgena \u00d1ath\u00f6 San Francisco Xochicuautla<br \/>\nA la Tribu Yaqui<br \/>\nA la Sexta Nacional e Internacional<br \/>\nA los Pueblos del Mundo<\/p>\n<p>Una vez m\u00e1s el dolor e indignaci\u00f3n de los pueblos en rebeld\u00eda y resistencia que conformamos el Congreso Nacional Ind\u00edgena unimos nuestras voces, rabia y dolor, ahora por nuestros espejos de la Comunidad Ind\u00edgena \u00d1atho de San Francisco Xochicuautla y por los defensores del Agua de la Tribu Yaqui.<\/p>\n<p>Nuestros hermanos y hermanas de Xochicuautla han defendido su bosque, oponi\u00e9ndose a la construcci\u00f3n de la autopista privada Toluca-Naucalpan, porque saben que de sus \u00e1rboles, de sus monta\u00f1as, de sus venas de agua surge la vida. Han ganado un amparo que proh\u00edbe los trabajos en sus tierras comunales y desde el 8 de octubre de este a\u00f1o, trabajadores de la empresa custodiados por grupos t\u00e1cticos de la secretaria de seguridad ciudadana del Estado de M\u00e9xico han estado invadiendo esas tierras, cortando cientos de \u00e1rboles, porque a los malos gobiernos no les importa si los de abajo usamos sus leyes para defendernos, de por s\u00ed las rompen con tal de destruirnos, porque para eso las construyen.<\/p>\n<p><!--more--><\/p>\n<p>En su comunidad hay actos de provocaci\u00f3n, persecuci\u00f3n, hostigamiento e intromisi\u00f3n ilegal al territorio comunal, la empresa constructora denominada Autovan S.A de C.V encabezada por un sujeto llamado Fernando Ambriz, irrumpi\u00f3 haciendo correr el rumor entre la poblaci\u00f3n que van a detener a los que no les permitan trabajar, pero la empresa no cuenta con un documento que avale su presencia en su territorio porque hay un juicio de amparo directo (48\/2014) que sentencia la nulidad de asambleas hechas para \u201cpermitir\u201d el paso del proyecto e invalida el convenio de ocupaci\u00f3n previa y todo lo referente a lo relacionado, cumpliendo as\u00ed la ejecutoria el magistrado Jorge J. de Silva Cano del tribunal unitario agrario con sede en Toluca.<\/p>\n<p>Nuevamente el Estado mexicano por medio del gobernador Eruviel \u00c1vila Villegas viola flagrantemente nuestros derechos y desacata los mandatos judiciales emitidos por los tribunales, utilizando una vez m\u00e1s la desviaci\u00f3n de poder, porque est\u00e1 en contra de nosotros, los pueblos originarios, porque le estorbamos para sus planes que est\u00e1n en contra de la vida y a favor de las empresas y el capitalismo.<\/p>\n<p>Nos duele tambi\u00e9n lo que les ocurre a nuestros hermanos de la milenaria y heroica Tribu Yaqui, quienes tambi\u00e9n defienden la vida y el agua, ahora atentando contra la vida del compa\u00f1ero Lauro Baumea, a quien le incendiaron dos carros adentro de su casa y le dijeron que la pr\u00f3xima vez no ser\u00edan carros lo que incendiar\u00edan.<\/p>\n<p>Estos atentados contra la vida est\u00e1n en todo nuestro pa\u00eds, porque las mafias peligrosas que son el Estado mexicano est\u00e1n en contra de todas las personas que defendemos a la tierra y sus recursos, utilizan el miedo y el terror porque piensan que as\u00ed los de abajo no nos vamos a mover, no nos vamos a organizar, pero esta guerra que sentimos y nos duele no nos va a aniquilar, porque el dolor y la rabia que sentimos nos une y construimos rebeld\u00eda y resistencia, y la dignidad que nutre nuestra lucha.<\/p>\n<p>\u00a1Exigimos que se respete el Bosque Otom\u00ed-Mexica y a la Comunidad Ind\u00edgena \u00d1atho de San Francisco Xochicuautla!<\/p>\n<p>\u00a1Exigimos la cancelaci\u00f3n de la Autopista Privada Toluca-Naucalpan y que se cumpla el amparo que protege el territorio \u00d1atho!<\/p>\n<p>\u00a1Exigimos que no se atente contra la vida de Lauro Baumea y la liberaci\u00f3n de Mario Luna y Fernando Jim\u00e9nez, hermanos de la Tribu Yaqui\u00a1<\/p>\n<p>\u00a1Su dolor es el nuestro, su rabia es la nuestra!<\/p>\n<p style=\"text-align: center;\">Nunca m\u00e1s un M\u00e9xico sin nosotros<\/p>\n<p style=\"text-align: center;\">A 28 de octubre del 2014.<br \/>\nCongreso Nacional Ind\u00edgena<br \/>\nComit\u00e9 Clandestino Revolucionario Ind\u00edgena &#8211; Comandancia General del<br \/>\nEj\u00e9rcito Zapatista de Liberaci\u00f3n Nacional<\/p>\n<p><\/p>","protected":false},"excerpt":{"rendered":"<p>A la Comunidad ind\u00edgena \u00d1ath\u00f6 San Francisco Xochicuautla A la Tribu Yaqui A la Sexta Nacional e Internacional A los Pueblos del Mundo Una vez m\u00e1s el dolor e indignaci\u00f3n de los pueblos en rebeld\u00eda y resistencia que conformamos el Congreso Nacional Ind\u00edgena unimos nuestras voces, rabia y dolor, ahora por nuestros espejos de la [&hellip;]<\/p>\n","protected":false},"author":1,"featured_media":0,"comment_status":"open","ping_status":"closed","sticky":false,"template":"","format":"standard","meta":{"footnotes":""},"categories":[943,1024,118,955,958,954],"tags":[63,644,926,774,724],"class_list":["post-10928","post","type-post","status-publish","format-standard","hentry","category-cni","category-cni-temas","category-ezln","category-ezln-temas","category-megaproyectos","category-mexico","tag-cni","tag-comunicados-ezln","tag-ezln","tag-tribu-yaqui","tag-xochicuautla"],"_links":{"self":[{"href":"https:\/\/radiozapatista.org\/index.php?rest_route=\/wp\/v2\/posts\/10928","targetHints":{"allow":["GET"]}}],"collection":[{"href":"https:\/\/radiozapatista.org\/index.php?rest_route=\/wp\/v2\/posts"}],"about":[{"href":"https:\/\/radiozapatista.org\/index.php?rest_route=\/wp\/v2\/types\/post"}],"author":[{"embeddable":true,"href":"https:\/\/radiozapatista.org\/index.php?rest_route=\/wp\/v2\/users\/1"}],"replies":[{"embeddable":true,"href":"https:\/\/radiozapatista.org\/index.php?rest_route=%2Fwp%2Fv2%2Fcomments&post=10928"}],"version-history":[{"count":0,"href":"https:\/\/radiozapatista.org\/index.php?rest_route=\/wp\/v2\/posts\/10928\/revisions"}],"wp:attachment":[{"href":"https:\/\/radiozapatista.org\/index.php?rest_route=%2Fwp%2Fv2%2Fmedia&parent=10928"}],"wp:term":[{"taxonomy":"category","embeddable":true,"href":"https:\/\/radiozapatista.org\/index.php?rest_route=%2Fwp%2Fv2%2Fcategories&post=10928"},{"taxonomy":"post_tag","embeddable":true,"href":"https:\/\/radiozapatista.org\/index.php?rest_route=%2Fwp%2Fv2%2Ftags&post=10928"}],"curies":[{"name":"wp","href":"https:\/\/api.w.org\/{rel}","templated":true}]}}