{"id":10760,"date":"2014-10-03T12:41:22","date_gmt":"2014-10-03T17:41:22","guid":{"rendered":"https:\/\/radiozapatista.org\/?p=10760"},"modified":"2014-10-03T12:43:10","modified_gmt":"2014-10-03T17:43:10","slug":"otro-2-de-octubre-en-nuestra-memoria","status":"publish","type":"post","link":"https:\/\/radiozapatista.org\/?p=10760","title":{"rendered":"<!--:es-->Otro 2 de octubre en nuestra memoria<!--:--><!--:en-->Another October 2 in Our Memory<!--:-->"},"content":{"rendered":"<p><!--:es--><\/p>\n<div><em><span style=\"font-size: small;\"><span style=\"font-family: Times New Roman;\"><strong>Por <span style=\"font-size: small;\"><span style=\"font-family: Times New Roman;\"><strong>E<\/strong><\/span>ugenia Guti\u00e9rrez<\/span><\/strong><\/span><\/span><\/em><\/div>\n<p><span style=\"font-family: Times New Roman; font-size: small;\"> <\/span><\/p>\n<div><span style=\"font-size: small;\"> <\/span><\/div>\n<p><span style=\"font-family: Times New Roman; font-size: small;\"> <\/span><\/p>\n<div><span style=\"font-size: small;\">Ha ordenado actos de represi\u00f3n que resultaron en violaciones masivas y dos asesinatos, ha sido acusado de comprar una presidencia y ha impulsado once reformas que benefician a mega empresarios, en su mayor\u00eda extranjeros, al tiempo que perjudican por generaciones al grueso de la poblaci\u00f3n mexicana. Estos m\u00e9ritos en su curr\u00edculum lo han llevado a recibir, en d\u00edas recientes, dos afamadas preseas de manos de la \u00e9lite econ\u00f3mica en Nueva York: el World Statesman Award, o Premio al Estadista Mundial, que otorga la Appeal for Conscience Foundation (Fundaci\u00f3n por un Llamado a la Conciencia) y el Global Citizen Award, o Premio al Ciudadano Global, que entrega el Atlantic Council (Consejo del Atl\u00e1ntico). Ambas preseas le son concedidas en reconocimiento, dicen los empresarios, a su valent\u00eda y su esfuerzo por convertir a M\u00e9xico en un pa\u00eds de clase mundial. En la misma ciudad de Nueva York y cobijado por sus dos premios, Enrique Pe\u00f1a Nieto pronuncia un discurso ante la Asamblea General de la ONU en su sesi\u00f3n 69, participa en la Asamblea Anual de la Alianza para los Gobiernos Abiertos, en la Primera Conferencia Mundial sobre los Pueblos Ind\u00edgenas y en la Cumbre sobre el Cambio Clim\u00e1tico. En su discurso ante la asamblea, y sin consultar siquiera al senado, ofrece la inclusi\u00f3n de M\u00e9xico en labores internacionales de apoyo al mantenimiento de la paz y el respeto a los derechos humanos por medio de la figura de cascos azules. Eso ocurre en los lujosos salones estadunidenses. Lo que sucede mientras tanto en las calles y veredas mexicanas resulta dif\u00edcil de creer.<\/span><\/div>\n<p><strong><!--:--><!--:en--><\/p>\n<p><!--:--><!--more--><!--:es--><\/strong><\/p>\n<div><span style=\"font-size: small;\">Este 2014 del M\u00e9xico ind\u00edgena y pobre recibe otro 2 de octubre con motivos suficientes para no olvidar lo ocurrido en 1968. En la Ciudad de M\u00e9xico, miles de j\u00f3venes estudiantes del Instituto Polit\u00e9cnico Nacional (IPN) tienen que saturar de protesta e indignaci\u00f3n las principales avenidas porque la directora y otras autoridades polit\u00e9cnicas subestiman la inteligencia estudiantil, su capacidad organizativa y su imaginaci\u00f3n. Las alumnas y los alumnos del IPN presentan diez demandas que apuntan a impedir que disminuya la calidad de su educaci\u00f3n. Desconocen como directora a Yolox\u00f3chitl Bustamante porque ella los desconoce como estudiantes. El 30 de septiembre se plantan afuera de la Secretar\u00eda de Gobernaci\u00f3n para entregar su pliego petitorio decidido en asamblea. Al ser un colectivo multitudinario que se niega a nombrar una peque\u00f1a comisi\u00f3n, reciben al secretario Miguel \u00c1ngel Osorio Chong en la calle y le abren un espacio en el templete para escucharlo leer sus demandas.<\/span><\/div>\n<p><span style=\"font-family: Times New Roman; font-size: small;\"> <\/span><\/p>\n<div><span style=\"font-size: small;\">En la cabecera municipal de Chil\u00f3n, Chiapas, durante la emblem\u00e1tica madrugada del 16 de septiembre, cinco muchachos tseltales que regresan de los festejos por la independencia nacional son emboscados por unos cuarenta polic\u00edas municipales. Dos j\u00f3venes logran escapar, pero tres son detenidos arbitrariamente y torturados por m\u00e1s de veinticuatro horas: Mario Aguilar Silvano de 20 a\u00f1os (quien no habla espa\u00f1ol), Roberto G\u00f3mez Hern\u00e1ndez de 23 a\u00f1os (padre de un ni\u00f1o de 4) y Juan Antonio G\u00f3mez Silvano de 20 a\u00f1os (padre de un beb\u00e9). El hermano de Juan Antonio, Juan Carlos G\u00f3mez Silvano, fue asesinado hace seis meses por la misma polic\u00eda. Seg\u00fan reporta el Centro de Derechos Humanos Fray Bartolom\u00e9 de las Casas (24 de septiembre de 2014, bolet\u00edn de prensa No. 26), el agente del ministerio p\u00fablico Rodolfo Manuel G\u00f3mez Guti\u00e9rrez presencia la tortura que obliga a los tres muchachos a autoinculparse estampando sus huellas digitales en una declaraci\u00f3n que no saben leer. Sin acceso a un abogado de su confianza y sin traductor, se les acusa de haber herido a un polic\u00eda. Primero les es fijada una fianza de 300 mil pesos a cada uno por lesiones calificadas. D\u00edas despu\u00e9s les dicta auto de formal prisi\u00f3n el juez Omar Eler\u00eda Reyes por homicidio en grado de tentativa, ya sin derecho a fianza. El 24 de septiembre se les encarcela en Ocosingo, Chiapas, en el Centro Estatal para la Reinserci\u00f3n Social de Sentenciados N\u00famero 16, aunque no est\u00e1n sentenciados. Los tres son adherentes de la <em>Sexta Declaraci\u00f3n de la Selva Lacandona <\/em>en el Ejido San Jer\u00f3nimo Bachaj\u00f3n. Ah\u00ed, la Asamblea General de Ejidatarios y Ejidatarias lucha contra la construcci\u00f3n arbitraria de la autopista San Crist\u00f3bal de las Casas-Palenque que conllevar\u00eda la p\u00e9rdida de sus tierras de cultivo y su territorio ind\u00edgena.<\/span><\/div>\n<p><span style=\"font-family: Times New Roman; font-size: small;\"> <\/span><\/p>\n<div><span style=\"font-size: small;\">En Iguala, Guerrero, seis personas mueren asesinadas la noche del 26 y la madrugada del 27 de septiembre a manos de decenas de polic\u00edas municipales, apoyados por sus compa\u00f1eros de un grupo criminal. La ciudad presencia durante horas la cacer\u00eda contra estudiantes de la Normal Rural Ra\u00fal Isidro Burgos de Ayotzinapa que comienzan a ser perseguidos tras un festejo de Mar\u00eda de los \u00c1ngeles Pineda (esposa del alcalde Jos\u00e9 Luis Abarca) en el centro de la ciudad. Pineda baila despu\u00e9s de rendir su informe anual de actividades como presidenta local del Desarrollo Integral de la Familia (DIF). Sus guardaespaldas sueltan disparos al aire para ahuyentar a los estudiantes que toman tres camiones de l\u00ednea para escapar. Los polic\u00edas abren fuego indiscriminado contra los autobuses en que los estudiantes se alejan. A lo largo de la noche, los polic\u00edas asesinan a tres futuros profesores normalistas: Julio C\u00e9sar Ram\u00edrez Nava, Daniel Sol\u00eds Gallardo y Julio C\u00e9sar Mondrag\u00f3n. Al confundir un autob\u00fas del equipo de futbol Avispones de Chilpancingo, los polic\u00edas matan al joven futbolista David Josu\u00e9 Garc\u00eda Evangelista y al conductor del autob\u00fas, V\u00edctor Manuel Lugo. El director t\u00e9cnico del equipo, Pedro Renter\u00eda, queda gravemente herido. En la escena muere tambi\u00e9n la se\u00f1ora Blanca Montiel S\u00e1nchez, quien viajaba en un taxi. Hay un n\u00famero indefinido de personas heridas y m\u00e1s de cuarenta estudiantes desaparecidos. En la madrugada del s\u00e1bado 27 de septiembre, varias patrullas se los llevan con rumbo desconocido. A pesar de haber consignado a 22 polic\u00edas por estos cr\u00edmenes y de haber montado un operativo de b\u00fasqueda, cinco d\u00edas despu\u00e9s de los ataques ni el procurador estatal I\u00f1aki Blanco ni el gobernador \u00c1ngel Aguirre informan d\u00f3nde est\u00e1n los muchachos.<\/span><\/div>\n<p><span style=\"font-family: Times New Roman; font-size: small;\"> <\/span><\/p>\n<div><span style=\"font-size: small;\">Desde el desierto de Sonora, un contingente de yaquis se traslada hacia la Ciudad de M\u00e9xico para unirse a estudiantes del IPN, de la UNAM, de la UAM y de la UACM que, junto con otros centros de estudio y diversas organizaciones sociales, marchar\u00e1n este 2 de octubre por la consecuci\u00f3n de sus derechos. Les impulsa la memoria de quienes murieron asesinados por el ej\u00e9rcito mexicano hace 46 a\u00f1os cuando exig\u00edan, entre otras cosas, la desaparici\u00f3n del cuerpo de granaderos. Una comisi\u00f3n de la legendaria Tribu Yaqui se une a la marcha en un contexto de persecuci\u00f3n por parte del gobernador Guillermo Padr\u00e9s El\u00edas, pues se oponen al robo de millones de metros c\u00fabicos de agua propiedad de la naci\u00f3n. Les han encarcelado a su secretario y vocero, Mario Luna Romero, y les han girado varias \u00f3rdenes de aprehensi\u00f3n en el marco de una lucha contra la construcci\u00f3n del Acueducto Independencia y de una represa dentro de un rancho del gobernador de Sonora. En esas tierras del norte, el Grupo M\u00e9xico y su due\u00f1o Germ\u00e1n Larrea contaminan libremente las aguas del R\u00edo Sonora poniendo en riesgo miles de vidas. Son responsables de uno de los peores derrames t\u00f3xicos que hemos presenciado, pero ellos no ser\u00e1n perseguidos. Y aunque la Suprema Corte de Justicia de la Naci\u00f3n resuelva en aclaraci\u00f3n de sentencia (631\/2012) que la construcci\u00f3n del acueducto puede suspenderse si la comunidad afectada as\u00ed lo propone en consulta, los yaquis deben movilizarse para enfrentar la violencia institucional.<\/span><\/div>\n<p><span style=\"font-family: Times New Roman; font-size: small;\"> <\/span><\/p>\n<div><span style=\"font-size: small;\">Unas fotograf\u00edas entregadas el 24 de septiembre a la agencia mexicana de noticias MVT son ampliamente difundidas por la prensa. Refuerzan los reportes de la agencia AP y de la revista <em>Esquire <\/em>sobre la forma en que veintid\u00f3s soldados del ej\u00e9rcito mexicano podr\u00edan haber masacrado en junio a veintid\u00f3s personas armadas (veinti\u00fan hombres y una mujer) en una bodega de Tlatlaya, Estado de M\u00e9xico, cuando ya se hab\u00edan rendido. <\/span><\/div>\n<p><span style=\"font-family: Times New Roman; font-size: small;\"> <\/span><\/p>\n<div><span style=\"font-size: small;\">Todo indica que, mientras Enrique Pe\u00f1a Nieto prepara los cascos azules que ofreci\u00f3 amablemente en la ONU, sus asesores de imagen internacional tienen mucho rojo que limpiar. En el contexto nacional, sin embargo, las verdades que nos grita la realidad cotidiana opacan los discursos vac\u00edos que a pocos interesan y que casi nadie lee. Si vamos a hablar de derechos humanos ante el mundo tenemos que hacerlo desde los movimientos sociales, desde el M\u00e9xico de las presas y los presos pol\u00edticos o de las personas desaparecidas y asesinadas. El mismo M\u00e9xico donde los pueblos ind\u00edgenas luchan por su autonom\u00eda y donde adherentes de la <em>Sexta<\/em> preparan un primer festival mundial de las resistencias y las rebeld\u00edas convocado por el EZLN y el CNI. <\/span><\/div>\n<p><span style=\"font-family: Times New Roman; font-size: small;\"> <\/span><\/p>\n<div><span style=\"font-size: small;\">Mientras no se esclarezca lo que ocurri\u00f3 ni lo que ocurre y mientras no haya responsables que respondan por los actos de barbarie de antes y de ahora, el 2 de octubre va a seguir en nuestra memoria como una herida abierta que no se olvida nunca.<\/span><\/div>\n<p><span style=\"font-family: Times New Roman; font-size: small;\"> <\/span><\/p>\n<div><span style=\"font-size: small;\"> <\/span><\/div>\n<p><span style=\"font-family: Times New Roman; font-size: small;\"> <\/span><\/p>\n<div><span style=\"font-size: small;\"> <\/span><\/div>\n<p><!--:--><!--:en--><\/p>\n<p><!--:--><\/p>\n","protected":false},"excerpt":{"rendered":"<p>Por Eugenia Guti\u00e9rrez Ha ordenado actos de represi\u00f3n que resultaron en violaciones masivas y dos asesinatos, ha sido acusado de comprar una presidencia y ha impulsado once reformas que benefician a mega empresarios, en su mayor\u00eda extranjeros, al tiempo que perjudican por generaciones al grueso de la poblaci\u00f3n mexicana. Estos m\u00e9ritos en su curr\u00edculum lo [&hellip;]<\/p>\n","protected":false},"author":1,"featured_media":0,"comment_status":"open","ping_status":"closed","sticky":false,"template":"","format":"standard","meta":{"footnotes":""},"categories":[1,190],"tags":[579,61,593,545,643,87,483,774],"class_list":["post-10760","post","type-post","status-publish","format-standard","hentry","category-audio","category-radiozapatista","tag-agua","tag-bachajon","tag-enrique-pena-nieto","tag-pueblos-indigenas","tag-reformas-neoliberales","tag-represion","tag-tierra-y-territorio","tag-tribu-yaqui"],"_links":{"self":[{"href":"https:\/\/radiozapatista.org\/index.php?rest_route=\/wp\/v2\/posts\/10760","targetHints":{"allow":["GET"]}}],"collection":[{"href":"https:\/\/radiozapatista.org\/index.php?rest_route=\/wp\/v2\/posts"}],"about":[{"href":"https:\/\/radiozapatista.org\/index.php?rest_route=\/wp\/v2\/types\/post"}],"author":[{"embeddable":true,"href":"https:\/\/radiozapatista.org\/index.php?rest_route=\/wp\/v2\/users\/1"}],"replies":[{"embeddable":true,"href":"https:\/\/radiozapatista.org\/index.php?rest_route=%2Fwp%2Fv2%2Fcomments&post=10760"}],"version-history":[{"count":0,"href":"https:\/\/radiozapatista.org\/index.php?rest_route=\/wp\/v2\/posts\/10760\/revisions"}],"wp:attachment":[{"href":"https:\/\/radiozapatista.org\/index.php?rest_route=%2Fwp%2Fv2%2Fmedia&parent=10760"}],"wp:term":[{"taxonomy":"category","embeddable":true,"href":"https:\/\/radiozapatista.org\/index.php?rest_route=%2Fwp%2Fv2%2Fcategories&post=10760"},{"taxonomy":"post_tag","embeddable":true,"href":"https:\/\/radiozapatista.org\/index.php?rest_route=%2Fwp%2Fv2%2Ftags&post=10760"}],"curies":[{"name":"wp","href":"https:\/\/api.w.org\/{rel}","templated":true}]}}