{"id":1074,"date":"2010-11-22T23:12:47","date_gmt":"2010-11-23T05:12:47","guid":{"rendered":"https:\/\/radiozapatista.org\/?p=1074"},"modified":"2010-11-24T23:20:22","modified_gmt":"2010-11-25T05:20:22","slug":"situacion-de-los-ejidatarios-de-tila-chiapas","status":"publish","type":"post","link":"https:\/\/radiozapatista.org\/?p=1074","title":{"rendered":"Situaci\u00f3n de los ejidatarios de Tila, Chiapas"},"content":{"rendered":"<p><span style=\"font-family: Arial;\">La Suprema Corte de Justicia de la Naci\u00f3n tiene en sus manos detener el despojo de 130 hect\u00e1reas <\/span>del los ejidatarios de T\u00edla por parte del Gobierno del Estado. Ricardo, integrante Frayba nos platica en que va el caso.<\/p>","protected":false},"excerpt":{"rendered":"<p>La Suprema Corte de Justicia de la Naci\u00f3n tiene en sus manos detener el despojo de 130 hect\u00e1reas del los ejidatarios de T\u00edla por parte del Gobierno del Estado. Ricardo, integrante Frayba nos platica en que va el caso.<\/p>\n","protected":false},"author":1,"featured_media":0,"comment_status":"open","ping_status":"open","sticky":false,"template":"","format":"standard","meta":{"footnotes":""},"categories":[1,51,6,55],"tags":[917,925,53,96,95],"class_list":["post-1074","post","type-post","status-publish","format-standard","hentry","category-audio","category-autor","category-chiapas","category-frayba","tag-chiapas","tag-frayba","tag-justicia","tag-tierra","tag-tila"],"_links":{"self":[{"href":"https:\/\/radiozapatista.org\/index.php?rest_route=\/wp\/v2\/posts\/1074","targetHints":{"allow":["GET"]}}],"collection":[{"href":"https:\/\/radiozapatista.org\/index.php?rest_route=\/wp\/v2\/posts"}],"about":[{"href":"https:\/\/radiozapatista.org\/index.php?rest_route=\/wp\/v2\/types\/post"}],"author":[{"embeddable":true,"href":"https:\/\/radiozapatista.org\/index.php?rest_route=\/wp\/v2\/users\/1"}],"replies":[{"embeddable":true,"href":"https:\/\/radiozapatista.org\/index.php?rest_route=%2Fwp%2Fv2%2Fcomments&post=1074"}],"version-history":[{"count":0,"href":"https:\/\/radiozapatista.org\/index.php?rest_route=\/wp\/v2\/posts\/1074\/revisions"}],"wp:attachment":[{"href":"https:\/\/radiozapatista.org\/index.php?rest_route=%2Fwp%2Fv2%2Fmedia&parent=1074"}],"wp:term":[{"taxonomy":"category","embeddable":true,"href":"https:\/\/radiozapatista.org\/index.php?rest_route=%2Fwp%2Fv2%2Fcategories&post=1074"},{"taxonomy":"post_tag","embeddable":true,"href":"https:\/\/radiozapatista.org\/index.php?rest_route=%2Fwp%2Fv2%2Ftags&post=1074"}],"curies":[{"name":"wp","href":"https:\/\/api.w.org\/{rel}","templated":true}]}}